{"id":260511,"date":"2024-05-04T22:37:32","date_gmt":"2024-05-05T02:37:32","guid":{"rendered":"https:\/\/unifranz.edu.bo\/?p=260511"},"modified":"2024-05-04T22:44:08","modified_gmt":"2024-05-05T02:44:08","slug":"10-destinos-turisticos-imperdibles-en-bolivia","status":"publish","type":"post","link":"https:\/\/unifranz.edu.bo\/pt\/carreras\/10-destinos-turisticos-imperdibles-en-bolivia\/","title":{"rendered":"10 destinos tur\u00edsticos imperdibles en Bolivia"},"content":{"rendered":"<p><span style=\"font-weight: 400; color: #000000;\">Desde la cordillera y el altiplano hasta los llanos y la amazon\u00eda, Bolivia est\u00e1 llena de espectaculares vistas, tesoros arqueol\u00f3gicos y una cultura milenaria que atrae a miles de turistas extranjeros y nacionales.<\/span><\/p>\n<p><span style=\"font-weight: 400; color: #000000;\">De acuerdo con Javier Rivera, director de la carrera de Administraci\u00f3n de Hoteler\u00eda y Turismo de la Universidad Franz Tamayo, Unifranz, Bolivia cuenta con un potencial tur\u00edstico inigualable y \u00fanico en el mundo.<\/span><\/p>\n<p><span style=\"font-weight: 400; color: #000000;\">\u201cIndependientemente del tipo de turista, usualmente, las personas que llegan a Bolivia lo hacen buscando dos tipos de experiencias. Por un lado, la belleza natural de sitios que no van a poder encontrar en otras partes del mundo, como el Salar de Uyuni o el Madidi y, por otra parte, buscan el turismo cultural. En este sentido, intentan conectar con las culturas locales, aprender de ellas, ver sus procesos de producci\u00f3n, ver todo el conocimiento adquirido a trav\u00e9s de generaciones y eso se ve a trav\u00e9s de su cultura. Todo aquello que es resaltante como la belleza del Salar, la exuberancia del Madidi o la experiencia de vivir en una ciudad de altura como La Paz son los detonantes que llaman la atenci\u00f3n del que se anima visitar Bolivia\u201d, dice el experto.<\/span><\/p>\n<p><span style=\"font-weight: 400; color: #000000;\">Por su parte, Enrique Saravia, presidente de la Asociaci\u00f3n Boliviana de Turismo Receptivo indica que es una prioridad para el pa\u00eds promocionar nuestros principales destinos en los mercados internacionales con el objetivo de atraer a turistas internacionales y generar un mayor ingreso de divisas al pa\u00eds.<\/span><\/p>\n<p><span style=\"font-weight: 400; color: #000000;\">\u201cTenemos que elaborar pol\u00edticas de promoci\u00f3n conjuntas y atraer a turistas que vengan y vuelvan a Bolivia\u201d, agrega.<\/span><\/p>\n<p><span style=\"color: #000000;\"><b>Los destinos imperdibles<\/b><\/span><\/p>\n<p><span style=\"font-weight: 400; color: #000000;\">Saravia indica que existe una infinidad de destinos tur\u00edsticos en el pa\u00eds, los cuales se acomodan a diferentes tipos de turistas, pero, en su opini\u00f3n, 10 destacan por sobre el resto.<\/span><\/p>\n<ul>\n<li aria-level=\"1\"><span style=\"color: #000000;\"><b>Salar de Uyuni y las lagunas de colores<\/b><\/span><\/li>\n<\/ul>\n<p><span style=\"font-weight: 400; color: #000000;\">\u201cComenzando el viaje, el Salar de Uyuni, uno de nuestros destinos estrella se sit\u00faa en lo m\u00e1s alto de la lista, con su paisaje de otro planeta, las noches estrelladas, los paseos por el desierto de sal y sus hermosos hoteles\u201d, indica.<\/span><\/p>\n<p><span style=\"font-weight: 400; color: #000000;\">El Salar de Uyuni es el desierto de sal m\u00e1s alto y grande del mundo. Su extensi\u00f3n es de, aproximadamente, 12.000 km2. Adem\u00e1s, es la mayor reserva mundial de litio del continente.<\/span><\/p>\n<p><span style=\"font-weight: 400; color: #000000;\">En \u00e9poca de lluvias, el agua queda en la superficie del Salar y produce un reflejo como el de un espejo. Muchos turistas lo visitan\u00a0s\u00f3lo para apreciar ese paisaje ya que\u00a0el horizonte se pierde en el reflejo, el cielo se confunde con \u00e9l y parecer\u00eda flotar en las nubes.\u00a0<\/span><\/p>\n<p><span style=\"font-weight: 400; color: #000000;\">El \u00abefecto espejo\u00bb del salar permite crear videos de 360\u00b0 y unas fotograf\u00edas incre\u00edbles. Adem\u00e1s de la sensaci\u00f3n de estar realmente flotando entre el cielo y la tierra. Durante la \u00e9poca seca, la magnificencia del paisaje es ideal para las fotos en perspectiva.<\/span><\/p>\n<p><span style=\"font-weight: 400; color: #000000;\">Por su parte, las lagunas de colores, llamadas as\u00ed por las distintas tonalidades que presentan, debido al contenido de minerales que poseen ofrece paisajes impresionantes y una gran cantidad de fauna aut\u00f3ctona de aves que las visitan.<\/span><\/p>\n<ul>\n<li aria-level=\"1\"><span style=\"color: #000000;\"><b>El fuerte de Samaipata<\/b><\/span><\/li>\n<\/ul>\n<p><span style=\"font-weight: 400; color: #000000;\">Con su clima c\u00e1lido y su gente hospitalaria, Samaipata se ha ganado el coraz\u00f3n de los turistas internacionales que llegan cada a\u00f1o al municipio ubicado en el departamento de Santa Cruz, a visitar su m\u00e1s grande atractivo, \u201cEl Fuerte\u201d, una roca tallada de hace m\u00e1s de 2 mil a\u00f1os, declarada por la Unesco como Patrimonio Cultural de la Humanidad.\u00a0<\/span><\/p>\n<p><span style=\"font-weight: 400; color: #000000;\">Samaipata es, adem\u00e1s, un sitio de encuentro de muchas culturas donde se festeja el Lucero del Alba, que para la cultura Guaran\u00ed significa el inicio de un nuevo amanecer renovando las esperanzas y la luz que los encamina a la \u201ctierra sin mal\u201d.<\/span><\/p>\n<p><span style=\"font-weight: 400; color: #000000;\">Saravia se\u00f1ala que este destino es un gran refugio natural para las personas que buscan alejarse del bullicio de la ciudad.<\/span><\/p>\n<ul>\n<li aria-level=\"1\"><span style=\"color: #000000;\"><b>La cordillera Real\u00a0<\/b><\/span><\/li>\n<\/ul>\n<p><span style=\"font-weight: 400; color: #000000;\">\u201cLas monta\u00f1as nevadas de la cordillera Real ofrecen a los turistas, no s\u00f3lo vistas espectaculares, sino tambi\u00e9n la oportunidad \u00fanica de escalar algunas de las cumbres m\u00e1s hermosas de los Andes\u201d, expresa el presidente de Abatur.<\/span><\/p>\n<p><span style=\"font-weight: 400; color: #000000;\">La cordillera Real, ubicada en el departamento de La Paz, se alza como una barrera natural entre los andes y la amazon\u00eda, un lugar lleno de magia y cultura, desde sus estribaciones transcurre el agua que alimenta los bosques amaz\u00f3nicos y el altiplano.<\/span><\/p>\n<p><span style=\"font-weight: 400; color: #000000;\">Con nevados de alturas que fluct\u00faan entre 5.500 metros y 6.500 metros sobre el nivel del mar, conforman una cadena monta\u00f1osa de 600 nevados que se suceden en una longitud aproximada de 200 kil\u00f3metros. Dividen el altiplano a 4.000 metros de altura y la regi\u00f3n amaz\u00f3nica a 500 metros.<\/span><\/p>\n<p><span style=\"color: #000000;\"><span style=\"font-weight: 400;\">Las distintas cumbres de la cordillera desaf\u00edan la pr\u00e1ctica del andinismo, brindando la oportunidad de realizar en ellas escalada en roca y hielo, ascensiones, caminatas por caminos prehisp\u00e1nicos, esqu\u00ed de traves\u00eda, esqu\u00ed alpino (5.100 a 5.300 mts.), <\/span><i><span style=\"font-weight: 400;\">trekking <\/span><\/i><span style=\"font-weight: 400;\">y bicicleta de monta\u00f1a (Zongo), adem\u00e1s de experimentar sensaciones de profunda paz y serenidad al admirar las aguas de sus lagunas con escenarios y paisajes realmente fascinantes.<\/span><\/span><\/p>\n<figure id=\"attachment_260516\" aria-describedby=\"caption-attachment-260516\" style=\"width: 904px\" class=\"wp-caption aligncenter\"><img loading=\"lazy\" decoding=\"async\" class=\"wp-image-260516\" src=\"https:\/\/unifranz.edu.bo\/wp-content\/uploads\/2024\/05\/cordillera-real2-1-300x168.jpg\" alt=\"\" width=\"904\" height=\"506\" srcset=\"https:\/\/unifranz.edu.bo\/wp-content\/uploads\/2024\/05\/cordillera-real2-1-300x168.jpg 300w, https:\/\/unifranz.edu.bo\/wp-content\/uploads\/2024\/05\/cordillera-real2-1-768x429.jpg 768w, https:\/\/unifranz.edu.bo\/wp-content\/uploads\/2024\/05\/cordillera-real2-1-18x10.jpg 18w, https:\/\/unifranz.edu.bo\/wp-content\/uploads\/2024\/05\/cordillera-real2-1.jpg 770w\" sizes=\"auto, (max-width: 904px) 100vw, 904px\" \/><figcaption id=\"caption-attachment-260516\" class=\"wp-caption-text\"><span style=\"color: #000000;\"><em>La cordillera Real, ubicada en el departamento de La Paz, se alza como una barrera natural.<\/em><\/span><\/figcaption><\/figure>\n<p>&nbsp;<\/p>\n<ul>\n<li aria-level=\"1\"><span style=\"color: #000000;\"><b>El camino del Takesi<\/b><\/span><\/li>\n<\/ul>\n<p><span style=\"font-weight: 400; color: #000000;\">Este camino precolombino, que comienza en las faldas de la cordillera y llega hasta la localidad de Yanacachi en los Yungas de La Paz forma parte del camino del inca o Qhapac \u00d1an, una red de senderos que se extiende desde Ecuador, en el norte, hasta Argentina y Chile, en el sur.<\/span><\/p>\n<p><span style=\"color: #000000;\"><span style=\"font-weight: 400;\">\u201cA trav\u00e9s de este camino se puede ver el cambio de microclimas desde el altiplano, pasando por la cordillera hasta los valles yungue\u00f1os, es una experiencia de <\/span><i><span style=\"font-weight: 400;\">trekking <\/span><\/i><span style=\"font-weight: 400;\">llena de hermosos paisajes y cultura, ya que las piedras por las cuales se camina llevan cientos de a\u00f1os ah\u00ed, puestas por las culturas que nos precedieron\u201d, agrega Saravia.<\/span><\/span><\/p>\n<ul>\n<li aria-level=\"1\"><span style=\"color: #000000;\"><b>El Madidi y la amazon\u00eda<\/b><\/span><\/li>\n<\/ul>\n<p><span style=\"font-weight: 400; color: #000000;\">El Madidi es la reserva natural y \u00e1rea protegida m\u00e1s rica del mundo, que se expresa en la diversidad de ecosistemas y de especies de flora y fauna. Contiene 12 grandes formaciones vegetales, el mejor ejemplo de sabanas pr\u00edstinas y los bosques montanos m\u00e1s extensos y mejor conservados de Bolivia.\u00a0<\/span><\/p>\n<p><span style=\"font-weight: 400; color: #000000;\">Hasta el momento se han identificado en el \u00e1rea 193 familias y 8.244 especies de plantas vasculares, lo que representa alrededor del 60% de la flora boliviana. De estas especies, 110 son nuevas para Bolivia y 93 end\u00e9micas. Madidi alberga, asimismo, una diversidad de animales, confirm\u00e1ndose la presencia de 1.466 especies de vertebrados. Se estima que, en la medida en que aumente la informaci\u00f3n cient\u00edfica sobre la regi\u00f3n, el n\u00famero de vertebrados podr\u00eda superar las 2.000 especies.<\/span><\/p>\n<p><span style=\"font-weight: 400; color: #000000;\">Por otra parte, es un \u00e1rea de gran diversidad cultural, habitada por diversos grupos culturales de habla tacana:\u00a0toromonas, araonas, ixiamas, tacanas, cavinas, esse ejjas, uchupiamonas, eparamonas y pamainos. Tambi\u00e9n compartieron el territorio comunidades de origen\u00a0leco.<\/span><\/p>\n<ul>\n<li aria-level=\"1\"><span style=\"color: #000000;\"><b>Toro Toro<\/b><\/span><\/li>\n<\/ul>\n<p><span style=\"font-weight: 400; color: #000000;\">Ubicado en el departamento de Potos\u00ed. El parque nacional de Toro Toro es un lugar detenido en el tiempo, marcado por las huellas que dejaron los dinosaurios que pasearon por sus tierras hace millones de a\u00f1os.\u00a0\u00a0 \u00a0<\/span><\/p>\n<p><span style=\"font-weight: 400; color: #000000;\">Su ca\u00f1\u00f3n, el Vergel, la cueva de Umajalanta y la Ciudad de Itas son otros de los atractivos que ofrece este destino, que adem\u00e1s es un punto mundial para la observaci\u00f3n de aves y el ecoturismo en el pa\u00eds.<\/span><\/p>\n<ul>\n<li aria-level=\"1\"><span style=\"color: #000000;\"><b>La Chiquitania<\/b><\/span><\/li>\n<\/ul>\n<p><span style=\"font-weight: 400; color: #000000;\">Las misiones jesu\u00edticas de la Chiquitania en el departamento de Santa Cruz, desde 1990, son\u00a0Patrimonio de la Humanidad seg\u00fan la Unesco.\u00a0Son el fruto de las evangelizaciones que los jesuitas hicieron en la zona.\u00a0<\/span><\/p>\n<p><span style=\"font-weight: 400; color: #000000;\">El clima c\u00e1lido, los hermosos paisajes, su arquitectura \u00fanica y su m\u00fasica, preservada en el tiempo son los mayores atractivos de esta zona, compuesta por seis poblaciones: San Javier, Concepci\u00f3n, Santa Ana, San Miguel, San Rafael y San Jos\u00e9\u00a0ubicadas en la\u00a0provincia de Chiquitos\u00a0en el\u00a0departamento de\u00a0Santa Cruz.<\/span><\/p>\n<ul>\n<li aria-level=\"1\"><span style=\"color: #000000;\"><b>Valle de los Cintis<\/b><\/span><\/li>\n<\/ul>\n<p><span style=\"font-weight: 400; color: #000000;\">El Valle de los Cintis se conoce por producir vinos y singanis. Es por eso, que en el lugar se pueden observar bodegas y parras que datan de, aproximadamente, 1584.<\/span><\/p>\n<p><span style=\"font-weight: 400; color: #000000;\">Dentro del valle se encuentra El vi\u00f1edo de San Roque, un lugar donde se pueden avistar las vides m\u00e1s antiguas de toda Sudam\u00e9rica.\u00a0<\/span><\/p>\n<p><span style=\"font-weight: 400; color: #000000;\">Adem\u00e1s del vi\u00f1edo de San Roque, existen otros atractivos tur\u00edsticos como Los D\u00f3lmenes, el Valle de los Petroglifos y las pozas de Villa Abecia, un complejo piscinas naturales que son alimentadas por peque\u00f1as cascadas.<\/span><\/p>\n<ul>\n<li aria-level=\"1\"><span style=\"color: #000000;\"><b>Villa Tunari y el tr\u00f3pico de Cochabamba<\/b><\/span><\/li>\n<\/ul>\n<p><span style=\"font-weight: 400; color: #000000;\">Villa Tunari y sus alrededores son ideales para hacer turismo de aventura y ecol\u00f3gico. Entre las muchas actividades que se pueden realizar se encuentran\u00a0 las tranquilas caminatas y el cruce del puente a dos cuerdas canoping y rapel.<\/span><\/p>\n<p><span style=\"font-weight: 400; color: #000000;\">Durante el recorrido se pueden encontrar abundantes r\u00edos y arroyos, lugares de fant\u00e1stica belleza tropical y pozas naturales de aguas cristalinas.<\/span><\/p>\n<p><span style=\"font-weight: 400; color: #000000;\">Adicionalmente, gracias a sus turbulentas aguas, el r\u00edo San Mateo es ideal para la pr\u00e1ctica del rafting, adem\u00e1s el descenso por las balsas permite apreciar la belleza del Chapare en medio de la emoci\u00f3n y adrenalina que este deporte genera.<\/span><\/p>\n<figure id=\"attachment_260520\" aria-describedby=\"caption-attachment-260520\" style=\"width: 896px\" class=\"wp-caption aligncenter\"><img loading=\"lazy\" decoding=\"async\" class=\"wp-image-260520\" src=\"https:\/\/unifranz.edu.bo\/wp-content\/uploads\/2024\/05\/cascada-amor-villa-tunari-1-300x168.jpg\" alt=\"\" width=\"896\" height=\"502\" srcset=\"https:\/\/unifranz.edu.bo\/wp-content\/uploads\/2024\/05\/cascada-amor-villa-tunari-1-300x168.jpg 300w, https:\/\/unifranz.edu.bo\/wp-content\/uploads\/2024\/05\/cascada-amor-villa-tunari-1-768x429.jpg 768w, https:\/\/unifranz.edu.bo\/wp-content\/uploads\/2024\/05\/cascada-amor-villa-tunari-1-18x10.jpg 18w, https:\/\/unifranz.edu.bo\/wp-content\/uploads\/2024\/05\/cascada-amor-villa-tunari-1.jpg 770w\" sizes=\"auto, (max-width: 896px) 100vw, 896px\" \/><figcaption id=\"caption-attachment-260520\" class=\"wp-caption-text\"><span style=\"color: #000000;\"><em>Cascada amor en Villa Tunari (Cochabamba).<\/em><\/span><\/figcaption><\/figure>\n<ul>\n<li aria-level=\"1\"><span style=\"color: #000000;\"><b>Islas del Sol y de la Luna<\/b><\/span><\/li>\n<\/ul>\n<p><span style=\"font-weight: 400; color: #000000;\">La Isla del Sol es un destino de gran belleza con terrazas de cultivos y el lago azul de fondo. Adem\u00e1s, es un sitio muy especial ya que se considera el lugar donde se inici\u00f3 el\u00a0imperio Inca. En ese per\u00edodo era un santuario con un templo con v\u00edrgenes dedicadas al dios Sol. En la actualidad la isla est\u00e1 poblada por ind\u00edgenas de origen quechua y aymara, dedicados a la agricultura, el turismo, la artesan\u00eda y el pastoreo.\u00a0<\/span><\/p>\n<p><span style=\"font-weight: 400; color: #000000;\">La\u00a0Isla de la Luna\u00a0es de menor tama\u00f1o. Se puede llegar en lancha desde la Isla del Sol o Copacabana. Es el hogar de comunidades originarias y tiene menor desarrollo para el turismo. La isla es elegida por aquellos que quieren visitar un lugar con menos turistas respecto a la Isla del Sol. Entre los sitios para conocer se encuentra el\u00a0Palacio de las V\u00edrgenes y el\u00a0templo de la luna\u00a0\u00abI\u00f1ak Uyu\u00bb.<\/span><\/p>\n<figure id=\"attachment_260519\" aria-describedby=\"caption-attachment-260519\" style=\"width: 864px\" class=\"wp-caption aligncenter\"><img loading=\"lazy\" decoding=\"async\" class=\"wp-image-260519\" src=\"https:\/\/unifranz.edu.bo\/wp-content\/uploads\/2024\/05\/isla-del-sol1-1-300x168.jpg\" alt=\"\" width=\"864\" height=\"484\" srcset=\"https:\/\/unifranz.edu.bo\/wp-content\/uploads\/2024\/05\/isla-del-sol1-1-300x168.jpg 300w, https:\/\/unifranz.edu.bo\/wp-content\/uploads\/2024\/05\/isla-del-sol1-1-768x429.jpg 768w, https:\/\/unifranz.edu.bo\/wp-content\/uploads\/2024\/05\/isla-del-sol1-1-18x10.jpg 18w, https:\/\/unifranz.edu.bo\/wp-content\/uploads\/2024\/05\/isla-del-sol1-1.jpg 770w\" sizes=\"auto, (max-width: 864px) 100vw, 864px\" \/><figcaption id=\"caption-attachment-260519\" class=\"wp-caption-text\"><em><span style=\"color: #000000;\">La Isla del Sol es un destino de gran belleza con terrazas de cultivos y el lago azul de fondo.<\/span><\/em><\/figcaption><\/figure>\n<p><span style=\"color: #000000;\"><b>Otros destinos<\/b><\/span><\/p>\n<p><span style=\"font-weight: 400; color: #000000;\">\u201cTenemos un potencial enorme en el pa\u00eds, donde la cultura y la naturaleza son nuestros principales atractivos, reservas naturales, centros arqueol\u00f3gicos, ciudades llenas de cultura son nuestra oferta\u201d, explica Rolando Mendoza, miembro de la Mesa de Turismo y director de la C\u00e1mara Hotelera de La Paz.<\/span><\/p>\n<p><span style=\"font-weight: 400; color: #000000;\">Mendoza indica que cada poblaci\u00f3n, cada municipio y comunidad tiene un potencial tur\u00edstico sin par y cada d\u00eda se descubren nuevos destinos.<\/span><\/p>\n<p><span style=\"font-weight: 400; color: #000000;\">\u201cTenemos miles de atractivos y cada d\u00eda descubrimos muchos m\u00e1s. Lo que nos falta es trabajar en esos productos para agregarles valor, darles facilidad de acceso, condiciones de servicios, son cosas muy f\u00e1ciles que se resumen en un cambio de actitud positivo y un trabajo conjunto\u201d, finaliza.<\/span><\/p>\n<p><iframe loading=\"lazy\" title=\"YouTube video player\" src=\"https:\/\/www.youtube.com\/embed\/BNzYBAKD6ss?si=UodwcYrWQhIFYPYV\" width=\"560\" height=\"315\" frameborder=\"0\" allowfullscreen=\"allowfullscreen\"><\/iframe><\/p>","protected":false},"excerpt":{"rendered":"<p>Desde la cordillera y el altiplano hasta los llanos y la amazon\u00eda, Bolivia est\u00e1 llena de espectaculares vistas, tesoros arqueol\u00f3gicos y una cultura milenaria que atrae a miles de turistas extranjeros y nacionales. De acuerdo con Javier Rivera, director de la carrera de Administraci\u00f3n de Hoteler\u00eda y Turismo de la Universidad Franz Tamayo, Unifranz, Bolivia &hellip; <a href=\"https:\/\/unifranz.edu.bo\/pt\/carreras\/10-destinos-turisticos-imperdibles-en-bolivia\/\">Continued<\/a><\/p>","protected":false},"author":45,"featured_media":260515,"comment_status":"open","ping_status":"open","sticky":false,"template":"","format":"standard","meta":{"_acf_changed":false,"footnotes":""},"categories":[1996,60,35,2566,1658,1782],"tags":[266,8466,3098,8472,8474,4006,8470,88,242,8468],"class_list":["post-260511","post","type-post","status-publish","format-standard","has-post-thumbnail","hentry","category-administracion-de-hoteleria-y-turismo","category-blog","category-carreras","category-docente","category-turismo","category-unifranz","tag-bolivia","tag-cordillera-real","tag-destinos-turisticos","tag-isla-del-sol","tag-madidi","tag-salar-de-uyuni","tag-samaipata","tag-turismo","tag-unifranz","tag-villa-tunari"],"acf":[],"_links":{"self":[{"href":"https:\/\/unifranz.edu.bo\/pt\/wp-json\/wp\/v2\/posts\/260511","targetHints":{"allow":["GET"]}}],"collection":[{"href":"https:\/\/unifranz.edu.bo\/pt\/wp-json\/wp\/v2\/posts"}],"about":[{"href":"https:\/\/unifranz.edu.bo\/pt\/wp-json\/wp\/v2\/types\/post"}],"author":[{"embeddable":true,"href":"https:\/\/unifranz.edu.bo\/pt\/wp-json\/wp\/v2\/users\/45"}],"replies":[{"embeddable":true,"href":"https:\/\/unifranz.edu.bo\/pt\/wp-json\/wp\/v2\/comments?post=260511"}],"version-history":[{"count":3,"href":"https:\/\/unifranz.edu.bo\/pt\/wp-json\/wp\/v2\/posts\/260511\/revisions"}],"predecessor-version":[{"id":260523,"href":"https:\/\/unifranz.edu.bo\/pt\/wp-json\/wp\/v2\/posts\/260511\/revisions\/260523"}],"wp:featuredmedia":[{"embeddable":true,"href":"https:\/\/unifranz.edu.bo\/pt\/wp-json\/wp\/v2\/media\/260515"}],"wp:attachment":[{"href":"https:\/\/unifranz.edu.bo\/pt\/wp-json\/wp\/v2\/media?parent=260511"}],"wp:term":[{"taxonomy":"category","embeddable":true,"href":"https:\/\/unifranz.edu.bo\/pt\/wp-json\/wp\/v2\/categories?post=260511"},{"taxonomy":"post_tag","embeddable":true,"href":"https:\/\/unifranz.edu.bo\/pt\/wp-json\/wp\/v2\/tags?post=260511"}],"curies":[{"name":"wp","href":"https:\/\/api.w.org\/{rel}","templated":true}]}}