{"id":260444,"date":"2024-05-04T19:11:50","date_gmt":"2024-05-04T23:11:50","guid":{"rendered":"https:\/\/unifranz.edu.bo\/?p=260444"},"modified":"2024-05-04T19:11:50","modified_gmt":"2024-05-04T23:11:50","slug":"sindrome-del-angel-cuando-la-victima-se-convierte-en-salvador","status":"publish","type":"post","link":"https:\/\/unifranz.edu.bo\/pt\/carreras\/sindrome-del-angel-cuando-la-victima-se-convierte-en-salvador\/","title":{"rendered":"S\u00edndrome del \u00e1ngel: cuando la v\u00edctima se convierte en salvador"},"content":{"rendered":"<div>\n<p><span style=\"color: #000000;\">En los complicados caminos de la psicolog\u00eda humana, existen fen\u00f3menos intrigantes que desaf\u00edan nuestras percepciones convencionales. Uno de \u00e9stos es el denominado: s\u00edndrome del \u00e1ngel, un concepto que gan\u00f3 atenci\u00f3n en los c\u00edrculos psicol\u00f3gicos y m\u00e9dicos en los \u00faltimos a\u00f1os.<\/span><\/p>\n<\/div>\n<div>\n<p><span style=\"color: #000000;\">Este s\u00edndrome, marcado por un comportamiento aparentemente altruista y servicial, oculta complejidades psicol\u00f3gicas dignas de an\u00e1lisis profundos. Descrito como una configuraci\u00f3n especial en la que un individuo evade enfrentar conflictos, se caracteriza por comportamientos altruistas de apaciguamiento, seducci\u00f3n y arreglos permanentes ante situaciones que exigen confrontaci\u00f3n.<\/span><\/p>\n<\/div>\n<div>\n<p><span style=\"color: #000000;\">Seg\u00fan Reynaldo Perrone, psiquiatra de nacionalidad francesa, terapeuta individual, de pareja y familiar, quienes padecen este s\u00edndrome experimentan una ansiedad insoportable ante la confrontaci\u00f3n directa, optando por retirarse de la situaci\u00f3n. Sin embargo, lo distintivo del s\u00edndrome del \u00e1ngel es que esta actitud de evasi\u00f3n se convierte en una fuente de pena y culpabilidad para el sujeto.<\/span><\/p>\n<\/div>\n<div>\n<p><span style=\"color: #000000;\">\u201cSe trata, pues, de una configuraci\u00f3n especial en la que un sujeto se da cuenta que no tiene la capacidad de afrontar los conflictos, raz\u00f3n por la que \u00e9l mismo busca comportamientos de apaciguamiento permanente, de seducci\u00f3n y arreglo de las situaciones que exigen una confrontaci\u00f3n\u201d, dice el experto que particip\u00f3 en el congreso internacional de terapia familiar que se realiz\u00f3 del 18 al 20 de abril en Santa Cruz de la Sierra, organizado por la Universidad Franz Tamayo, Unifranz.<\/span><\/p>\n<\/div>\n<div>\n<p><span style=\"color: #000000;\">El experto sugiere que este s\u00edndrome puede estar arraigado en una variedad de factores, que van desde experiencias de vida pasadas hasta la necesidad de validaci\u00f3n y aceptaci\u00f3n social y que, s\u00f3lo cuando la persona que lo padece se da cuenta de su incapacidad para afrontar el conflicto, reci\u00e9n busca ayuda profesional para abordar este aspecto de su personalidad.<\/span><\/p>\n<\/div>\n<div>\n<p><span style=\"color: #000000;\">Lo que hace a\u00fan m\u00e1s compleja esta condici\u00f3n es la manera en que el individuo asume la agresi\u00f3n recibida y adopta una postura angelical, encontrando justificaciones y razonamientos para culpar al agresor, a menudo argumentando que este \u00faltimo es quien sufre las consecuencias de su propio comportamiento violento o irrespetuoso.<\/span><\/p>\n<\/div>\n<div>\n<p><span style=\"color: #000000;\">Este fen\u00f3meno lleva al individuo a considerarse a s\u00ed mismo como una v\u00edctima virtuosa, mientras desplaza la responsabilidad hacia otros.<\/span><\/p>\n<\/div>\n<div>\n<p><span style=\"color: #000000;\">\u201cEn el s\u00edndrome del \u00e1ngel, el sujeto sufre una agresi\u00f3n, la admite angelicalmente y encuentra argumentos de justificaci\u00f3n y maneras de razonamiento en los que muestra que es, sobre todo, el que agrede, a veces violentamente o con falta de respeto, el que se perjudica a s\u00ed mismo con su comportamiento y no \u00e9l. O sea, se sustrae al acto mismo de la violencia del que es v\u00edctima\u201d, puntualiza el experto y miembro de la EFTA\u00a0<i>(European Family Therapy Association)<\/i>\u00a0y director de Estudios del IFATC, en Lyon, Francia.<\/span><\/p>\n<\/div>\n<div>\n<p><span style=\"color: #000000;\">El tratamiento de esta configuraci\u00f3n psicol\u00f3gica es particularmente desafiante, ya que aquellos que la padecen pueden aferrarse a la identidad de v\u00edctimas, encontrando placer en esa posici\u00f3n.<\/span><\/p>\n<\/div>\n<div>\n<p><span style=\"color: #000000;\">En estos casos, los terapeutas deben abordar cuidadosamente esta din\u00e1mica para fomentar un cambio real en la percepci\u00f3n y el comportamiento del individuo.<\/span><\/p>\n<\/div>\n<div><\/div>\n<div>\n<figure><span style=\"color: #000000;\"><em><img loading=\"lazy\" decoding=\"async\" src=\"https:\/\/static.eldeber.com.bo\/\/Files\/Sizes\/2024\/5\/4\/unifranz_781261426_763x300.jpg\" alt=\"Unifranz\" width=\"976\" height=\"549\" \/><\/em><\/span><figcaption><span style=\"color: #000000;\"><em>Evidentemente, el s\u00edndrome del \u00e1ngel es un fen\u00f3meno complejo que ilustra la forma en que algunos individuos eluden el conflicto<\/em><\/span><\/p>\n<\/figcaption><\/figure>\n<\/div>\n<div>\n<p><span style=\"color: #000000;\">\u201cSon configuraciones dif\u00edciles de tratar porque pueden instalarse en una posici\u00f3n en la que les encanta ser v\u00edctimas\u201d, aclara Perrone.<\/span><\/p>\n<\/div>\n<div>\n<p><span style=\"color: #000000;\">Evidentemente, el s\u00edndrome del \u00e1ngel es un fen\u00f3meno complejo que ilustra la forma en que algunos individuos eluden el conflicto y se aferran a una identidad de v\u00edctimas inocentes. Solo a trav\u00e9s de un tratamiento psicol\u00f3gico comprensivo y perspicaz se puede esperar una resoluci\u00f3n positiva para aquellos que luchan con esta condici\u00f3n.<\/span><\/p>\n<\/div>\n<div>\n<p><span style=\"color: #000000;\">Seg\u00fan Perrone, hasta ahora, la atenci\u00f3n de los investigadores y de los expertos respecto a la violencia estaba dirigida hacia el an\u00e1lisis y la comprensi\u00f3n del acto violento y de su significaci\u00f3n (relacional y social) y no hacia la elaboraci\u00f3n de las manifestaciones y consecuencias ligadas a la ausencia de agresividad, enfoque trabajado por Perrone a partir de la identificaci\u00f3n del s\u00edndrome del \u00e1ngel.<\/span><\/p>\n<\/div>\n<div>\n<p><span style=\"color: #000000;\">\u201cMuchos estudios y esfuerzos fueron dirigidos a crear modelos de intervenciones destinadas a reducir el impacto de la violencia, pero muy pocos se consagraron a elaborar t\u00e9cnicas adecuadas para mejorar la expresi\u00f3n de la agresividad. En suma, toda la atenci\u00f3n se focaliz\u00f3 -desde hace decenas de a\u00f1os- en las manifestaciones objetivas de la agresividad, y ninguna mirada fue dirigida hacia la falta de esas manifestaciones; en consecuencia, nunca se reconocieron las penosas experiencias de los individuos carentes de agresividad. Esta falencia provoc\u00f3 malentendidos, cr\u00edticas y juzgamientos morales de descalificaci\u00f3n para estas personas\u201d, dice el psiquiatra a tiempo de puntualizar que \u201cesta falla, esta deuda con ellos, ha sido reparada\u201d.<\/span><\/p>\n<\/div>","protected":false},"excerpt":{"rendered":"<p>En los complicados caminos de la psicolog\u00eda humana, existen fen\u00f3menos intrigantes que desaf\u00edan nuestras percepciones convencionales. Uno de \u00e9stos es el denominado: s\u00edndrome del \u00e1ngel, un concepto que gan\u00f3 atenci\u00f3n en los c\u00edrculos psicol\u00f3gicos y m\u00e9dicos en los \u00faltimos a\u00f1os. Este s\u00edndrome, marcado por un comportamiento aparentemente altruista y servicial, oculta complejidades psicol\u00f3gicas dignas de &hellip; <a href=\"https:\/\/unifranz.edu.bo\/pt\/carreras\/sindrome-del-angel-cuando-la-victima-se-convierte-en-salvador\/\">Continued<\/a><\/p>","protected":false},"author":45,"featured_media":260445,"comment_status":"open","ping_status":"open","sticky":false,"template":"","format":"standard","meta":{"_acf_changed":false,"footnotes":""},"categories":[60,35,2194,5154,6466,1782],"tags":[240,2944,8456,8454,242,8022],"class_list":["post-260444","post","type-post","status-publish","format-standard","has-post-thumbnail","hentry","category-blog","category-carreras","category-psicologia","category-psiquiatria","category-salud-mental","category-unifranz","tag-psicologia","tag-salud-mental","tag-salvador","tag-sindrome-del-angel","tag-unifranz","tag-victima"],"acf":[],"_links":{"self":[{"href":"https:\/\/unifranz.edu.bo\/pt\/wp-json\/wp\/v2\/posts\/260444","targetHints":{"allow":["GET"]}}],"collection":[{"href":"https:\/\/unifranz.edu.bo\/pt\/wp-json\/wp\/v2\/posts"}],"about":[{"href":"https:\/\/unifranz.edu.bo\/pt\/wp-json\/wp\/v2\/types\/post"}],"author":[{"embeddable":true,"href":"https:\/\/unifranz.edu.bo\/pt\/wp-json\/wp\/v2\/users\/45"}],"replies":[{"embeddable":true,"href":"https:\/\/unifranz.edu.bo\/pt\/wp-json\/wp\/v2\/comments?post=260444"}],"version-history":[{"count":1,"href":"https:\/\/unifranz.edu.bo\/pt\/wp-json\/wp\/v2\/posts\/260444\/revisions"}],"predecessor-version":[{"id":260446,"href":"https:\/\/unifranz.edu.bo\/pt\/wp-json\/wp\/v2\/posts\/260444\/revisions\/260446"}],"wp:featuredmedia":[{"embeddable":true,"href":"https:\/\/unifranz.edu.bo\/pt\/wp-json\/wp\/v2\/media\/260445"}],"wp:attachment":[{"href":"https:\/\/unifranz.edu.bo\/pt\/wp-json\/wp\/v2\/media?parent=260444"}],"wp:term":[{"taxonomy":"category","embeddable":true,"href":"https:\/\/unifranz.edu.bo\/pt\/wp-json\/wp\/v2\/categories?post=260444"},{"taxonomy":"post_tag","embeddable":true,"href":"https:\/\/unifranz.edu.bo\/pt\/wp-json\/wp\/v2\/tags?post=260444"}],"curies":[{"name":"wp","href":"https:\/\/api.w.org\/{rel}","templated":true}]}}