{"id":259652,"date":"2024-04-26T16:21:16","date_gmt":"2024-04-26T20:21:16","guid":{"rendered":"https:\/\/unifranz.edu.bo\/?p=259652"},"modified":"2024-04-26T16:21:16","modified_gmt":"2024-04-26T20:21:16","slug":"crecimiento-y-diversidad-unifranz-es-protagonista-del-mercado-creativo-de-cochabamba","status":"publish","type":"post","link":"https:\/\/unifranz.edu.bo\/pt\/investigacion\/crecimiento-y-diversidad-unifranz-es-protagonista-del-mercado-creativo-de-cochabamba\/","title":{"rendered":"Crecimiento y diversidad: Unifranz es protagonista del Mercado Creativo de Cochabamba"},"content":{"rendered":"<p>Como parte de las actividades del D\u00eda Mundial de la Creatividad (21 de abril), el museo Casona Santiva\u00f1ez de Cochabamba, se convirti\u00f3 en el epicentro del Mercado Creativo, un evento que reuni\u00f3 a diversas organizaciones del ecosistema de la econom\u00eda naranja. La Universidad Franz Tamayo, Unifranz sede Cochabamba, destac\u00f3 en este encuentro al presentar su galer\u00eda virtual 3D y, desde lo acad\u00e9mico, al socializar los resultados del Censo de Econom\u00eda Naranja.<\/p>\n<p>En la ocasi\u00f3n, la decana de la Facultad Ciencias Empresariales, Ericka Berrios, en representaci\u00f3n de Unifranz, record\u00f3 algunas actividades destacadas que marcaron un hito en el panorama de la econom\u00eda creativa, como las primeras Jornadas de Econom\u00eda Naranja y la investigaci\u00f3n censal de 2023. \u201cNuestro objetivo era claro: visibilizar y promover a todos los actores clave de la econom\u00eda naranja\u201d, sostuvo la titular acad\u00e9mica.<\/p>\n<figure id=\"attachment_259654\" aria-describedby=\"caption-attachment-259654\" style=\"width: 801px\" class=\"wp-caption alignnone\"><img loading=\"lazy\" decoding=\"async\" class=\"wp-image-259654\" src=\"https:\/\/unifranz.edu.bo\/wp-content\/uploads\/2024\/04\/mercado-creativo-2-300x200.jpg\" alt=\"\" width=\"801\" height=\"534\" srcset=\"https:\/\/unifranz.edu.bo\/wp-content\/uploads\/2024\/04\/mercado-creativo-2-300x200.jpg 300w, https:\/\/unifranz.edu.bo\/wp-content\/uploads\/2024\/04\/mercado-creativo-2-768x512.jpg 768w, https:\/\/unifranz.edu.bo\/wp-content\/uploads\/2024\/04\/mercado-creativo-2-18x12.jpg 18w, https:\/\/unifranz.edu.bo\/wp-content\/uploads\/2024\/04\/mercado-creativo-2.jpg 1000w\" sizes=\"auto, (max-width: 801px) 100vw, 801px\" \/><figcaption id=\"caption-attachment-259654\" class=\"wp-caption-text\">Los j\u00f3venes visitantes pudieron disfrutar de la experiencia de la galer\u00eda virtual 3D.<\/figcaption><\/figure>\n<p><strong>Un sector en crecimiento<\/strong><\/p>\n<p>La jornada estuvo marcada por la diversidad de expresiones innovadoras de tipo esc\u00e9nicas, culinaria y tecnol\u00f3gica, entre otras, para promover los bienes y servicios que posicionan a Cochabamba en el mapa de la innovaci\u00f3n.<\/p>\n<p>El secretario de Desarrollo Productivo, Turismo y Cultura de Cochabamba, Enrique Mendieta, afirm\u00f3 que el Mercado Creativo fue una muestra importante de lo que puede dar Cochabamba en cuanto a econom\u00eda creativa, ya que, seg\u00fan la autoridad, el sector aporta en un porcentaje considerable al Producto Interno Bruto (PIB) departamental.<\/p>\n<p>\u201cCreemos que con la ley que hemos promulgado el a\u00f1o pasado desde la Alcald\u00eda, en coordinaci\u00f3n con los sectores (\u2026), vamos a crecer aun m\u00e1s de lo que ya se ha hecho en estos \u00faltimos a\u00f1os\u00bb, manifest\u00f3.<\/p>\n<p>El investigador del Centro de Estudios de la Realidad Econ\u00f3mica y Social (Ceres), Santiago Laserna, explic\u00f3 que al menos el 20% de la poblaci\u00f3n econ\u00f3micamente activa se ve beneficiada por las industrias creativas e innovadoras en diversos campos, que van desde el desarrollo de software hasta la m\u00fasica.<\/p>\n<figure id=\"attachment_259655\" aria-describedby=\"caption-attachment-259655\" style=\"width: 801px\" class=\"wp-caption alignnone\"><img loading=\"lazy\" decoding=\"async\" class=\"wp-image-259655\" src=\"https:\/\/unifranz.edu.bo\/wp-content\/uploads\/2024\/04\/mercado-creativo-3-300x200.jpg\" alt=\"\" width=\"801\" height=\"534\" srcset=\"https:\/\/unifranz.edu.bo\/wp-content\/uploads\/2024\/04\/mercado-creativo-3-300x200.jpg 300w, https:\/\/unifranz.edu.bo\/wp-content\/uploads\/2024\/04\/mercado-creativo-3-768x512.jpg 768w, https:\/\/unifranz.edu.bo\/wp-content\/uploads\/2024\/04\/mercado-creativo-3-18x12.jpg 18w, https:\/\/unifranz.edu.bo\/wp-content\/uploads\/2024\/04\/mercado-creativo-3.jpg 1000w\" sizes=\"auto, (max-width: 801px) 100vw, 801px\" \/><figcaption id=\"caption-attachment-259655\" class=\"wp-caption-text\">Diversas manifestaciones art\u00edsticas tuvieron su espacio en el Mercado Creativo.<\/figcaption><\/figure>\n<p>\u201cSe proyecta un crecimiento futuro en este sector, pero su desarrollo depender\u00e1 en gran medida de las pol\u00edticas gubernamentales destinadas a fomentar el crecimiento del sector privado como ofrecer incentivos adicionales, est\u00edmulos y libertad empresarial\u201d, se\u00f1al\u00f3 Laserna.<\/p>\n<p>Por \u00faltimo, el investigador destac\u00f3 la importancia de Unifranz como aliado estrat\u00e9gico para el Ceres gracias al compromiso y dedicaci\u00f3n mostrados en el \u00e1mbito de la econom\u00eda creativa que la encaminan a posicionarse como l\u00edder en este \u00e1mbito a escala nacional.<\/p>\n<p>El Mercado Creativo celebrado en la Casona Santiva\u00f1ez fue un evento que congreg\u00f3 diversas expresiones innovadoras, para vigorizar al sector en Cochabamba y apoyar su crecimiento continuo y sostenible.<\/p>","protected":false},"excerpt":{"rendered":"<p>Como parte de las actividades del D\u00eda Mundial de la Creatividad (21 de abril), el museo Casona Santiva\u00f1ez de Cochabamba, se convirti\u00f3 en el epicentro del Mercado Creativo, un evento que reuni\u00f3 a diversas organizaciones del ecosistema de la econom\u00eda naranja. La Universidad Franz Tamayo, Unifranz sede Cochabamba, destac\u00f3 en este encuentro al presentar su &hellip; <a href=\"https:\/\/unifranz.edu.bo\/pt\/investigacion\/crecimiento-y-diversidad-unifranz-es-protagonista-del-mercado-creativo-de-cochabamba\/\">Continued<\/a><\/p>","protected":false},"author":45,"featured_media":259653,"comment_status":"open","ping_status":"open","sticky":false,"template":"","format":"standard","meta":{"_acf_changed":false,"footnotes":""},"categories":[5858,2726,4978,2314,1954,6597,2756,2858,1636,1782],"tags":[],"class_list":["post-259652","post","type-post","status-publish","format-standard","has-post-thumbnail","hentry","category-unifranz-cochabamba","category-creatividad","category-crossmedia","category-diseno-grafico","category-economia","category-economia-creativa","category-economia-naranja","category-innovacion-en-educacion","category-investigacion","category-unifranz"],"acf":[],"_links":{"self":[{"href":"https:\/\/unifranz.edu.bo\/pt\/wp-json\/wp\/v2\/posts\/259652","targetHints":{"allow":["GET"]}}],"collection":[{"href":"https:\/\/unifranz.edu.bo\/pt\/wp-json\/wp\/v2\/posts"}],"about":[{"href":"https:\/\/unifranz.edu.bo\/pt\/wp-json\/wp\/v2\/types\/post"}],"author":[{"embeddable":true,"href":"https:\/\/unifranz.edu.bo\/pt\/wp-json\/wp\/v2\/users\/45"}],"replies":[{"embeddable":true,"href":"https:\/\/unifranz.edu.bo\/pt\/wp-json\/wp\/v2\/comments?post=259652"}],"version-history":[{"count":1,"href":"https:\/\/unifranz.edu.bo\/pt\/wp-json\/wp\/v2\/posts\/259652\/revisions"}],"predecessor-version":[{"id":259656,"href":"https:\/\/unifranz.edu.bo\/pt\/wp-json\/wp\/v2\/posts\/259652\/revisions\/259656"}],"wp:featuredmedia":[{"embeddable":true,"href":"https:\/\/unifranz.edu.bo\/pt\/wp-json\/wp\/v2\/media\/259653"}],"wp:attachment":[{"href":"https:\/\/unifranz.edu.bo\/pt\/wp-json\/wp\/v2\/media?parent=259652"}],"wp:term":[{"taxonomy":"category","embeddable":true,"href":"https:\/\/unifranz.edu.bo\/pt\/wp-json\/wp\/v2\/categories?post=259652"},{"taxonomy":"post_tag","embeddable":true,"href":"https:\/\/unifranz.edu.bo\/pt\/wp-json\/wp\/v2\/tags?post=259652"}],"curies":[{"name":"wp","href":"https:\/\/api.w.org\/{rel}","templated":true}]}}