{"id":257421,"date":"2024-04-25T20:07:13","date_gmt":"2024-04-26T00:07:13","guid":{"rendered":"https:\/\/unifranz.edu.bo\/?p=257421"},"modified":"2024-04-25T20:07:56","modified_gmt":"2024-04-26T00:07:56","slug":"educacion-del-futuro-desafia-a-las-universidades-a-cambiar-y-adaptarse","status":"publish","type":"post","link":"https:\/\/unifranz.edu.bo\/pt\/blog\/educacion-del-futuro-desafia-a-las-universidades-a-cambiar-y-adaptarse\/","title":{"rendered":"La educaci\u00f3n del futuro desaf\u00eda a las universidades a cambiar y adaptarse"},"content":{"rendered":"<p><span style=\"color: #000000;\">Por Lily Zurita<\/span><\/p>\n<p><span style=\"font-weight: 400; color: #000000;\">La humanidad est\u00e1 inmersa en un momento hist\u00f3rico de profunda disrupci\u00f3n, donde las nuevas tecnolog\u00edas, la globalizaci\u00f3n, la pandemia y las particularidades de cada sociedad convergen para moldear el futuro de la educaci\u00f3n.<\/span><\/p>\n<p><span style=\"font-weight: 400; color: #000000;\">En este contexto, marcado adem\u00e1s por la inteligencia artificial (IA) como actor clave del proceso y una creciente desigualdad social, las universidades enfrentan desaf\u00edos cruciales que deben abordar para mantener su relevancia y contribuir efectivamente a la sociedad.\u00a0<\/span><\/p>\n<p><span style=\"font-weight: 400; color: #000000;\">Reinaldo Cifuentes, coordinador general de la Red de Administradores Universitarios (RAUI Am\u00e9rica) asegura que, en este desaf\u00edo, la adaptaci\u00f3n y el cambio son imperativos para las universidades que buscan no s\u00f3lo sobrevivir, sino prosperar en un entorno en constante evoluci\u00f3n.<\/span><\/p>\n<p><span style=\"font-weight: 400; color: #000000;\">Las universidades que comprendan y se adapten a estos cambios tienen mayores posibilidades de \u00e9xito a largo plazo. Sin embargo, es importante reconocer que algunas instituciones pueden perder relevancia o incluso desaparecer en este proceso de transformaci\u00f3n.<\/span><\/p>\n<p><span style=\"font-weight: 400; color: #000000;\">\u201cAquellas universidades que est\u00e1n entendiendo y adaptando\u00a0 sus procesos de gesti\u00f3n docente a estas nuevas realidades, son las que tienen mayor posibilidad de sobrevivir y adaptarse (\u2026), porque en este juego de transformaciones profundas y disruptivas es muy posible que una cantidad no menor de universidades tienden a perder posiciones o, incluso, desaparecer a cambio de otras instituciones que sean capaces de interpretar correctamente todo este juego de contraluz en el que actualmente estamos\u201d, dice el experto.<\/span><\/p>\n<p><span style=\"font-weight: 400; color: #000000;\">En este camino hacia el 2050, las universidades deben permanecer \u00e1giles, adaptables y centradas en el servicio a la sociedad. La colaboraci\u00f3n entre instituciones, la inversi\u00f3n en investigaci\u00f3n y la promoci\u00f3n de la innovaci\u00f3n son fundamentales para enfrentar los desaf\u00edos venideros.\u00a0\u00a0<\/span><\/p>\n<p><span style=\"font-weight: 400; color: #000000;\">\u00bfQu\u00e9 rol juega la IA en todo este contexto? La inteligencia artificial se erige como una herramienta fundamental en la educaci\u00f3n del futuro. Sin embargo, es necesario establecer regulaciones que garanticen que la IA sirva a las sociedades en lugar de dominarlas. Aunque su futuro es incierto, su potencial para mejorar los procesos educativos es innegable.<\/span><\/p>\n<p><span style=\"font-weight: 400; color: #000000;\">\u201cLa pregunta que nos estamos haciendo todos en este momento es hasta qu\u00e9 punto podemos controlar la inteligencia artificial para que, efectivamente, sea una herramienta al servicio de las propias sociedades donde se insertan\u201d, dice Cifuentes.<\/span><\/p>\n<p><span style=\"font-weight: 400; color: #000000;\">El panorama es complejo y lleno de incertidumbre, pero tambi\u00e9n de oportunidades sin precedentes para transformar la educaci\u00f3n y, en \u00faltima instancia, mejorar la calidad de vida de las personas en todo el mundo.<\/span><\/p>\n<p><span style=\"font-weight: 400; color: #000000;\">Cifuentes participar\u00e1 este 2 y 3 de mayo, en el \u201cV Foro Internacional de Innovaci\u00f3n Educativa: El Futuro de la Educaci\u00f3n, reflexiones desde Bolivia para Latinoam\u00e9rica\u201d (FIIE 2024), organizado por la Universidad Franz Tamayo, Unifranz. Se trata de un espacio de intercambio de ideas y colaboraci\u00f3n para delinear una educaci\u00f3n superior relevante, inclusiva y preparada para el mundo del ma\u00f1ana.<\/span><\/p>\n<figure id=\"attachment_257424\" aria-describedby=\"caption-attachment-257424\" style=\"width: 919px\" class=\"wp-caption aligncenter\"><img loading=\"lazy\" decoding=\"async\" class=\"wp-image-257424\" src=\"https:\/\/unifranz.edu.bo\/wp-content\/uploads\/2024\/04\/2050-4BLOG-300x155.jpg\" alt=\"\" width=\"919\" height=\"475\" srcset=\"https:\/\/unifranz.edu.bo\/wp-content\/uploads\/2024\/04\/2050-4BLOG-300x155.jpg 300w, https:\/\/unifranz.edu.bo\/wp-content\/uploads\/2024\/04\/2050-4BLOG-1024x529.jpg 1024w, https:\/\/unifranz.edu.bo\/wp-content\/uploads\/2024\/04\/2050-4BLOG-768x397.jpg 768w, https:\/\/unifranz.edu.bo\/wp-content\/uploads\/2024\/04\/2050-4BLOG-18x9.jpg 18w, https:\/\/unifranz.edu.bo\/wp-content\/uploads\/2024\/04\/2050-4BLOG.jpg 1200w\" sizes=\"auto, (max-width: 919px) 100vw, 919px\" \/><figcaption id=\"caption-attachment-257424\" class=\"wp-caption-text\"><em><span style=\"color: #000000;\">La educaci\u00f3n del futuro desaf\u00eda a las universidades a cambiar y adaptarse<\/span><\/em><\/figcaption><\/figure>\n<p>&nbsp;<\/p>\n<p><span style=\"color: #000000;\"><b>La revoluci\u00f3n de la educaci\u00f3n masiva y la investigaci\u00f3n acelerada<\/b><\/span><\/p>\n<p><span style=\"font-weight: 400; color: #000000;\">El experto sostiene que, en medio de este paisaje educativo en constante evoluci\u00f3n, surgen tendencias disruptivas que est\u00e1n remodelando el futuro de la educaci\u00f3n.\u00a0<\/span><\/p>\n<p><span style=\"font-weight: 400; color: #000000;\">Desde la masificaci\u00f3n de la educaci\u00f3n hasta la aceleraci\u00f3n de la investigaci\u00f3n aplicada, estas tendencias est\u00e1n marcando un cambio radical en la forma en que aprendemos y creamos conocimiento.<\/span><\/p>\n<p>&nbsp;<\/p>\n<ul>\n<li aria-level=\"1\"><span style=\"color: #000000;\"><b>Masificaci\u00f3n de la educaci\u00f3n<\/b><\/span><\/li>\n<\/ul>\n<p>&nbsp;<\/p>\n<p><span style=\"font-weight: 400; color: #000000;\">La educaci\u00f3n se ha convertido en motor fundamental para el progreso cultural, social, econ\u00f3mico y pol\u00edtico. La idea de que la educaci\u00f3n es un derecho fundamental y una herramienta para la igualdad social es un\u00e1nime entre los diferentes actores, sostiene el experto.\u00a0<\/span><\/p>\n<p><span style=\"font-weight: 400; color: #000000;\">Sin embargo, esta revoluci\u00f3n va m\u00e1s all\u00e1 de la mera aceptaci\u00f3n de la importancia de la educaci\u00f3n. Estamos presenciando una masificaci\u00f3n sin precedentes de la educaci\u00f3n, donde personas de todas las edades buscan oportunidades de aprendizaje continuo.<\/span><\/p>\n<p><span style=\"font-weight: 400; color: #000000;\">Las universidades ya no son exclusivamente para j\u00f3venes de 20 a 25 a\u00f1os, sino que se est\u00e1n convirtiendo en espacios abiertos para el aprendizaje permanente. La vuelta masiva de adultos mayores a las aulas es un fen\u00f3meno notable que refleja esta nueva realidad.\u00a0<\/span><\/p>\n<p><span style=\"font-weight: 400; color: #000000;\">\u201cEs revolucionario pensar en una universidad que ya no es solamente para los j\u00f3venes, sino que es para todos. Hay que adaptar la universidad a todos esos nuevos estudiantes, de 80, de 40 o de 50 a\u00f1os, estudiantes que por amor quieran estudiar o que necesitan reciclarse desde el punto de vista del trabajo. Sin ser espectacular, esto es, probablemente, lo m\u00e1s revolucionario que podemos atizar en nuestras sociedades\u201d, puntualiza.<\/span><\/p>\n<p><span style=\"font-weight: 400; color: #000000;\">De ah\u00ed que, adaptar la educaci\u00f3n para satisfacer las necesidades de este diverso grupo de estudiantes es un desaf\u00edo crucial para las instituciones educativas.<\/span><\/p>\n<p>&nbsp;<\/p>\n<ul>\n<li aria-level=\"1\"><span style=\"color: #000000;\"><b>Integraci\u00f3n de la tecnolog\u00eda e investigaci\u00f3n aplicada<\/b><\/span><\/li>\n<\/ul>\n<p>&nbsp;<\/p>\n<p><span style=\"font-weight: 400; color: #000000;\">Otra tendencia disruptiva se centra en la integraci\u00f3n de tecnolog\u00edas emergentes y la aceleraci\u00f3n de la investigaci\u00f3n aplicada. La inteligencia artificial y los sistemas de ense\u00f1anza digitalizados no s\u00f3lo est\u00e1n transformando el proceso de ense\u00f1anza aprendizaje, sino que tambi\u00e9n est\u00e1n revolucionando la velocidad de los procesos de investigaci\u00f3n.<\/span><\/p>\n<p><span style=\"font-weight: 400; color: #000000;\">La capacidad de la IA para acelerar la investigaci\u00f3n aplicada es impresionante. Desde la prueba de medicamentos hasta el desarrollo de nuevas tecnolog\u00edas, la IA est\u00e1 permitiendo avances que antes parec\u00edan imposibles.\u00a0<\/span><\/p>\n<p><span style=\"font-weight: 400; color: #000000;\">Esta revoluci\u00f3n en la investigaci\u00f3n va de la mano con una nueva forma de entender la educaci\u00f3n, donde la velocidad y la innovaci\u00f3n son factores clave.<\/span><\/p>\n<p><span style=\"font-weight: 400; color: #000000;\">\u201cLa masificaci\u00f3n real de la educaci\u00f3n para todas las edades y la profundizaci\u00f3n de la educaci\u00f3n en los \u00e1mbitos de la tecnolog\u00eda y de la investigaci\u00f3n aplicada (\u2026) est\u00e1n acelerando la forma de entender la vida y, tambi\u00e9n, la forma en que hasta el d\u00eda de hoy hemos aprendido por acumulaci\u00f3n de saber. Esto es una alteraci\u00f3n de todos esos principios, va m\u00e1s all\u00e1 de la acumulaci\u00f3n de saber, la velocidad es tal que se sale incluso de nuestros par\u00e1metros de sentido com\u00fan\u201d, reflexiona Cifuentes.<\/span><\/p>\n<p><span style=\"font-weight: 400; color: #000000;\">Estas tendencias est\u00e1n transformando la forma en que aprendemos y creamos conocimiento. La educaci\u00f3n ya no se limita a la acumulaci\u00f3n de informaci\u00f3n, sino que se trata de la capacidad de adaptarse, innovar y colaborar en un mundo en constante cambio.\u00a0<\/span><\/p>\n<p><span style=\"font-weight: 400; color: #000000;\">La velocidad a la que se producen los avances desaf\u00eda nuestros conceptos tradicionales de aprendizaje y conocimiento, acelerando la forma en que entendemos la vida y creamos soluciones para los desaf\u00edos del ma\u00f1ana.<\/span><\/p>\n<p><span style=\"font-weight: 400; color: #000000;\">La educaci\u00f3n masiva y la investigaci\u00f3n acelerada est\u00e1n marcando tendencias disruptivas que moldear\u00e1n el futuro de la educaci\u00f3n en los pr\u00f3ximos a\u00f1os. Esta revoluci\u00f3n abre nuevas oportunidades para el aprendizaje y la innovaci\u00f3n, y es crucial que las instituciones educativas y los educadores se adapten a este nuevo panorama en constante evoluci\u00f3n.<\/span><\/p>\n<p><img loading=\"lazy\" decoding=\"async\" class=\"wp-image-257423 aligncenter\" src=\"https:\/\/unifranz.edu.bo\/wp-content\/uploads\/2024\/04\/QUOTE-REINALDO-CIFUENTES3-300x300.png\" alt=\"\" width=\"683\" height=\"683\" srcset=\"https:\/\/unifranz.edu.bo\/wp-content\/uploads\/2024\/04\/QUOTE-REINALDO-CIFUENTES3-300x300.png 300w, https:\/\/unifranz.edu.bo\/wp-content\/uploads\/2024\/04\/QUOTE-REINALDO-CIFUENTES3-768x768.png 768w, https:\/\/unifranz.edu.bo\/wp-content\/uploads\/2024\/04\/QUOTE-REINALDO-CIFUENTES3-12x12.png 12w, https:\/\/unifranz.edu.bo\/wp-content\/uploads\/2024\/04\/QUOTE-REINALDO-CIFUENTES3.png 1000w\" sizes=\"auto, (max-width: 683px) 100vw, 683px\" \/><\/p>","protected":false},"excerpt":{"rendered":"<p>Por Lily Zurita La humanidad est\u00e1 inmersa en un momento hist\u00f3rico de profunda disrupci\u00f3n, donde las nuevas tecnolog\u00edas, la globalizaci\u00f3n, la pandemia y las particularidades de cada sociedad convergen para moldear el futuro de la educaci\u00f3n. En este contexto, marcado adem\u00e1s por la inteligencia artificial (IA) como actor clave del proceso y una creciente desigualdad &hellip; <a href=\"https:\/\/unifranz.edu.bo\/pt\/blog\/educacion-del-futuro-desafia-a-las-universidades-a-cambiar-y-adaptarse\/\">Continued<\/a><\/p>","protected":false},"author":45,"featured_media":257422,"comment_status":"open","ping_status":"open","sticky":false,"template":"","format":"standard","meta":{"_acf_changed":false,"footnotes":""},"categories":[60,2186,1862,8130,1686,2102,1782],"tags":[5120,8332,218,242,627],"class_list":["post-257421","post","type-post","status-publish","format-standard","has-post-thumbnail","hentry","category-blog","category-carreras-es","category-educacion","category-foro-internacional-de-innovacion-en-educacion","category-tecnologia","category-unesco","category-unifranz","tag-cambio","tag-educacion-del-futuro","tag-tecnologia","tag-unifranz","tag-universidades"],"acf":[],"_links":{"self":[{"href":"https:\/\/unifranz.edu.bo\/pt\/wp-json\/wp\/v2\/posts\/257421","targetHints":{"allow":["GET"]}}],"collection":[{"href":"https:\/\/unifranz.edu.bo\/pt\/wp-json\/wp\/v2\/posts"}],"about":[{"href":"https:\/\/unifranz.edu.bo\/pt\/wp-json\/wp\/v2\/types\/post"}],"author":[{"embeddable":true,"href":"https:\/\/unifranz.edu.bo\/pt\/wp-json\/wp\/v2\/users\/45"}],"replies":[{"embeddable":true,"href":"https:\/\/unifranz.edu.bo\/pt\/wp-json\/wp\/v2\/comments?post=257421"}],"version-history":[{"count":1,"href":"https:\/\/unifranz.edu.bo\/pt\/wp-json\/wp\/v2\/posts\/257421\/revisions"}],"predecessor-version":[{"id":257425,"href":"https:\/\/unifranz.edu.bo\/pt\/wp-json\/wp\/v2\/posts\/257421\/revisions\/257425"}],"wp:featuredmedia":[{"embeddable":true,"href":"https:\/\/unifranz.edu.bo\/pt\/wp-json\/wp\/v2\/media\/257422"}],"wp:attachment":[{"href":"https:\/\/unifranz.edu.bo\/pt\/wp-json\/wp\/v2\/media?parent=257421"}],"wp:term":[{"taxonomy":"category","embeddable":true,"href":"https:\/\/unifranz.edu.bo\/pt\/wp-json\/wp\/v2\/categories?post=257421"},{"taxonomy":"post_tag","embeddable":true,"href":"https:\/\/unifranz.edu.bo\/pt\/wp-json\/wp\/v2\/tags?post=257421"}],"curies":[{"name":"wp","href":"https:\/\/api.w.org\/{rel}","templated":true}]}}