{"id":257416,"date":"2024-04-25T19:33:37","date_gmt":"2024-04-25T23:33:37","guid":{"rendered":"https:\/\/unifranz.edu.bo\/?p=257416"},"modified":"2024-04-25T19:37:55","modified_gmt":"2024-04-25T23:37:55","slug":"unifranz-capacita-a-productores-de-el-alto-para-la-fexco-2024","status":"publish","type":"post","link":"https:\/\/unifranz.edu.bo\/pt\/blog\/unifranz-capacita-a-productores-de-el-alto-para-la-fexco-2024\/","title":{"rendered":"Unifranz capacita a productores de El Alto para la Fexco 2024"},"content":{"rendered":"<p><span style=\"color: #000000;\">Productores de El Alto est\u00e1n listos para participar en la nueva versi\u00f3n de la Feria Exposici\u00f3n de Cochabamba Fexco 2024, luego de haber completado un programa intensivo de capacitaci\u00f3n dise\u00f1ado para potenciar sus habilidades empresariales. Este curso, organizado por la Universidad Franz Tamayo, Unifranz, en colaboraci\u00f3n con Banco Sol, brind\u00f3 a los participantes herramientas clave para destacar en un entorno ferial competitivo,<\/span><\/p>\n<p><span style=\"color: #000000;\">Los talleres fueron impartidos por las carreras de Dise\u00f1o Gr\u00e1fico y Producci\u00f3n Crossmedia, Ingenier\u00eda de Sistemas y Contadur\u00eda P\u00fablica, desde las que se abordaron tem\u00e1ticas esenciales para una participaci\u00f3n en el encuentro ferial internacional.<\/span><\/p>\n<p><span style=\"color: #000000;\">El primer taller, impartido por la carrera de Ingenier\u00eda de Sistemas, se centr\u00f3 en el conocimiento sobre herramientas digitales como la creaci\u00f3n de c\u00f3digos QR, entre otros. En la era de la transformaci\u00f3n digital, estos contenidos resultan fundamentales para acceder a nuevos mercados y mejorar la visibilidad de los productos.<\/span><\/p>\n<p><span style=\"color: #000000;\">Asimismo, los productores aprendieron a utilizar las tecnolog\u00edas de la informaci\u00f3n para promocionar sus productos de manera efectiva, optimizar la log\u00edstica y establecer una comunicaci\u00f3n directa con los consumidores.<\/span><\/p>\n<p><span style=\"color: #000000;\">\u201cGracias a estos talleres hemos aprendido a utilizar las tecnolog\u00edas de la informaci\u00f3n para promocionar nuestros productos de manera efectiva y atractiva. Esto nos ha dado una ventaja competitiva importante\u00bb, coment\u00f3 Pedro Quispe, participante del taller y artesano textil, quien trabaja con lana de alpaca.<\/span><\/p>\n<p><span style=\"color: #000000;\">El segundo taller, a cargo de la carrera de Contadur\u00eda P\u00fablica, tuvo el apoyo del Banco Sol, y se enfoc\u00f3 en la educaci\u00f3n financiera. Los productores recibieron capacitaci\u00f3n en temas como la implementaci\u00f3n de la banca digital, la planificaci\u00f3n financiera y la identificaci\u00f3n de oportunidades de financiamiento, entre otros. Estos conocimientos fueron impartidos con el fin de guiarlos a tomar decisiones mejor informadas para sus finanzas y aprovechar al m\u00e1ximo los recursos disponibles, para fortalecer la sostenibilidad de sus negocios.<\/span><\/p>\n<p><span style=\"color: #000000;\">Por \u00faltimo, el taller de Merchandising Ferial, organizado por la carrera de Dise\u00f1o Gr\u00e1fico y Producci\u00f3n Crossmedia, proporcion\u00f3 a los emprendedores valiosas herramientas de marketing y promoci\u00f3n. Los productores aprendieron estrategias efectivas para destacar en el contexto de una feria internacional, desde la presentaci\u00f3n visual de sus stands hasta la exhibici\u00f3n efectiva de sus productos. Este taller impuls\u00f3 la creatividad y el pensamiento innovador, dot\u00f3 a los productores de las habilidades necesarias para cautivar a los visitantes y potenciales clientes.<\/span><\/p>\n<p><span style=\"color: #000000;\">\u00abEstamos comprometidos en fortalecer el tejido empresarial de El Alto y coadyuvar al \u00e9xito de nuestros productores en su participaci\u00f3n en eventos locales y nacionales. Este programa no s\u00f3lo les proporciona conocimientos pr\u00e1cticos, sino que tambi\u00e9n les da la confianza y el impulso necesarios para enfrentar los desaf\u00edos del mundo empresarial\u00bb, asegur\u00f3 la directora de la carrera de Ingenier\u00eda de Sistemas de Unifranz El Alto, Nataly Miranda.<\/span><\/p>\n<p><span style=\"color: #000000;\">Por su parte, Carla Garc\u00eda, microempresaria del rubro textil, destac\u00f3 la importancia de la capacitaci\u00f3n en temas financieros. \u00abAprender sobre banca digital y planificaci\u00f3n financiera nos ha ayudado a tomar decisiones m\u00e1s informadas y a gestionar mejor nuestros recursos\u00bb, afirm\u00f3.<\/span><\/p>\n<p><span style=\"color: #000000;\">Con el respaldo de las autoridades municipales y universitarias, los emprendedores de El Alto se preparan para mostrar todo su talento y creatividad en la Feria Exposici\u00f3n Cochabamba 2024.<\/span><\/p>\n<p><span style=\"color: #000000;\">\u00abEstamos seguros de que nuestros participantes destacar\u00e1n en la feria y demostrar\u00e1n el potencial empresarial de nuestra ciudad. Este es s\u00f3lo el comienzo de un camino lleno de oportunidades y \u00e9xitos\u00bb, sostuvo el director de la carrera de Dise\u00f1o Gr\u00e1fico y Producci\u00f3n Crossmedia, Luis Palacios.<\/span><\/p>","protected":false},"excerpt":{"rendered":"<p>Productores de El Alto est\u00e1n listos para participar en la nueva versi\u00f3n de la Feria Exposici\u00f3n de Cochabamba Fexco 2024, luego de haber completado un programa intensivo de capacitaci\u00f3n dise\u00f1ado para potenciar sus habilidades empresariales. Este curso, organizado por la Universidad Franz Tamayo, Unifranz, en colaboraci\u00f3n con Banco Sol, brind\u00f3 a los participantes herramientas clave &hellip; <a href=\"https:\/\/unifranz.edu.bo\/pt\/blog\/unifranz-capacita-a-productores-de-el-alto-para-la-fexco-2024\/\">Continued<\/a><\/p>","protected":false},"author":25,"featured_media":257420,"comment_status":"open","ping_status":"open","sticky":false,"template":"","format":"standard","meta":{"_acf_changed":false,"footnotes":""},"categories":[4438,6280,60,2544,318,2282,2538,2516,1662,1862,302,4678,6414,6625,2250,1690,1782],"tags":[414,53,47,448,242],"class_list":["post-257416","post","type-post","status-publish","format-standard","has-post-thumbnail","hentry","category-asesoramiento","category-banca","category-blog","category-comercio-electronico","category-competencias","category-contaduria-publica","category-creadores-altenos","category-diseno-grafico-y-produccion-crossmedia","category-docentes","category-educacion","category-el-alto","category-emprendedores","category-finanzas","category-finanzas-sostenibles","category-ingenieria-de-sistemas","category-marketing","category-unifranz","tag-diseno-grafico","tag-educacion","tag-el-alto","tag-ingenieria-de-sistemas","tag-unifranz"],"acf":[],"_links":{"self":[{"href":"https:\/\/unifranz.edu.bo\/pt\/wp-json\/wp\/v2\/posts\/257416","targetHints":{"allow":["GET"]}}],"collection":[{"href":"https:\/\/unifranz.edu.bo\/pt\/wp-json\/wp\/v2\/posts"}],"about":[{"href":"https:\/\/unifranz.edu.bo\/pt\/wp-json\/wp\/v2\/types\/post"}],"author":[{"embeddable":true,"href":"https:\/\/unifranz.edu.bo\/pt\/wp-json\/wp\/v2\/users\/25"}],"replies":[{"embeddable":true,"href":"https:\/\/unifranz.edu.bo\/pt\/wp-json\/wp\/v2\/comments?post=257416"}],"version-history":[{"count":1,"href":"https:\/\/unifranz.edu.bo\/pt\/wp-json\/wp\/v2\/posts\/257416\/revisions"}],"predecessor-version":[{"id":257419,"href":"https:\/\/unifranz.edu.bo\/pt\/wp-json\/wp\/v2\/posts\/257416\/revisions\/257419"}],"wp:featuredmedia":[{"embeddable":true,"href":"https:\/\/unifranz.edu.bo\/pt\/wp-json\/wp\/v2\/media\/257420"}],"wp:attachment":[{"href":"https:\/\/unifranz.edu.bo\/pt\/wp-json\/wp\/v2\/media?parent=257416"}],"wp:term":[{"taxonomy":"category","embeddable":true,"href":"https:\/\/unifranz.edu.bo\/pt\/wp-json\/wp\/v2\/categories?post=257416"},{"taxonomy":"post_tag","embeddable":true,"href":"https:\/\/unifranz.edu.bo\/pt\/wp-json\/wp\/v2\/tags?post=257416"}],"curies":[{"name":"wp","href":"https:\/\/api.w.org\/{rel}","templated":true}]}}