{"id":25715,"date":"2018-10-26T22:14:34","date_gmt":"2018-10-26T22:14:34","guid":{"rendered":"https:\/\/unifranz.edu.bo\/?p=25097"},"modified":"2018-11-06T02:50:30","modified_gmt":"2018-11-06T02:50:30","slug":"unifranz-organiza-workshop-sobre-bioetica","status":"publish","type":"post","link":"https:\/\/unifranz.edu.bo\/pt\/noticias\/unifranz-organiza-workshop-sobre-bioetica\/","title":{"rendered":"UNIFRANZ ORGANIZA WORKSHOP SOBRE BIO\u00c9TICA"},"content":{"rendered":"<p><strong>Cochabamba, octubre de 2018.<\/strong> La Universidad Privada Franz Tamayo realiza hoy viernes 26 y ma\u00f1ana s\u00e1bado 27 de octubre el workshop de bio\u00e9tica: \u201cAprendiendo de los errores\u201d, el facilitador es Armando Ortiz Dommier, Especialista en Neurocirug\u00eda (Chile). El evento se lleva a cabo en UNIFRANZ postgrado (C. Beni, entre C. Tom\u00e1s Fr\u00edas y Av. Santa Cruz).<\/p>\n<p>La finalidad es realizar una reflexi\u00f3n y debate acerca de los valores morales vinculados al ejercicio profesional de las ciencias de salud, desde el punto de vista de la bio\u00e9tica, que es un instrumento que ayuda a tomar decisiones de manera prudente, permitiendo que los doctores asuman actitudes y comportamientos orientados al servicio del paciente y de la sociedad, antes que el beneficio propio.<\/p>\n<p>El error m\u00e9dico es universal, en nuestro medio ya se ha hecho patente y preocupante.&nbsp; Sin embargo, se puede prevenir y tratar promoviendo t\u00e9cnicas para evitarlos, explica el Decano de la Facultad de Ciencias de la Salud de UNIFRANZ, Dr. Gast\u00f3n Cornejo.<\/p>\n<p>\u00abEl m\u00e9dico es un ser humano digno. Su labor se desarrolla, en gran medida, en el \u00e1mbito de la incertidumbre, donde la posibilidad de cometer un error no es totalmente evitable\u201d, indica Cornejo.<\/p>\n<p>En ese sentido, los participantes conocer\u00e1n el nuevo paradigma \u00e9tico, profesional y m\u00e9dico\u2013 legal: \u201cLa medicina asertiva tiene estrecha relaci\u00f3n con la comunicaci\u00f3n humana; el m\u00e9dico adquiere los principios morales y \u00e9ticos durante toda su vida. La \u00e9tica m\u00e9dica la aprender\u00e1 con el ejemplo de sus maestros y lo aplicar\u00e1 cuando estudie y ejerza la medicina\u201d, explica Cornejo.<\/p>\n<p>Cornejo manifiesta que el m\u00e9dico asertivo es aquel que tiene confianza en s\u00ed mismo, est\u00e1 seguro de sus opiniones, es expresivo, espont\u00e1neo, se comunica asertivamente, respeta y comprende a sus pacientes, hace que tambi\u00e9n se respeten sus derechos como m\u00e9dico y no se ve obligado a asumir una conducta cautelosa, ni a la defensiva.<\/p>\n<p><strong>Sobre el facilitador Armando Ortiz Pommier <\/strong><\/p>\n<p>Es M\u00e9dico especialista en Neurocirug\u00eda, a la vez, ocupa el cargo de Jefe de Riesgo Cl\u00ednico &#8211; Gerencia de Calidad en el Hospital Padre Hurtado (Chile).<\/p>\n<p>Es docente en el Departamento Bio\u00e9tica y Humanidades M\u00e9dicas de la Universidad de Chile. Cuenta con un magistrado en Bio\u00e9tica, otorgado por la Universidad Complutense de Madrid (Espa\u00f1a) y la Universidad de Chile.<\/p>\n<p><img loading=\"lazy\" decoding=\"async\" class=\"size-medium wp-image-25099\" src=\"http:\/\/unifranz.edu.bo\/wp-content\/uploads\/2018\/10\/IMG_20181026_090851-300x214.jpg\" alt=\"\" width=\"300\" height=\"214\"><\/p>\n<p>&nbsp;<\/p>\n<p><img loading=\"lazy\" decoding=\"async\" class=\"size-medium wp-image-25102\" src=\"http:\/\/unifranz.edu.bo\/wp-content\/uploads\/2018\/10\/IMG_20181026_090931-300x132.jpg\" alt=\"\" width=\"300\" height=\"132\" srcset=\"https:\/\/unifranz.edu.bo\/wp-content\/uploads\/2018\/10\/IMG_20181026_090931-300x132.jpg 300w, https:\/\/unifranz.edu.bo\/wp-content\/uploads\/2018\/10\/IMG_20181026_090931-1024x451.jpg 1024w, https:\/\/unifranz.edu.bo\/wp-content\/uploads\/2018\/10\/IMG_20181026_090931-768x338.jpg 768w, https:\/\/unifranz.edu.bo\/wp-content\/uploads\/2018\/10\/IMG_20181026_090931-1536x677.jpg 1536w, https:\/\/unifranz.edu.bo\/wp-content\/uploads\/2018\/10\/IMG_20181026_090931-2048x902.jpg 2048w, https:\/\/unifranz.edu.bo\/wp-content\/uploads\/2018\/10\/IMG_20181026_090931-18x8.jpg 18w\" sizes=\"auto, (max-width: 300px) 100vw, 300px\" \/><\/p>\n<p>&nbsp;<\/p>\n<p><img loading=\"lazy\" decoding=\"async\" class=\"alignnone size-medium wp-image-25101\" src=\"http:\/\/unifranz.edu.bo\/wp-content\/uploads\/2018\/10\/IMG_0264-300x91.jpg\" alt=\"\" width=\"300\" height=\"91\"><\/p>\n<p>&nbsp;<\/p>\n<p><img loading=\"lazy\" decoding=\"async\" class=\"alignnone size-medium wp-image-25100\" src=\"http:\/\/unifranz.edu.bo\/wp-content\/uploads\/2018\/10\/IMG_0263-300x88.jpg\" alt=\"\" width=\"300\" height=\"88\"><\/p>","protected":false},"excerpt":{"rendered":"<p>Cochabamba, octubre de 2018. La Universidad Privada Franz Tamayo realiza hoy viernes 26 y ma\u00f1ana s\u00e1bado 27 de octubre el workshop de bio\u00e9tica: \u201cAprendiendo de los errores\u201d, el facilitador es Armando Ortiz Dommier, Especialista en Neurocirug\u00eda (Chile). El evento se lleva a cabo en UNIFRANZ postgrado (C. Beni, entre C. Tom\u00e1s Fr\u00edas y Av. Santa &hellip; <a href=\"https:\/\/unifranz.edu.bo\/pt\/noticias\/unifranz-organiza-workshop-sobre-bioetica\/\">Continued<\/a><\/p>","protected":false},"author":45,"featured_media":25948,"comment_status":"open","ping_status":"open","sticky":false,"template":"","format":"standard","meta":{"_acf_changed":false,"footnotes":""},"categories":[60,280,45,29],"tags":[651,49,653],"class_list":["post-25715","post","type-post","status-publish","format-standard","has-post-thumbnail","hentry","category-blog","category-cochabamba","category-eventos","category-noticias","tag-bioetica","tag-medicina","tag-workshop"],"acf":[],"_links":{"self":[{"href":"https:\/\/unifranz.edu.bo\/pt\/wp-json\/wp\/v2\/posts\/25715","targetHints":{"allow":["GET"]}}],"collection":[{"href":"https:\/\/unifranz.edu.bo\/pt\/wp-json\/wp\/v2\/posts"}],"about":[{"href":"https:\/\/unifranz.edu.bo\/pt\/wp-json\/wp\/v2\/types\/post"}],"author":[{"embeddable":true,"href":"https:\/\/unifranz.edu.bo\/pt\/wp-json\/wp\/v2\/users\/45"}],"replies":[{"embeddable":true,"href":"https:\/\/unifranz.edu.bo\/pt\/wp-json\/wp\/v2\/comments?post=25715"}],"version-history":[{"count":1,"href":"https:\/\/unifranz.edu.bo\/pt\/wp-json\/wp\/v2\/posts\/25715\/revisions"}],"predecessor-version":[{"id":26047,"href":"https:\/\/unifranz.edu.bo\/pt\/wp-json\/wp\/v2\/posts\/25715\/revisions\/26047"}],"wp:featuredmedia":[{"embeddable":true,"href":"https:\/\/unifranz.edu.bo\/pt\/wp-json\/wp\/v2\/media\/25948"}],"wp:attachment":[{"href":"https:\/\/unifranz.edu.bo\/pt\/wp-json\/wp\/v2\/media?parent=25715"}],"wp:term":[{"taxonomy":"category","embeddable":true,"href":"https:\/\/unifranz.edu.bo\/pt\/wp-json\/wp\/v2\/categories?post=25715"},{"taxonomy":"post_tag","embeddable":true,"href":"https:\/\/unifranz.edu.bo\/pt\/wp-json\/wp\/v2\/tags?post=25715"}],"curies":[{"name":"wp","href":"https:\/\/api.w.org\/{rel}","templated":true}]}}