{"id":25703,"date":"2018-10-22T04:36:30","date_gmt":"2018-10-22T04:36:30","guid":{"rendered":"https:\/\/unifranz.edu.bo\/?p=24974"},"modified":"2018-11-06T02:43:46","modified_gmt":"2018-11-06T02:43:46","slug":"unifranz-participa-en-panel-del-banco-mundial-y-cainco-sobre-ciudades-productivas","status":"publish","type":"post","link":"https:\/\/unifranz.edu.bo\/pt\/eventos\/unifranz-participa-en-panel-del-banco-mundial-y-cainco-sobre-ciudades-productivas\/","title":{"rendered":"UNIFRANZ PARTICIPA EN PANEL DEL BANCO MUNDIAL Y CAINCO SOBRE CIUDADES PRODUCTIVAS"},"content":{"rendered":"<p><strong>Santa Cruz, octubre de 2018.<\/strong> La Universidad Privada Franz Tamayo particip\u00f3 en el foro \u201cSubamos el est\u00e1ndar para ciudades productivas en Am\u00e9rica Latina y el Caribe\u201d, organizado por el Banco Mundial y la CAINCO.<br \/>\nUno de los panelistas del conversatorio fue el doctor Carlos Dabdoub Arrien, Vicerrector de la sede de UNIFRANZ en Santa Cruz, quien identific\u00f3 el capital humano como un punto central del progreso y el desarrollo.<br \/>\nRecord\u00f3 que en Santa Cruz hay 18 universidades, con m\u00e1s de 150 000 estudiantes y 5000 docentes, lo que permitir\u00eda convertirla en una edutr\u00f3polis, dada la contribuci\u00f3n de la educaci\u00f3n superior a la innovaci\u00f3n y el avance cient\u00edfico-tecnol\u00f3gico, y su aporte de profesionales competentes.<br \/>\nConsider\u00f3 que la mayor riqueza de un pa\u00eds y de una ciudad es el conocimiento, pero advirti\u00f3 que a\u00fan falta coordinaci\u00f3n en Santa Cruz para agrupar a todos los que se dedican a la investigaci\u00f3n e innovaci\u00f3n, con el prop\u00f3sito de promover un mayor desarrollo de la ciencia y la tecnolog\u00eda.<br \/>\nEl Vicerrector de UNIFRANZ Santa Cruz se refiri\u00f3 a los esfuerzos de esta instituci\u00f3n acad\u00e9mica para contribuir a la construcci\u00f3n de una ciudad inteligente, amigable y sustentable, con la realizaci\u00f3n del Futures Week y el lanzamiento del programa 2030 Construyendo Futuros.<br \/>\nLa economista del Banco Mundial Mar\u00eda Marta Ferreyra present\u00f3 el estudio que dio nombre al foro, el cual realiz\u00f3 junto a su colega Mark Roberts, y que est\u00e1 enfocado en c\u00f3mo aumentar la productividad en las \u00e1reas urbanas a partir de tres elementos: la forma de las ciudades, la conectividad o acceso entre estas y el capital humano.<br \/>\nEn el panel tambi\u00e9n participaron Ang\u00e9lica Sosa, presidenta del Concejo Municipal, Javier Delgadillo, viceministro de Vivienda y Urbanismo, y Stevo Ostoic, vicepresidente del Grupo Lafuente.<\/p>\n<p>Sobre UNIFRANZ<br \/>\nLa Universidad Privada Franz Tamayo (UNIFRANZ) cumple 25 a\u00f1os de trayectoria en educaci\u00f3n superior y mantiene el compromiso de acompa\u00f1ar la evoluci\u00f3n de la sociedad en este mundo globalizado. Su actual modelo pedag\u00f3gico tiene un enfoque por competencias que se apoya en tres pilares: el saber, el saber hacer y el saber ser; a fin de formar profesionales de talento de clase mundial. Por ello, UNIFRANZ considera vital la internacionalizaci\u00f3n en su visi\u00f3n de una universidad disruptiva y transformadora que apunta a cambiar el modelo educativo de Bolivia. Cuenta con una infraestructura de m\u00e1s 65.000 metros cuadrados construidos en La Paz, El Alto, Cochabamba y Santa Cruz y obtuvo la certificaci\u00f3n de calidad ISO 9001: 2015.<\/p>\n<p><img loading=\"lazy\" decoding=\"async\" src=\"http:\/\/unifranz.edu.bo\/wp-content\/uploads\/2018\/10\/DSC_0541-300x200.jpg\" alt=\"\" width=\"300\" height=\"200\" class=\"alignnone size-medium wp-image-24976\"><img loading=\"lazy\" decoding=\"async\" src=\"http:\/\/unifranz.edu.bo\/wp-content\/uploads\/2018\/10\/DSC_0513-1-e1540182193763-300x166.jpg\" alt=\"\" width=\"300\" height=\"166\" class=\"alignnone size-medium wp-image-24977\" srcset=\"https:\/\/unifranz.edu.bo\/wp-content\/uploads\/2018\/10\/DSC_0513-1-e1540182193763-300x166.jpg 300w, https:\/\/unifranz.edu.bo\/wp-content\/uploads\/2018\/10\/DSC_0513-1-e1540182193763-1024x566.jpg 1024w, https:\/\/unifranz.edu.bo\/wp-content\/uploads\/2018\/10\/DSC_0513-1-e1540182193763-768x424.jpg 768w, https:\/\/unifranz.edu.bo\/wp-content\/uploads\/2018\/10\/DSC_0513-1-e1540182193763-1536x849.jpg 1536w, https:\/\/unifranz.edu.bo\/wp-content\/uploads\/2018\/10\/DSC_0513-1-e1540182193763-2048x1132.jpg 2048w, https:\/\/unifranz.edu.bo\/wp-content\/uploads\/2018\/10\/DSC_0513-1-e1540182193763-18x10.jpg 18w\" sizes=\"auto, (max-width: 300px) 100vw, 300px\" \/><img loading=\"lazy\" decoding=\"async\" src=\"http:\/\/unifranz.edu.bo\/wp-content\/uploads\/2018\/10\/DSC_0535-e1540182365107-300x239.jpg\" alt=\"\" width=\"300\" height=\"239\" class=\"alignnone size-medium wp-image-24978\"><\/p>","protected":false},"excerpt":{"rendered":"<p>Santa Cruz, octubre de 2018. La Universidad Privada Franz Tamayo particip\u00f3 en el foro \u201cSubamos el est\u00e1ndar para ciudades productivas en Am\u00e9rica Latina y el Caribe\u201d, organizado por el Banco Mundial y la CAINCO. Uno de los panelistas del conversatorio fue el doctor Carlos Dabdoub Arrien, Vicerrector de la sede de UNIFRANZ en Santa Cruz, &hellip; <a href=\"https:\/\/unifranz.edu.bo\/pt\/eventos\/unifranz-participa-en-panel-del-banco-mundial-y-cainco-sobre-ciudades-productivas\/\">Continued<\/a><\/p>","protected":false},"author":45,"featured_media":25898,"comment_status":"open","ping_status":"open","sticky":false,"template":"","format":"standard","meta":{"_acf_changed":false,"footnotes":""},"categories":[60,45,274],"tags":[619,621,593,623,625,43,242,627],"class_list":["post-25703","post","type-post","status-publish","format-standard","has-post-thumbnail","hentry","category-blog","category-eventos","category-santa-cruz","tag-america-latina","tag-banco-mundial","tag-cainco","tag-capital-humano","tag-ciudades-productivas","tag-santa-cruz","tag-unifranz","tag-universidades"],"acf":[],"_links":{"self":[{"href":"https:\/\/unifranz.edu.bo\/pt\/wp-json\/wp\/v2\/posts\/25703","targetHints":{"allow":["GET"]}}],"collection":[{"href":"https:\/\/unifranz.edu.bo\/pt\/wp-json\/wp\/v2\/posts"}],"about":[{"href":"https:\/\/unifranz.edu.bo\/pt\/wp-json\/wp\/v2\/types\/post"}],"author":[{"embeddable":true,"href":"https:\/\/unifranz.edu.bo\/pt\/wp-json\/wp\/v2\/users\/45"}],"replies":[{"embeddable":true,"href":"https:\/\/unifranz.edu.bo\/pt\/wp-json\/wp\/v2\/comments?post=25703"}],"version-history":[{"count":1,"href":"https:\/\/unifranz.edu.bo\/pt\/wp-json\/wp\/v2\/posts\/25703\/revisions"}],"predecessor-version":[{"id":26032,"href":"https:\/\/unifranz.edu.bo\/pt\/wp-json\/wp\/v2\/posts\/25703\/revisions\/26032"}],"wp:featuredmedia":[{"embeddable":true,"href":"https:\/\/unifranz.edu.bo\/pt\/wp-json\/wp\/v2\/media\/25898"}],"wp:attachment":[{"href":"https:\/\/unifranz.edu.bo\/pt\/wp-json\/wp\/v2\/media?parent=25703"}],"wp:term":[{"taxonomy":"category","embeddable":true,"href":"https:\/\/unifranz.edu.bo\/pt\/wp-json\/wp\/v2\/categories?post=25703"},{"taxonomy":"post_tag","embeddable":true,"href":"https:\/\/unifranz.edu.bo\/pt\/wp-json\/wp\/v2\/tags?post=25703"}],"curies":[{"name":"wp","href":"https:\/\/api.w.org\/{rel}","templated":true}]}}