{"id":25693,"date":"2018-10-15T15:57:15","date_gmt":"2018-10-15T15:57:15","guid":{"rendered":"https:\/\/unifranz.edu.bo\/?p=24863"},"modified":"2018-11-06T02:40:35","modified_gmt":"2018-11-06T02:40:35","slug":"realizan-acto-de-colacion-del-diplomado-en-educacion-superior-gestion-en-competencias-docentes","status":"publish","type":"post","link":"https:\/\/unifranz.edu.bo\/pt\/noticias\/realizan-acto-de-colacion-del-diplomado-en-educacion-superior-gestion-en-competencias-docentes\/","title":{"rendered":"Realizan acto de colaci\u00f3n del Diplomado en Educaci\u00f3n Superior: Gesti\u00f3n en Competencias Docentes"},"content":{"rendered":"<p><strong>Cochabamba, octubre de 2018.-&nbsp;<\/strong>La ceremonia del acto de colaci\u00f3n de postgrado de la primera y segunda versi\u00f3n del Diplomado en Educaci\u00f3n Superior: Gesti\u00f3n en Competencias Docentes del Departamento de Postgrado de UNIFRANZ, sede Cochabamba, se realiz\u00f3 el pasado 12 de octubre.<\/p>\n<p>El evento inici\u00f3 con el desfile de las autoridades acad\u00e9micas, encabezado por el vicerrector de la sede, Ing. Rolando L\u00f3pez L\u00f3pez. Tambi\u00e9n estuvieron presentes el Secretario General, Carlos Zambrana, la Decana Acad\u00e9mica, Raquel Guzm\u00e1n, la Directora de Postgrado, Pamela Gil y la Decana de Ciencias Jur\u00eddicas y Sociales, Mirtha Vargas.<\/p>\n<p>Posteriormente, ingresaron los graduados del mencionado diplomado, quienes recibieron los diplomas acad\u00e9micos de postgrado de mano del vicerrector de la sede y de la directora de Postgrado de Cochabamba.<\/p>\n<p>El vicerrector de la sede, Rolando L\u00f3pez, expres\u00f3 unas c\u00e1lidas palabras de felicitaci\u00f3n y motiv\u00f3 a los docentes a continuar con su formaci\u00f3n y nunca dejar de aprender, una de las premisas m\u00e1s importantes a la hora de ense\u00f1ar.<\/p>\n<p>Culminada la ceremonia, los presentes compartieron un ameno vino de honor.<\/p>\n<p><img loading=\"lazy\" decoding=\"async\" class=\"size-medium wp-image-24865\" src=\"http:\/\/unifranz.edu.bo\/wp-content\/uploads\/2018\/10\/IMG_20181012_192545-300x195.jpg\" alt=\"\" width=\"300\" height=\"195\"><\/p>\n<p>&nbsp;<\/p>\n<p><img loading=\"lazy\" decoding=\"async\" class=\"size-medium wp-image-24869\" src=\"http:\/\/unifranz.edu.bo\/wp-content\/uploads\/2018\/10\/IMG_20181012_200300-300x203.jpg\" alt=\"\" width=\"300\" height=\"203\"><\/p>\n<p>&nbsp;<\/p>\n<p><img loading=\"lazy\" decoding=\"async\" class=\"size-medium wp-image-24868\" src=\"http:\/\/unifranz.edu.bo\/wp-content\/uploads\/2018\/10\/IMG_20181012_200120-230x300.jpg\" alt=\"\" width=\"230\" height=\"300\"><\/p>\n<p>&nbsp;<\/p>\n<p><img loading=\"lazy\" decoding=\"async\" class=\"size-medium wp-image-24867\" src=\"http:\/\/unifranz.edu.bo\/wp-content\/uploads\/2018\/10\/IMG_20181012_194844-300x300.jpg\" alt=\"\" width=\"300\" height=\"300\"><\/p>\n<p>&nbsp;<\/p>\n<p><img loading=\"lazy\" decoding=\"async\" class=\"size-medium wp-image-24866\" src=\"http:\/\/unifranz.edu.bo\/wp-content\/uploads\/2018\/10\/IMG_20181012_194749-262x300.jpg\" alt=\"\" width=\"262\" height=\"300\"><\/p>\n<p>&nbsp;<\/p>\n<p><img loading=\"lazy\" decoding=\"async\" class=\"size-medium wp-image-24870\" src=\"http:\/\/unifranz.edu.bo\/wp-content\/uploads\/2018\/10\/IMG_20181012_201214-300x236.jpg\" alt=\"\" width=\"300\" height=\"236\"><\/p>","protected":false},"excerpt":{"rendered":"<p>Cochabamba, octubre de 2018.-&nbsp;La ceremonia del acto de colaci\u00f3n de postgrado de la primera y segunda versi\u00f3n del Diplomado en Educaci\u00f3n Superior: Gesti\u00f3n en Competencias Docentes del Departamento de Postgrado de UNIFRANZ, sede Cochabamba, se realiz\u00f3 el pasado 12 de octubre. El evento inici\u00f3 con el desfile de las autoridades acad\u00e9micas, encabezado por el vicerrector &hellip; <a href=\"https:\/\/unifranz.edu.bo\/pt\/noticias\/realizan-acto-de-colacion-del-diplomado-en-educacion-superior-gestion-en-competencias-docentes\/\">Continued<\/a><\/p>","protected":false},"author":45,"featured_media":25864,"comment_status":"open","ping_status":"open","sticky":false,"template":"","format":"standard","meta":{"_acf_changed":false,"footnotes":""},"categories":[60,280,45,29],"tags":[314,601,472],"class_list":["post-25693","post","type-post","status-publish","format-standard","has-post-thumbnail","hentry","category-blog","category-cochabamba","category-eventos","category-noticias","tag-competencias","tag-diplomado","tag-educacion-superior"],"acf":[],"_links":{"self":[{"href":"https:\/\/unifranz.edu.bo\/pt\/wp-json\/wp\/v2\/posts\/25693","targetHints":{"allow":["GET"]}}],"collection":[{"href":"https:\/\/unifranz.edu.bo\/pt\/wp-json\/wp\/v2\/posts"}],"about":[{"href":"https:\/\/unifranz.edu.bo\/pt\/wp-json\/wp\/v2\/types\/post"}],"author":[{"embeddable":true,"href":"https:\/\/unifranz.edu.bo\/pt\/wp-json\/wp\/v2\/users\/45"}],"replies":[{"embeddable":true,"href":"https:\/\/unifranz.edu.bo\/pt\/wp-json\/wp\/v2\/comments?post=25693"}],"version-history":[{"count":1,"href":"https:\/\/unifranz.edu.bo\/pt\/wp-json\/wp\/v2\/posts\/25693\/revisions"}],"predecessor-version":[{"id":26024,"href":"https:\/\/unifranz.edu.bo\/pt\/wp-json\/wp\/v2\/posts\/25693\/revisions\/26024"}],"wp:featuredmedia":[{"embeddable":true,"href":"https:\/\/unifranz.edu.bo\/pt\/wp-json\/wp\/v2\/media\/25864"}],"wp:attachment":[{"href":"https:\/\/unifranz.edu.bo\/pt\/wp-json\/wp\/v2\/media?parent=25693"}],"wp:term":[{"taxonomy":"category","embeddable":true,"href":"https:\/\/unifranz.edu.bo\/pt\/wp-json\/wp\/v2\/categories?post=25693"},{"taxonomy":"post_tag","embeddable":true,"href":"https:\/\/unifranz.edu.bo\/pt\/wp-json\/wp\/v2\/tags?post=25693"}],"curies":[{"name":"wp","href":"https:\/\/api.w.org\/{rel}","templated":true}]}}