{"id":242580,"date":"2024-04-17T17:57:18","date_gmt":"2024-04-17T21:57:18","guid":{"rendered":"https:\/\/unifranz.edu.bo\/?p=242580"},"modified":"2024-04-17T17:57:18","modified_gmt":"2024-04-17T21:57:18","slug":"ansiedad-depresion-y-problemas-de-conducta-trastornos-que-marcan-la-adolescencia","status":"publish","type":"post","link":"https:\/\/unifranz.edu.bo\/pt\/carreras\/ansiedad-depresion-y-problemas-de-conducta-trastornos-que-marcan-la-adolescencia\/","title":{"rendered":"Ansiedad, depresi\u00f3n y problemas de conducta: trastornos que marcan la adolescencia"},"content":{"rendered":"<p><span style=\"font-weight: 400; color: #000000;\">Por Jorge L\u00f3pez y Beatriz Cahuasa<\/span><\/p>\n<p><span style=\"font-weight: 400; color: #000000;\">La adolescencia es una etapa crucial, llena de cambios y desaf\u00edos. Durante este per\u00edodo, los j\u00f3venes pueden enfrentarse a trastornos emocionales y mentales que afectan su bienestar. Entre ellos, los m\u00e1s frecuentes son la depresi\u00f3n, los des\u00f3rdenes de comportamiento y la ansiedad.<\/span><\/p>\n<p><span style=\"font-weight: 400; color: #000000;\">Datos de la Organizaci\u00f3n Mundial de la Salud (OMS) dan cuenta que de cada siete adolescentes de entre 10 a 19 a\u00f1os (14%), uno padece alg\u00fan trastorno mental. La instituci\u00f3n advierte que estas enfermedades siguen en gran medida sin recibir el reconocimiento y tratamiento respectivo por parte de los estados.<\/span><\/p>\n<p><span style=\"font-weight: 400; color: #000000;\">\u201cLos adolescentes con trastornos mentales son, particularmente, vulnerables a sufrir exclusi\u00f3n social, discriminaci\u00f3n, problemas de estigmatizaci\u00f3n (que afectan a la disposici\u00f3n a buscar ayuda), dificultades educativas, comportamientos de riesgo, mala salud f\u00edsica y violaciones de derechos humanos\u201d, se\u00f1ala la OMS.<\/span><\/p>\n<p><span style=\"font-weight: 400; color: #000000;\">\u201cLos trastornos mentales, como la ansiedad, depresi\u00f3n y trastornos de comportamiento, son usuales en la adolescencia, particularmente en esta generaci\u00f3n. Tambi\u00e9n en nuestra realidad boliviana\u201d, asegura Liudmila Loayza, directora de la carrera de Psicolog\u00eda de la Universidad Franz Tamayo, Unifranz.<\/span><\/p>\n<p><span style=\"font-weight: 400; color: #000000;\">Si estos trastornos no son atendidos a tiempo pueden traer consecuencias duraderas, al afectar la salud mental y f\u00edsica. La experta en psicolog\u00eda apunta, adem\u00e1s, otros problemas inherentes a esta edad como el s\u00edndrome de Asperger y el trastorno de d\u00e9ficit de atenci\u00f3n.<\/span><\/p>\n<p><span style=\"font-weight: 400; color: #000000;\">En la etapa de la adolescencia se experimentan la mayor\u00eda de los cambios internos como externos. Estos cambios generan una especie de shock en el adolescente, lo que deriva, muchas veces, en sentimiento de incomprensi\u00f3n con respecto a los adultos e inseguridad emocional, que acaban en ansiedad, depresi\u00f3n, trastornos de alimentaci\u00f3n y depresi\u00f3n, entre otros.<\/span><\/p>\n<p><span style=\"font-weight: 400; color: #000000;\">\u201cLa adolescencia es el per\u00edodo crucial para el desarrollo de h\u00e1bitos sociales y emocionales, que son importantes para el bienestar mental. Razones como la presi\u00f3n social y parental pueden contribuir a la ansiedad y al estr\u00e9s durante esta etapa de la vida\u201d, agrega por su parte Anderson Gonz\u00e1lez, tambi\u00e9n psic\u00f3logo de profesi\u00f3n.\u00a0\u00a0<\/span><\/p>\n<p><span style=\"font-weight: 400; color: #000000;\">Los expertos indican que los adolescentes, a menudo, omiten compartir sus sentimientos o problemas con los padres debido a la falta de confianza en el entorno familiar. Esta situaci\u00f3n los lleva a que busquen apoyo en amigos o conocidos y, en ocasiones, opten por v\u00edas m\u00e1s extremas, como la dependencia a alguna sustancia o las autolesiones.<\/span><\/p>\n<p><span style=\"font-weight: 400; color: #000000;\">\u201cMi cuerpo no me gusta, siento que estoy con sobrepeso y que no estoy en los est\u00e1ndares de la gente de mi edad\u201d, se\u00f1ala Fabiola, estudiante de secundaria, quien asegura que es v\u00edctima de burlas por su condici\u00f3n en su entorno escolar.<\/span><\/p>\n<figure id=\"attachment_242582\" aria-describedby=\"caption-attachment-242582\" style=\"width: 914px\" class=\"wp-caption aligncenter\"><img loading=\"lazy\" decoding=\"async\" class=\"wp-image-242582\" src=\"https:\/\/unifranz.edu.bo\/wp-content\/uploads\/2024\/04\/TRANSTORNOS-ADOLESCENCIA5-300x200.jpeg\" alt=\"\" width=\"914\" height=\"609\" srcset=\"https:\/\/unifranz.edu.bo\/wp-content\/uploads\/2024\/04\/TRANSTORNOS-ADOLESCENCIA5-300x200.jpeg 300w, https:\/\/unifranz.edu.bo\/wp-content\/uploads\/2024\/04\/TRANSTORNOS-ADOLESCENCIA5-1024x683.jpeg 1024w, https:\/\/unifranz.edu.bo\/wp-content\/uploads\/2024\/04\/TRANSTORNOS-ADOLESCENCIA5-768x512.jpeg 768w, https:\/\/unifranz.edu.bo\/wp-content\/uploads\/2024\/04\/TRANSTORNOS-ADOLESCENCIA5-1536x1024.jpeg 1536w, https:\/\/unifranz.edu.bo\/wp-content\/uploads\/2024\/04\/TRANSTORNOS-ADOLESCENCIA5-18x12.jpeg 18w, https:\/\/unifranz.edu.bo\/wp-content\/uploads\/2024\/04\/TRANSTORNOS-ADOLESCENCIA5.jpeg 1563w\" sizes=\"auto, (max-width: 914px) 100vw, 914px\" \/><figcaption id=\"caption-attachment-242582\" class=\"wp-caption-text\"><\/span><\/em> <em><span style=\"color: #000000;\">Ansiedad, depresi\u00f3n y problemas de conducta: tres trastornos que marcan la adolescencia.<\/span><\/em><\/figcaption><\/figure>\n<p><span style=\"color: #000000;\"><b>\u00bfC\u00f3mo saber si nuestros hijos est\u00e1n en esta situaci\u00f3n?\u00a0<\/b><\/span><\/p>\n<p><span style=\"font-weight: 400; color: #000000;\">Los problemas de comportamiento o emocionales, conducta alimentaria, problemas de identidad, de aprendizaje como es el caso del d\u00e9ficit de atenci\u00f3n, con el alcohol o las drogas, la ira, el aislamiento social, entre otros, pueden acercarnos a esa realidad, manifiesta la psic\u00f3loga.\u00a0<\/span><\/p>\n<p><span style=\"font-weight: 400; color: #000000;\">Muchas veces, los padres de familia son los que pasan por alto los trastornos que sufren sus hijos o no los entienden, comenta Rafael L\u00f3pez, quien tiene a un hijo en la promoci\u00f3n de un colegio de La Paz.<\/span><\/p>\n<p><span style=\"font-weight: 400; color: #000000;\">\u201cMi hijo enfrenta algunos desaf\u00edos emocionales (alegr\u00eda, tristeza, emoci\u00f3n) durante esta etapa de la adolescencia, y lo entiendo porque es dif\u00edcil a su edad. Lo vivimos nosotros cuando est\u00e1bamos en esa etapa, son cambios que todos experimentamos\u201d, se\u00f1ala Felipe Medina, padre de tres hijos adolescentes.<\/span><\/p>\n<p><span style=\"font-weight: 400; color: #000000;\">Para Loayza, son los padres los llamados a identificar estos problemas en sus hijos. Sin embargo, requieren el conocimiento apropiado para responder ante estas situaciones. \u201cAh\u00ed entran los psic\u00f3logos, que estamos llamados a atender este tipo de situaciones. Como padres no podemos dejar que las cosas pasen como si nada, hay que buscar soluciones\u201d.\u00a0<\/span><\/p>\n<p><span style=\"font-weight: 400; color: #000000;\">Existen\u00a0 estereotipos, como que los adolescentes creen que acudir a un psic\u00f3logo significa que ya est\u00e1n locos, una apreciaci\u00f3n equivocada, ya que \u201ctodos deber\u00edamos ir regularmente a uno de estos especialistas, son ellos quienes, con sus herramientas, nos ayudar\u00e1n a abordar nuestros problemas emocionales y de estr\u00e9s\u201d, afirma.\u00a0<\/span><\/p>\n<p><span style=\"font-weight: 400; color: #000000;\">O acudir a lugares de asistencia espec\u00edfica, centros de ayuda como la Casa del Adolescente Bolivia de servicio p\u00fablico. en el que se ofrece asistencia psicol\u00f3gica reforzada con din\u00e1micas de grupo en las que se trabaja la resiliencia.<\/span><\/p>\n<p><span style=\"color: #000000;\"><b>Depresi\u00f3n y ansiedad\u00a0<\/b><\/span><\/p>\n<p><span style=\"font-weight: 400; color: #000000;\">La depresi\u00f3n tiene como caracter\u00edstica esencial a la tristeza persistente y cr\u00f3nica, no se tienen ganas de realizar actividades que antes eran divertidas, est\u00e1 en una situaci\u00f3n de irritabilidad y frustraci\u00f3n. En cambio, la ansiedad est\u00e1 relacionada con el nerviosismo, el sentir miedo extremo acerca de una situaci\u00f3n o algo espec\u00edfico, estar muy preocupado por el futuro y acerca de que sucedan cosas malas, entre otros.\u00a0\u00a0<\/span><\/p>\n<p><span style=\"font-weight: 400; color: #000000;\">Los s\u00edntomas de la ansiedad tambi\u00e9n pueden incluir problemas para dormir, fatiga, dolores de cabeza y de est\u00f3mago.\u00a0<\/span><\/p>\n<p><span style=\"font-weight: 400; color: #000000;\">Para la OMS es fundamental que los gobiernos y sus pol\u00edticas de salud entiendan la importancia de atender la salud mental en entornos escolares, estudiantiles y en general en su poblaci\u00f3n. <\/span><\/p>","protected":false},"excerpt":{"rendered":"<p>Por Jorge L\u00f3pez y Beatriz Cahuasa La adolescencia es una etapa crucial, llena de cambios y desaf\u00edos. Durante este per\u00edodo, los j\u00f3venes pueden enfrentarse a trastornos emocionales y mentales que afectan su bienestar. Entre ellos, los m\u00e1s frecuentes son la depresi\u00f3n, los des\u00f3rdenes de comportamiento y la ansiedad. Datos de la Organizaci\u00f3n Mundial de la &hellip; <a href=\"https:\/\/unifranz.edu.bo\/pt\/carreras\/ansiedad-depresion-y-problemas-de-conducta-trastornos-que-marcan-la-adolescencia\/\">Continued<\/a><\/p>","protected":false},"author":45,"featured_media":242581,"comment_status":"open","ping_status":"open","sticky":false,"template":"","format":"standard","meta":{"_acf_changed":false,"footnotes":""},"categories":[60,35,2566,2194,6466,1782],"tags":[2464,2462,8304,240,2944,8302,242],"class_list":["post-242580","post","type-post","status-publish","format-standard","has-post-thumbnail","hentry","category-blog","category-carreras","category-docente","category-psicologia","category-salud-mental","category-unifranz","tag-ansiedad","tag-depresion","tag-problemas-de-conducta","tag-psicologia","tag-salud-mental","tag-trastornos-de-adolescentes","tag-unifranz"],"acf":[],"_links":{"self":[{"href":"https:\/\/unifranz.edu.bo\/pt\/wp-json\/wp\/v2\/posts\/242580","targetHints":{"allow":["GET"]}}],"collection":[{"href":"https:\/\/unifranz.edu.bo\/pt\/wp-json\/wp\/v2\/posts"}],"about":[{"href":"https:\/\/unifranz.edu.bo\/pt\/wp-json\/wp\/v2\/types\/post"}],"author":[{"embeddable":true,"href":"https:\/\/unifranz.edu.bo\/pt\/wp-json\/wp\/v2\/users\/45"}],"replies":[{"embeddable":true,"href":"https:\/\/unifranz.edu.bo\/pt\/wp-json\/wp\/v2\/comments?post=242580"}],"version-history":[{"count":1,"href":"https:\/\/unifranz.edu.bo\/pt\/wp-json\/wp\/v2\/posts\/242580\/revisions"}],"predecessor-version":[{"id":242583,"href":"https:\/\/unifranz.edu.bo\/pt\/wp-json\/wp\/v2\/posts\/242580\/revisions\/242583"}],"wp:featuredmedia":[{"embeddable":true,"href":"https:\/\/unifranz.edu.bo\/pt\/wp-json\/wp\/v2\/media\/242581"}],"wp:attachment":[{"href":"https:\/\/unifranz.edu.bo\/pt\/wp-json\/wp\/v2\/media?parent=242580"}],"wp:term":[{"taxonomy":"category","embeddable":true,"href":"https:\/\/unifranz.edu.bo\/pt\/wp-json\/wp\/v2\/categories?post=242580"},{"taxonomy":"post_tag","embeddable":true,"href":"https:\/\/unifranz.edu.bo\/pt\/wp-json\/wp\/v2\/tags?post=242580"}],"curies":[{"name":"wp","href":"https:\/\/api.w.org\/{rel}","templated":true}]}}