{"id":23989,"date":"2018-09-15T14:16:46","date_gmt":"2018-09-15T14:16:46","guid":{"rendered":"https:\/\/unifranz.edu.bo\/?p=23989"},"modified":"2018-12-10T11:00:09","modified_gmt":"2018-12-10T15:00:09","slug":"unifranz-se-suma-a-la-campana-alianza-por-una-ciudad-segura","status":"publish","type":"post","link":"https:\/\/unifranz.edu.bo\/pt\/blog\/unifranz-se-suma-a-la-campana-alianza-por-una-ciudad-segura\/","title":{"rendered":"UNIFRANZ SE SUMA A LA CAMPANA: ALIANZA POR UNA CIUDAD SEGURA"},"content":{"rendered":"<p>El Alto, Septiembre 2018. Con la finalidad de concientizar a la poblaci\u00f3n sobre los efectos nocivos del consumo de alcohol y sustancias controladas, la Universidad Privada Franz Tamayo Sede El Alto se suma a la campana \u00abAlianza por una Ciudad Segura\u00bb del Gobierno Aut\u00f3nomo Municipal de El Alto (GAMEA).<\/p>\n<p>Para lograr el objetivo planteado, esta campa\u00f1a mostr\u00f3 la alarmante realidad sobre el consumo de alcohol y sustancias controladas en la ciudad de El Alto por parte de j\u00f3venes entre 15 y 19 a\u00f1os, dichos j\u00f3venes se encuentran en pleno proceso de desarrollo y su consumo puede dar lugar a deterioro cognitivo y se asocia con riesgo elevado de desarrollar un trastorno cr\u00f3nico de consumo de alcohol. Para cambiar esta realidad, la UNIFRANZ Sede El Alto realiz\u00f3 mesas de trabajo para transformar el mensaje tradicional sobre dicho consumo: \u201cEl consumo de alcohol es da\u00f1ino para la salud\u201d.<\/p>\n<p>A partir de t\u00e9cnicas de an\u00e1lisis implementadas en estudios de Psicolog\u00eda, se trabajar\u00e1 en una campa\u00f1a de prevenci\u00f3n del consumo de alcohol en adolescentes desde un enfoque de seguridad ciudadana. El objetivo de esta sinergia de instituciones, UNIFRANZ y GAMEA, es que los estudiantes de la carrera de Psicolog\u00eda de la UNIFRANZ El Alto se conviertan en los voceros de la campa\u00f1a pensada para colegios de la urbe alte\u00f1a.<\/p>\n<p>Este primer acercamiento con la comunidad estudiantil UNIFRANZ sirvi\u00f3 para que los estudiantes se conviertan en promotores y facilitadores de las mesas de trabajo sobre factores que inciden en el consumo temprano de alcohol. En una segunda instancia se trabajar\u00e1 con j\u00f3venes de sexto a\u00f1o de secundaria de instituciones educativas de El Alto.<\/p>\n<p>Por \u00faltimo, la flamante Directora de la Carrera de Psicolog\u00eda, Eliana Susseth Exalto Ruiz, agradeci\u00f3 a la Secretaria de Seguridad Ciudadana por hacer a UNIFRANZ parte del proyecto; y a la comunidad estudiantil UNIFRANZ, \u201cespero que acompa\u00f1en este proyecto de concientizaci\u00f3n que se tiene previsto realizar en instituciones educativas de la ciudad. El estudio presentado por el GAMEA, muestra un comportamiento alarmante en nuestra querida poblaci\u00f3n, por lo cual UNIFRANZ se suma a esta lucha en beneficio de todos\u201d.<\/p>\n<p>Sobre UNIFRANZ<br \/>\nLa Universidad Privada Franz Tamayo \u2013 UNIFRANZ cumple 25 a\u00f1os de trayectoria en educaci\u00f3n superior y mantiene el compromiso de acompa\u00f1ar la evoluci\u00f3n de la sociedad en este mundo globalizado. Su actual modelo pedag\u00f3gico tiene un enfoque por competencias que se apoya en tres pilares: el saber, el saber hacer y el saber ser; a fin de formar profesionales de talento de clase mundial. Por ello, la UNIFRANZ considera vital la internacionalizaci\u00f3n en su visi\u00f3n de una universidad disruptiva y transformadora que apunta a cambiar el modelo educativo de Bolivia. Cuenta con una infraestructura de m\u00e1s 65.000 metros cuadrados construidos en La Paz, El Alto, Cochabamba y Santa Cruz y obtuvo la certificaci\u00f3n de calidad ISO 9001: 2015.<\/p>\n<p><img loading=\"lazy\" decoding=\"async\" src=\"https:\/\/unifranz.edu.bo\/wp-content\/uploads\/2018\/09\/IMG_4049-300x200.jpg\" alt=\"\" width=\"300\" height=\"200\" class=\"alignnone size-medium wp-image-23986\"><\/p>","protected":false},"excerpt":{"rendered":"<p>El Alto, Septiembre 2018. Con la finalidad de concientizar a la poblaci\u00f3n sobre los efectos nocivos del consumo de alcohol y sustancias controladas, la Universidad Privada Franz Tamayo Sede El Alto se suma a la campana \u00abAlianza por una Ciudad Segura\u00bb del Gobierno Aut\u00f3nomo Municipal de El Alto (GAMEA). Para lograr el objetivo planteado, esta &hellip; <a href=\"https:\/\/unifranz.edu.bo\/pt\/blog\/unifranz-se-suma-a-la-campana-alianza-por-una-ciudad-segura\/\">Continued<\/a><\/p>","protected":false},"author":45,"featured_media":23985,"comment_status":"open","ping_status":"open","sticky":false,"template":"","format":"standard","meta":{"_acf_changed":false,"footnotes":""},"categories":[60,454,302],"tags":[47,376,242],"class_list":["post-23989","post","type-post","status-publish","format-standard","has-post-thumbnail","hentry","category-blog","category-convenios","category-el-alto","tag-el-alto","tag-gamea","tag-unifranz"],"acf":[],"_links":{"self":[{"href":"https:\/\/unifranz.edu.bo\/pt\/wp-json\/wp\/v2\/posts\/23989","targetHints":{"allow":["GET"]}}],"collection":[{"href":"https:\/\/unifranz.edu.bo\/pt\/wp-json\/wp\/v2\/posts"}],"about":[{"href":"https:\/\/unifranz.edu.bo\/pt\/wp-json\/wp\/v2\/types\/post"}],"author":[{"embeddable":true,"href":"https:\/\/unifranz.edu.bo\/pt\/wp-json\/wp\/v2\/users\/45"}],"replies":[{"embeddable":true,"href":"https:\/\/unifranz.edu.bo\/pt\/wp-json\/wp\/v2\/comments?post=23989"}],"version-history":[{"count":1,"href":"https:\/\/unifranz.edu.bo\/pt\/wp-json\/wp\/v2\/posts\/23989\/revisions"}],"predecessor-version":[{"id":26774,"href":"https:\/\/unifranz.edu.bo\/pt\/wp-json\/wp\/v2\/posts\/23989\/revisions\/26774"}],"wp:featuredmedia":[{"embeddable":true,"href":"https:\/\/unifranz.edu.bo\/pt\/wp-json\/wp\/v2\/media\/23985"}],"wp:attachment":[{"href":"https:\/\/unifranz.edu.bo\/pt\/wp-json\/wp\/v2\/media?parent=23989"}],"wp:term":[{"taxonomy":"category","embeddable":true,"href":"https:\/\/unifranz.edu.bo\/pt\/wp-json\/wp\/v2\/categories?post=23989"},{"taxonomy":"post_tag","embeddable":true,"href":"https:\/\/unifranz.edu.bo\/pt\/wp-json\/wp\/v2\/tags?post=23989"}],"curies":[{"name":"wp","href":"https:\/\/api.w.org\/{rel}","templated":true}]}}