{"id":23726,"date":"2018-09-03T05:29:38","date_gmt":"2018-09-03T05:29:38","guid":{"rendered":"https:\/\/unifranz.edu.bo\/?p=23726"},"modified":"2018-09-03T05:29:38","modified_gmt":"2018-09-03T05:29:38","slug":"participo-unifranz-en-ruedas-de-negocios-de-amcham","status":"publish","type":"post","link":"https:\/\/unifranz.edu.bo\/pt\/eventos\/participo-unifranz-en-ruedas-de-negocios-de-amcham\/","title":{"rendered":"PARTICIP\u00d3 UNIFRANZ EN RUEDAS DE NEGOCIOS DE AMCHAM"},"content":{"rendered":"<p><strong>Santa Cruz, septiembre de 2018.<\/strong> La Universidad Privada Franz Tamayo estuvo presente en las ruedas de negocios que AmCham (C\u00e1mara Americana de Comercio) de Bolivia realiz\u00f3 esta \u00faltima semana en La Paz y Santa Cruz.<br \/>\nEmilio Evia, Vicerrector Nacional de Postgrado, explic\u00f3 que UNIFRANZ fue una de las tres universidades del pa\u00eds elegidas para participar en el importante evento. \u201cNos estamos posicionando cerca de clientes del \u00e1rea de negocios, estamos empezando a jugar un rol m\u00e1s protag\u00f3nico dentro de la comunidad empresarial\u201d, precis\u00f3.<br \/>\nEvia valor\u00f3 positivamente la integraci\u00f3n de docentes, estudiantes, la Red Alumni y la Unidad de Postgrado de UNIFRANZ a todas las iniciativas de AmCham, como formar parte de AmCham Junior, una red de negocios para j\u00f3venes emprendedores del pa\u00eds.<br \/>\nLa Universidad Privada Franz Tamayo estuvo presente con una oferta acad\u00e9mica in-house en empresas, hecha como \u201cun traje a medida\u201d, que se adecua a lo que necesita cada una de las entidades que requieren las ofertas de UNIFRANZ, explic\u00f3 el Vicerrector Nacional de Postgrado.<br \/>\nPara ello, se prepar\u00f3 un men\u00fa de temas que preocupan hoy al sector empresarial, como la generaci\u00f3n de empleo, el talento humano, la vinculaci\u00f3n y desvinculaci\u00f3n laboral. Tambi\u00e9n la generaci\u00f3n de estrategias a trav\u00e9s del juego de Lego Serious Play, que desarroll\u00f3 una metodolog\u00eda para promover la creatividad dentro de las empresas.<br \/>\nEn Santa Cruz, la Rueda de Negocios de AmCham y AmCham Junior se llev\u00f3 a cabo en el Sal\u00f3n Exhibici\u00f3n del Hotel Los Tajibos, donde representantes de m\u00e1s de 50 empresas e instituciones tomaron parte en las reuniones con el prop\u00f3sito de realizar negocios, establecer acuerdos de cooperaci\u00f3n o alianzas estrat\u00e9gicas.<br \/>\nLa representaci\u00f3n de UNIFRANZ-Santa Cruz sostuvo reuniones con m\u00e1s de 20 empresas, a las que dieron a conocer la oferta acad\u00e9mica de postgrado, en particular la modalidad de cursos in-house, en la que los docentes se desplazan y desarrollan el programa acad\u00e9mico en la sede de la empresa. Tambi\u00e9n se inform\u00f3 sobre la Red Alumni y la bolsa de empleo.<br \/>\n<img loading=\"lazy\" decoding=\"async\" src=\"https:\/\/unifranz.edu.bo\/wp-content\/uploads\/2018\/09\/WhatsApp-Image-2018-08-30-at-20.03.55-300x224.jpeg\" alt=\"\" width=\"300\" height=\"224\" class=\"alignnone size-medium wp-image-23728\" \/><img loading=\"lazy\" decoding=\"async\" src=\"https:\/\/unifranz.edu.bo\/wp-content\/uploads\/2018\/09\/WhatsApp-Image-2018-08-30-at-20.03.53-300x224.jpeg\" alt=\"\" width=\"300\" height=\"224\" class=\"alignnone size-medium wp-image-23729\" \/><br \/>\nEn las fotos: Evelin Mendoza, directora de Postgrado, y Liliana N\u00fa\u00f1ez, coordinadora de Servicios estudiantiles, reunidas con representantes de empresas interesadas en la oferta de UNIFRANZ.<\/p>","protected":false},"excerpt":{"rendered":"<p>Santa Cruz, septiembre de 2018. La Universidad Privada Franz Tamayo estuvo presente en las ruedas de negocios que AmCham (C\u00e1mara Americana de Comercio) de Bolivia realiz\u00f3 esta \u00faltima semana en La Paz y Santa Cruz. Emilio Evia, Vicerrector Nacional de Postgrado, explic\u00f3 que UNIFRANZ fue una de las tres universidades del pa\u00eds elegidas para participar &hellip; <a href=\"https:\/\/unifranz.edu.bo\/pt\/eventos\/participo-unifranz-en-ruedas-de-negocios-de-amcham\/\">Continued<\/a><\/p>","protected":false},"author":45,"featured_media":23730,"comment_status":"open","ping_status":"open","sticky":false,"template":"","format":"standard","meta":{"_acf_changed":false,"footnotes":""},"categories":[60,45,274],"tags":[390,392,394,56,396,398,43,242],"class_list":["post-23726","post","type-post","status-publish","format-standard","has-post-thumbnail","hentry","category-blog","category-eventos","category-santa-cruz","tag-amcham","tag-amcham-junior","tag-oferta-academica-in-house","tag-postgrado","tag-red-alumni","tag-rueda-de-negocios","tag-santa-cruz","tag-unifranz"],"acf":[],"_links":{"self":[{"href":"https:\/\/unifranz.edu.bo\/pt\/wp-json\/wp\/v2\/posts\/23726","targetHints":{"allow":["GET"]}}],"collection":[{"href":"https:\/\/unifranz.edu.bo\/pt\/wp-json\/wp\/v2\/posts"}],"about":[{"href":"https:\/\/unifranz.edu.bo\/pt\/wp-json\/wp\/v2\/types\/post"}],"author":[{"embeddable":true,"href":"https:\/\/unifranz.edu.bo\/pt\/wp-json\/wp\/v2\/users\/45"}],"replies":[{"embeddable":true,"href":"https:\/\/unifranz.edu.bo\/pt\/wp-json\/wp\/v2\/comments?post=23726"}],"version-history":[{"count":0,"href":"https:\/\/unifranz.edu.bo\/pt\/wp-json\/wp\/v2\/posts\/23726\/revisions"}],"wp:featuredmedia":[{"embeddable":true,"href":"https:\/\/unifranz.edu.bo\/pt\/wp-json\/wp\/v2\/media\/23730"}],"wp:attachment":[{"href":"https:\/\/unifranz.edu.bo\/pt\/wp-json\/wp\/v2\/media?parent=23726"}],"wp:term":[{"taxonomy":"category","embeddable":true,"href":"https:\/\/unifranz.edu.bo\/pt\/wp-json\/wp\/v2\/categories?post=23726"},{"taxonomy":"post_tag","embeddable":true,"href":"https:\/\/unifranz.edu.bo\/pt\/wp-json\/wp\/v2\/tags?post=23726"}],"curies":[{"name":"wp","href":"https:\/\/api.w.org\/{rel}","templated":true}]}}