{"id":23379,"date":"2018-08-20T13:37:05","date_gmt":"2018-08-20T13:37:05","guid":{"rendered":"https:\/\/unifranz.edu.bo\/?p=23379"},"modified":"2018-08-20T13:37:05","modified_gmt":"2018-08-20T13:37:05","slug":"unifranz-gradua-a-la-cuadragesima-octava-generacion-de-profesionales","status":"publish","type":"post","link":"https:\/\/unifranz.edu.bo\/pt\/noticias\/unifranz-gradua-a-la-cuadragesima-octava-generacion-de-profesionales\/","title":{"rendered":"UNIFRANZ GRAD\u00daA A LA CUADRAG\u00c9SIMA OCTAVA GENERACI\u00d3N DE PROFESIONALES"},"content":{"rendered":"<p>La Paz, Agosto 2018. En un solemne acto de Colaci\u00f3n de Grado, la Cuadrag\u00e9sima Octava generaci\u00f3n de profesionales de la Universidad Privada Franz Tamayo Sede La Paz, tuvo una maravillosa velada a la culminaci\u00f3n finalizado sus estudios de Grado. Convirti\u00e9ndose as\u00ed en nuevos embajadores de la Naci\u00f3n UNIFRANZ.   <\/p>\n<p>El Acto de Colaci\u00f3n de grado de la promoci\u00f3n de profesionales de la UNIFRANZ se llev\u00f3 a cabo el viernes 10 de agosto en el Centro de Eventos y Convenciones del \u00abColegio M\u00e9dico\u00bb en la zona de Obrajes. Este evento cont\u00f3 con la participaci\u00f3n de la Rectora Nacional de la UNIFRANZ, Arq. DESA Ver\u00f3nica Agreda, el Vicerrector Acad\u00e9mico Nacional Ing. Gustavo Monta\u00f1o, el Vicerrector de la Sede La Paz, Pedro S\u00e1enz, el Decano Acad\u00e9mico Roberto Oblitas, los Decanos y Directores de Carrera.<br \/>\n\u201cEn nombre del Directorio de la Universidad Privada Franz Tamayo, del Consejo Acad\u00e9mico, del Claustro de profesores y del Rectorado Nacional, les confiero, a los que han cumplido con todos los requisitos normativo internos y las leyes nacionales, el grado acad\u00e9mico que les corresponde por los programas cursados con los honores, derechos y privilegios que esto conlleva\u201d, declar\u00f3 la Rectora Nacional de UNIFRANZ, La Arq. DESA Ver\u00f3nica Agreda. <\/p>\n<p>Luego de declararlos como licenciados, la Arq. DESA, Ver\u00f3nica Agreda les tom\u00f3 juramento a todos ellos.<br \/>\nPara finalizar el acto de Colaci\u00f3n, la Arq. Ver\u00f3nica Agreda, Rectora Nacional UNIFRANZ, felicit\u00f3 al selecto grupo de profesionales de la Naci\u00f3n UNIFRANZ. \u201cEs importante que sepan que a partir de este preciso instante pasan a ser las embajadoras y los embajadores de la naci\u00f3n UNIFRANZ. Una Naci\u00f3n de exploradores, emprendedores, de los que no tienen fronteras, de los perseverantes, de los que van siempre al frente, los que se exigen, los que no ponen excusas  y los que persiguen sus ideales hasta alcanzarlos. Por eso est\u00e1n aqu\u00ed. En esta Naci\u00f3n, nuestro idioma ha sido y seguir\u00e1 siendo el conocimiento\u201d, manifest\u00f3. <\/p>\n<p>Sobre UNIFRANZ<br \/>\nLa Universidad Privada Franz Tamayo \u2013 UNIFRANZ cumple 25 a\u00f1os de trayectoria en educaci\u00f3n superior y mantiene el compromiso de acompa\u00f1ar la evoluci\u00f3n de la sociedad en este mundo globalizado. Su actual modelo pedag\u00f3gico tiene un enfoque por competencias que se apoya en tres pilares: el saber, el saber hacer y el saber ser; a fin de formar profesionales de talento de clase mundial. Por ello, la UNIFRANZ considera vital la internacionalizaci\u00f3n en su visi\u00f3n de una universidad disruptiva y transformadora que apunta a cambiar el modelo educativo de Bolivia. Cuenta con una infraestructura de m\u00e1s 65.000 metros cuadrados construidos en La Paz, El Alto, Cochabamba y Santa Cruz y obtuvo la certificaci\u00f3n de calidad ISO 9001: 2015.<\/p>\n<p><img loading=\"lazy\" decoding=\"async\" src=\"https:\/\/unifranz.edu.bo\/wp-content\/uploads\/2018\/08\/MG_1210-300x200.jpg\" alt=\"\" width=\"300\" height=\"200\" class=\"alignnone size-medium wp-image-23382\" \/><br \/>\n<img loading=\"lazy\" decoding=\"async\" src=\"https:\/\/unifranz.edu.bo\/wp-content\/uploads\/2018\/08\/MG_1268-300x200.jpg\" alt=\"\" width=\"300\" height=\"200\" class=\"alignnone size-medium wp-image-23384\" \/><br \/>\n<img loading=\"lazy\" decoding=\"async\" src=\"https:\/\/unifranz.edu.bo\/wp-content\/uploads\/2018\/08\/MG_1259-300x200.jpg\" alt=\"\" width=\"300\" height=\"200\" class=\"alignnone size-medium wp-image-23383\" \/><br \/>\n<img loading=\"lazy\" decoding=\"async\" src=\"https:\/\/unifranz.edu.bo\/wp-content\/uploads\/2018\/08\/MG_1280-300x200.jpg\" alt=\"\" width=\"300\" height=\"200\" class=\"alignnone size-medium wp-image-23385\" \/><br \/>\n<img loading=\"lazy\" decoding=\"async\" src=\"https:\/\/unifranz.edu.bo\/wp-content\/uploads\/2018\/08\/IMG_4873-300x200.jpg\" alt=\"\" width=\"300\" height=\"200\" class=\"alignnone size-medium wp-image-23386\" \/><br \/>\n<img loading=\"lazy\" decoding=\"async\" src=\"https:\/\/unifranz.edu.bo\/wp-content\/uploads\/2018\/08\/IMG_4992-300x169.jpg\" alt=\"\" width=\"300\" height=\"169\" class=\"alignnone size-medium wp-image-23388\" \/><br \/>\n<img loading=\"lazy\" decoding=\"async\" src=\"https:\/\/unifranz.edu.bo\/wp-content\/uploads\/2018\/08\/IMG_4993-300x169.jpg\" alt=\"\" width=\"300\" height=\"169\" class=\"alignnone size-medium wp-image-23389\" \/><\/p>","protected":false},"excerpt":{"rendered":"<p>La Paz, Agosto 2018. En un solemne acto de Colaci\u00f3n de Grado, la Cuadrag\u00e9sima Octava generaci\u00f3n de profesionales de la Universidad Privada Franz Tamayo Sede La Paz, tuvo una maravillosa velada a la culminaci\u00f3n finalizado sus estudios de Grado. Convirti\u00e9ndose as\u00ed en nuevos embajadores de la Naci\u00f3n UNIFRANZ. El Acto de Colaci\u00f3n de grado de &hellip; <a href=\"https:\/\/unifranz.edu.bo\/pt\/noticias\/unifranz-gradua-a-la-cuadragesima-octava-generacion-de-profesionales\/\">Continued<\/a><\/p>","protected":false},"author":45,"featured_media":23387,"comment_status":"open","ping_status":"open","sticky":false,"template":"","format":"standard","meta":{"_acf_changed":false,"footnotes":""},"categories":[60,302,29],"tags":[110,41],"class_list":["post-23379","post","type-post","status-publish","format-standard","has-post-thumbnail","hentry","category-blog","category-el-alto","category-noticias","tag-colacion","tag-la-paz"],"acf":[],"_links":{"self":[{"href":"https:\/\/unifranz.edu.bo\/pt\/wp-json\/wp\/v2\/posts\/23379","targetHints":{"allow":["GET"]}}],"collection":[{"href":"https:\/\/unifranz.edu.bo\/pt\/wp-json\/wp\/v2\/posts"}],"about":[{"href":"https:\/\/unifranz.edu.bo\/pt\/wp-json\/wp\/v2\/types\/post"}],"author":[{"embeddable":true,"href":"https:\/\/unifranz.edu.bo\/pt\/wp-json\/wp\/v2\/users\/45"}],"replies":[{"embeddable":true,"href":"https:\/\/unifranz.edu.bo\/pt\/wp-json\/wp\/v2\/comments?post=23379"}],"version-history":[{"count":0,"href":"https:\/\/unifranz.edu.bo\/pt\/wp-json\/wp\/v2\/posts\/23379\/revisions"}],"wp:featuredmedia":[{"embeddable":true,"href":"https:\/\/unifranz.edu.bo\/pt\/wp-json\/wp\/v2\/media\/23387"}],"wp:attachment":[{"href":"https:\/\/unifranz.edu.bo\/pt\/wp-json\/wp\/v2\/media?parent=23379"}],"wp:term":[{"taxonomy":"category","embeddable":true,"href":"https:\/\/unifranz.edu.bo\/pt\/wp-json\/wp\/v2\/categories?post=23379"},{"taxonomy":"post_tag","embeddable":true,"href":"https:\/\/unifranz.edu.bo\/pt\/wp-json\/wp\/v2\/tags?post=23379"}],"curies":[{"name":"wp","href":"https:\/\/api.w.org\/{rel}","templated":true}]}}