{"id":23340,"date":"2018-08-16T19:59:44","date_gmt":"2018-08-16T19:59:44","guid":{"rendered":"https:\/\/unifranz.edu.bo\/?p=23340"},"modified":"2018-08-16T19:59:44","modified_gmt":"2018-08-16T19:59:44","slug":"unifranz-gradua-a-nueva-generacion-de-profesionales-innovadores-y-disruptivos","status":"publish","type":"post","link":"https:\/\/unifranz.edu.bo\/pt\/noticias\/unifranz-gradua-a-nueva-generacion-de-profesionales-innovadores-y-disruptivos\/","title":{"rendered":"UNIFRANZ GRAD\u00daA A NUEVA GENERACI\u00d3N DE PROFESIONALES INNOVADORES Y DISRUPTIVOS"},"content":{"rendered":"<p>La Paz, 10 de Agosto 2018. En un solemne Acto de Colaci\u00f3n de Grado, la D\u00e9cimo Segunda generaci\u00f3n de profesionales de la Universidad Privada Franz Tamayo, sede El Alto, recibi\u00f3 su merecido reconocimiento por haber finalizado sus estudios de Grado y convertirse en los nuevos embajadores de la Naci\u00f3n UNIFRANZ.   <\/p>\n<p>El Acto de Colaci\u00f3n de Grado de la promoci\u00f3n de profesionales de la UNIFRANZ se llev\u00f3 a cabo el pasado viernes 10 de agosto. Este evento cont\u00f3 con la participaci\u00f3n de la Rectora Nacional de la UNIFRANZ, Arq. DESA Ver\u00f3nica Agreda, la Vicerrectora de la Sede de El Alto, Eve Gomez, los Decanos y Directores de Carreras. <\/p>\n<p>La Arq. DESA Ver\u00f3nica Agreda, Rectora Nacional UNIFRANZ, aprovecho la oportunidad para dirigirse a los graduados y sus familiares. <\/p>\n<p>\u201cLa Universidad Franz Tamayo se viste de gala y se llena de gozo para celebrar junto a ustedes la D\u00e9cimo Segunda graduaci\u00f3n de profesionales de la Sede El Alto, justo en el a\u00f1o donde la UNIFRANZ cumple sus Bodas de Plata. A partir de hoy, ustedes se convierten en ex alumnos y ex alumnas de UNIFRANZ, desde este momento pasan a ser las embajadoras y los embajadores de la naci\u00f3n UNIFRANZ. Una Naci\u00f3n de exploradores, emprendedores, de los que no tienen fronteras, de los perseverantes, de los que van siempre al frente, los que se exigen, los que no ponen excusas y los que persiguen sus ideales hasta alcanzarlos. Por eso est\u00e1n aqu\u00ed. En esta Naci\u00f3n, nuestro idioma ha sido y seguir\u00e1 siendo el conocimiento\u201d, explic\u00f3 la Arq. DESA Ver\u00f3nica Agreda, Rectora Nacional UNIFRANZ. <\/p>\n<p>\u201cEn UNIFRANZ se los ha formado para que ustedes tengan la capacidad de realizar una elecci\u00f3n de vida y para que desarrollen acciones para trascender, para que vean oportunidades donde nadie las ve, para que sean innovadores y, sobre todo, para que rompan paradigmas. En estos tiempos, Bolivia y toda Am\u00e9rica Latina se enfrentan a la cuarta revoluci\u00f3n: la Era Digital. Ahora, gracias a Internet y las nuevas tecnolog\u00edas, ustedes van a poder trabajar desde Bolivia para el resto del mundo. Eso ya es una realidad. Tenemos aqu\u00ed, no muy lejos, en Cochabamba, una prueba de ello: Jalasoft; donde 800 desarrolladores de software de Bolivia y del extranjero desarrollan software para m\u00e1s de 55 pa\u00edses. Eso ha convertido a Cochabamba en el Silicon Valley boliviano y promete transformarlo en el Silicon Valley Latinoamericano. Tambi\u00e9n es importante destacar que esta promoci\u00f3n est\u00e1 conformada en su mayor\u00eda de mujeres. Sepan que actualmente las mujeres desempe\u00f1amos un papel fundamental en la econom\u00eda de los pa\u00edses y por tanto en la disminuci\u00f3n de la pobreza por lo que tenemos un gran compromiso con nuestro pa\u00eds y la regi\u00f3n.\u201d, finaliz\u00f3 la Rectora Nacional de la UNIFRANZ.<\/p>\n<p>Luego de las palabras de la Rectora Nacional, la estudiante de Derecho Wara Bel\u00e9n Laguna Mamani recibi\u00f3 el Diploma con Menci\u00f3n Cum Laude a la Excelencia Acad\u00e9mica.<\/p>\n<p><a href=\"https:\/\/unifranz.edu.bo\/wp-content\/uploads\/2018\/08\/LISTA-DE-GRADUADOS.xlsx\">LISTA DE GRADUADOS<\/a><\/p>\n<p>Sobre UNIFRANZ<br \/>\nLa Universidad Privada Franz Tamayo \u2013 UNIFRANZ cumple 25 a\u00f1os de trayectoria en educaci\u00f3n superior y mantiene el compromiso de acompa\u00f1ar la evoluci\u00f3n de la sociedad en este mundo globalizado. Su actual modelo pedag\u00f3gico tiene un enfoque por competencias que se apoya en tres pilares: el saber, el saber hacer y el saber ser; a fin de formar profesionales de talento de clase mundial. Por ello, la UNIFRANZ considera vital la internacionalizaci\u00f3n en su visi\u00f3n de una universidad disruptiva y transformadora que apunta a cambiar el modelo educativo de Bolivia. Cuenta con una infraestructura de m\u00e1s 65.000 metros cuadrados construidos en La Paz, El Alto, Cochabamba y Santa Cruz y obtuvo la certificaci\u00f3n de calidad ISO 9001: 2015.<\/p>\n<p><img loading=\"lazy\" decoding=\"async\" src=\"https:\/\/unifranz.edu.bo\/wp-content\/uploads\/2018\/08\/IMG_3618-300x200.jpg\" alt=\"\" width=\"300\" height=\"200\" class=\"alignnone size-medium wp-image-23347\" \/><br \/>\n<img loading=\"lazy\" decoding=\"async\" src=\"https:\/\/unifranz.edu.bo\/wp-content\/uploads\/2018\/08\/IMG_3614-300x200.jpg\" alt=\"\" width=\"300\" height=\"200\" class=\"alignnone size-medium wp-image-23346\" \/><br \/>\n<img loading=\"lazy\" decoding=\"async\" src=\"https:\/\/unifranz.edu.bo\/wp-content\/uploads\/2018\/08\/IMG_3611-300x200.jpg\" alt=\"\" width=\"300\" height=\"200\" class=\"alignnone size-medium wp-image-23345\" \/><br \/>\n<img loading=\"lazy\" decoding=\"async\" src=\"https:\/\/unifranz.edu.bo\/wp-content\/uploads\/2018\/08\/IMG_3583-300x200.jpg\" alt=\"\" width=\"300\" height=\"200\" class=\"alignnone size-medium wp-image-23344\" \/><\/p>","protected":false},"excerpt":{"rendered":"<p>La Paz, 10 de Agosto 2018. En un solemne Acto de Colaci\u00f3n de Grado, la D\u00e9cimo Segunda generaci\u00f3n de profesionales de la Universidad Privada Franz Tamayo, sede El Alto, recibi\u00f3 su merecido reconocimiento por haber finalizado sus estudios de Grado y convertirse en los nuevos embajadores de la Naci\u00f3n UNIFRANZ. El Acto de Colaci\u00f3n de &hellip; <a href=\"https:\/\/unifranz.edu.bo\/pt\/noticias\/unifranz-gradua-a-nueva-generacion-de-profesionales-innovadores-y-disruptivos\/\">Continued<\/a><\/p>","protected":false},"author":45,"featured_media":23348,"comment_status":"open","ping_status":"open","sticky":false,"template":"","format":"standard","meta":{"_acf_changed":false,"footnotes":""},"categories":[60,302,45,29],"tags":[110,47,242],"class_list":["post-23340","post","type-post","status-publish","format-standard","has-post-thumbnail","hentry","category-blog","category-el-alto","category-eventos","category-noticias","tag-colacion","tag-el-alto","tag-unifranz"],"acf":[],"_links":{"self":[{"href":"https:\/\/unifranz.edu.bo\/pt\/wp-json\/wp\/v2\/posts\/23340","targetHints":{"allow":["GET"]}}],"collection":[{"href":"https:\/\/unifranz.edu.bo\/pt\/wp-json\/wp\/v2\/posts"}],"about":[{"href":"https:\/\/unifranz.edu.bo\/pt\/wp-json\/wp\/v2\/types\/post"}],"author":[{"embeddable":true,"href":"https:\/\/unifranz.edu.bo\/pt\/wp-json\/wp\/v2\/users\/45"}],"replies":[{"embeddable":true,"href":"https:\/\/unifranz.edu.bo\/pt\/wp-json\/wp\/v2\/comments?post=23340"}],"version-history":[{"count":0,"href":"https:\/\/unifranz.edu.bo\/pt\/wp-json\/wp\/v2\/posts\/23340\/revisions"}],"wp:featuredmedia":[{"embeddable":true,"href":"https:\/\/unifranz.edu.bo\/pt\/wp-json\/wp\/v2\/media\/23348"}],"wp:attachment":[{"href":"https:\/\/unifranz.edu.bo\/pt\/wp-json\/wp\/v2\/media?parent=23340"}],"wp:term":[{"taxonomy":"category","embeddable":true,"href":"https:\/\/unifranz.edu.bo\/pt\/wp-json\/wp\/v2\/categories?post=23340"},{"taxonomy":"post_tag","embeddable":true,"href":"https:\/\/unifranz.edu.bo\/pt\/wp-json\/wp\/v2\/tags?post=23340"}],"curies":[{"name":"wp","href":"https:\/\/api.w.org\/{rel}","templated":true}]}}