{"id":23151,"date":"2018-08-08T21:53:47","date_gmt":"2018-08-08T21:53:47","guid":{"rendered":"https:\/\/unifranz.edu.bo\/?p=23151"},"modified":"2018-08-08T21:53:47","modified_gmt":"2018-08-08T21:53:47","slug":"unifranz-da-bienvenida-a-estudiantes-internacionales","status":"publish","type":"post","link":"https:\/\/unifranz.edu.bo\/pt\/noticias\/unifranz-da-bienvenida-a-estudiantes-internacionales\/","title":{"rendered":"UNIFRANZ da Bienvenida a Estudiantes Internacionales"},"content":{"rendered":"<p>La Paz, Agosto 2018. El viernes 3 de agosto se llev\u00f3 a cabo una emotiva bienvenida a los estudiantes de intercambio para el segundo semestre 2018 en UNIFRANZ Sede La Paz:<br \/>\n1.\tLuz Eliana Parre de la Universidad de Boyac\u00e1, de la carrera de Ingenier\u00eda de Sistemas.<br \/>\n2.\tElizabeth Beltr\u00e1n Beltr\u00e1n de la Universidad de Investigaci\u00f3n y Desarrollo (UDI), estudiante de Psicolog\u00eda.<br \/>\n3.\tEyder Julian Ruiz de la UDI, perteneciente a la carrera de Derecho,<br \/>\n4.\tAne Mart\u00ednez, I\u00f1igo San Jos\u00e9 y Ane Gar\u00edn de la Universidad del Pa\u00eds Vasco, de Medicina<br \/>\n5.\tMar\u00eda Camila Aldana Ram\u00edrez, de la UDI, quien solicit\u00f3 la ampliaci\u00f3n de su estad\u00eda en UNIFRANZ por un semestre m\u00e1s en la carrera de Publicidad y Marketing.<br \/>\nLa bienvenida a los estudiantes internacionales estuvo a cargo de la Lic. Nicole Yriberry, Directora de Bienestar Estudiantil. El prop\u00f3sito de la bienvenida, fue hacerles conocer las instancias de ayuda y colaboraci\u00f3n que ofrece UNIFRANZ a sus estudiantes e interiorizarlos en el contexto donde se desenvolver\u00e1n el siguiente semestre. Por \u00faltimo, se proyect\u00f3 el video tur\u00edstico, Bolivia te espera.<br \/>\nSe hizo la entrega de presentes a cargo de los Jefes de Carrera de cada estudiante. Los estudiantes internacionales expresaron su satisfacci\u00f3n y agradecimiento por poder vivir una experiencia internacional.<br \/>\nEl cierre del evento, estuvo a cargo del Vicerrector Sede La Paz, Pedro S\u00e1enz Mu\u00f1oz, quien les inst\u00f3 para sacar el m\u00e1ximo provecho personal, cultural y acad\u00e9mico a esta experiencia \u00fanica y a disfrutar de las maravillas que ofrece Bolivia.<br \/>\nSobre UNIFRANZ:<br \/>\nLa Universidad Franz Tamayo &#8211; UNIFRANZ cumple 25 a\u00f1os de trayectoria en educaci\u00f3n superior, ha prestado servicio a m\u00e1s de 37.000 estudiantes que pasaron por sus aulas y cuenta con una infraestructura de 65.000 metros cuadrados construidos en 4 sedes del pa\u00eds: La Paz, El Alto, Cochabamba y Santa Cruz.<br \/>\nLa universidad cuenta adem\u00e1s con una moderna infraestructura, bibliotecas, laboratorios, centro de idiomas, \u00e1reas de esparcimiento y centros de emprendimiento, una cartera de m\u00e1s de 1.200 profesionales acad\u00e9micos con formaci\u00f3n post gradual y la certificaci\u00f3n de calidad ISO 9001: 2015.<\/p>\n<p><img loading=\"lazy\" decoding=\"async\" src=\"https:\/\/unifranz.edu.bo\/wp-content\/uploads\/2018\/08\/MG_1113-300x200.jpg\" alt=\"\" width=\"300\" height=\"200\" class=\"alignnone size-medium wp-image-23155\" \/><br \/>\n<img loading=\"lazy\" decoding=\"async\" src=\"https:\/\/unifranz.edu.bo\/wp-content\/uploads\/2018\/08\/MG_1093-300x200.jpg\" alt=\"\" width=\"300\" height=\"200\" class=\"alignnone size-medium wp-image-23153\" \/><br \/>\n<img loading=\"lazy\" decoding=\"async\" src=\"https:\/\/unifranz.edu.bo\/wp-content\/uploads\/2018\/08\/MG_1102-200x300.jpg\" alt=\"\" width=\"200\" height=\"300\" class=\"alignnone size-medium wp-image-23154\" \/><br \/>\n<img loading=\"lazy\" decoding=\"async\" src=\"https:\/\/unifranz.edu.bo\/wp-content\/uploads\/2018\/08\/MG_1117-300x200.jpg\" alt=\"\" width=\"300\" height=\"200\" class=\"alignnone size-medium wp-image-23156\" \/><br \/>\n<img loading=\"lazy\" decoding=\"async\" src=\"https:\/\/unifranz.edu.bo\/wp-content\/uploads\/2018\/08\/MG_1122-300x200.jpg\" alt=\"\" width=\"300\" height=\"200\" class=\"alignnone size-medium wp-image-23157\" \/><br \/>\n<img loading=\"lazy\" decoding=\"async\" src=\"https:\/\/unifranz.edu.bo\/wp-content\/uploads\/2018\/08\/MG_1151-300x200.jpg\" alt=\"\" width=\"300\" height=\"200\" class=\"alignnone size-medium wp-image-23158\" \/><br \/>\n<img loading=\"lazy\" decoding=\"async\" src=\"https:\/\/unifranz.edu.bo\/wp-content\/uploads\/2018\/08\/MG-1167-200x300.jpg\" alt=\"\" width=\"200\" height=\"300\" class=\"alignnone size-medium wp-image-23160\" \/><\/p>","protected":false},"excerpt":{"rendered":"<p>La Paz, Agosto 2018. El viernes 3 de agosto se llev\u00f3 a cabo una emotiva bienvenida a los estudiantes de intercambio para el segundo semestre 2018 en UNIFRANZ Sede La Paz: 1. Luz Eliana Parre de la Universidad de Boyac\u00e1, de la carrera de Ingenier\u00eda de Sistemas. 2. Elizabeth Beltr\u00e1n Beltr\u00e1n de la Universidad de &hellip; <a href=\"https:\/\/unifranz.edu.bo\/pt\/noticias\/unifranz-da-bienvenida-a-estudiantes-internacionales\/\">Continued<\/a><\/p>","protected":false},"author":45,"featured_media":23159,"comment_status":"open","ping_status":"open","sticky":false,"template":"","format":"standard","meta":{"_acf_changed":false,"footnotes":""},"categories":[60,45,29],"tags":[148,62,41,242],"class_list":["post-23151","post","type-post","status-publish","format-standard","has-post-thumbnail","hentry","category-blog","category-eventos","category-noticias","tag-internacional","tag-internacionalizate","tag-la-paz","tag-unifranz"],"acf":[],"_links":{"self":[{"href":"https:\/\/unifranz.edu.bo\/pt\/wp-json\/wp\/v2\/posts\/23151","targetHints":{"allow":["GET"]}}],"collection":[{"href":"https:\/\/unifranz.edu.bo\/pt\/wp-json\/wp\/v2\/posts"}],"about":[{"href":"https:\/\/unifranz.edu.bo\/pt\/wp-json\/wp\/v2\/types\/post"}],"author":[{"embeddable":true,"href":"https:\/\/unifranz.edu.bo\/pt\/wp-json\/wp\/v2\/users\/45"}],"replies":[{"embeddable":true,"href":"https:\/\/unifranz.edu.bo\/pt\/wp-json\/wp\/v2\/comments?post=23151"}],"version-history":[{"count":0,"href":"https:\/\/unifranz.edu.bo\/pt\/wp-json\/wp\/v2\/posts\/23151\/revisions"}],"wp:featuredmedia":[{"embeddable":true,"href":"https:\/\/unifranz.edu.bo\/pt\/wp-json\/wp\/v2\/media\/23159"}],"wp:attachment":[{"href":"https:\/\/unifranz.edu.bo\/pt\/wp-json\/wp\/v2\/media?parent=23151"}],"wp:term":[{"taxonomy":"category","embeddable":true,"href":"https:\/\/unifranz.edu.bo\/pt\/wp-json\/wp\/v2\/categories?post=23151"},{"taxonomy":"post_tag","embeddable":true,"href":"https:\/\/unifranz.edu.bo\/pt\/wp-json\/wp\/v2\/tags?post=23151"}],"curies":[{"name":"wp","href":"https:\/\/api.w.org\/{rel}","templated":true}]}}