{"id":230399,"date":"2024-04-11T22:39:58","date_gmt":"2024-04-12T02:39:58","guid":{"rendered":"https:\/\/unifranz.edu.bo\/?p=230399"},"modified":"2024-04-11T22:39:58","modified_gmt":"2024-04-12T02:39:58","slug":"sombra-digital-la-huella-que-dejamos-en-internet-y-nos-puede-hacer-vulnerables","status":"publish","type":"post","link":"https:\/\/unifranz.edu.bo\/pt\/blog\/sombra-digital-la-huella-que-dejamos-en-internet-y-nos-puede-hacer-vulnerables\/","title":{"rendered":"Sombra digital, la huella que dejamos en Internet y nos puede hacer vulnerables"},"content":{"rendered":"<p><span style=\"font-weight: 400; color: #000000;\">Por Manuel Filomeno<\/span><\/p>\n<p><span style=\"font-weight: 400; color: #000000;\">Todas nuestras acciones en l\u00ednea dejan una huella, fragmentos de informaci\u00f3n que viajan por el ciberespacio y muchas veces se pierden en enormes bases de datos ubicadas en la nube o en servidores masivos, bajo llaves de encriptado y firewalls.<\/span><\/p>\n<p><span style=\"font-weight: 400; color: #000000;\">Sin embargo, muchas veces estas bases de datos son vulneradas, dejando esta informaci\u00f3n al descubierto. En otras, los mismos usuarios descuidan su seguridad, dejando fragmentos de esta informaci\u00f3n, que luego es recogida, sistematizada y vendida al mejor postor en foros en la dark web, donde ciberdelincuentes pueden utilizarla para fines delictivos.<\/span><\/p>\n<p><span style=\"font-weight: 400; color: #000000;\">La sombra digital son las huellas que dejamos, muchas veces sin querer, flotando en Internet y que puede ser utilizada en nuestra contra.<\/span><\/p>\n<p><span style=\"font-weight: 400; color: #000000;\">\u201cLa sombra digital es el rastro de datos que dejamos en l\u00ednea a trav\u00e9s de nuestras actividades digitales. Esto incluye informaci\u00f3n como nuestro historial de navegaci\u00f3n, interacciones en redes sociales, compras en l\u00ednea, ubicaciones geogr\u00e1ficas y m\u00e1s. Afecta nuestra privacidad en l\u00ednea al permitir que las empresas y organizaciones recopilen, analicen y utilicen estos datos para diversos fines, como publicidad dirigida, personalizaci\u00f3n de contenido y toma de decisiones automatizada. Esto puede comprometer nuestra privacidad al exponer informaci\u00f3n sensible sobre nosotros y nuestras actividades en l\u00ednea\u201d, explica Marco Antonio Chambi, docente de la carrera de Ingenier\u00eda de Sistemas de la Universidad Franz Tamayo, Unifranz.\u00a0<\/span><\/p>\n<p><span style=\"font-weight: 400; color: #000000;\">Esta sombra digital est\u00e1 compuesta por nuestros metadatos, los cuales son pedazos de informaci\u00f3n que proporcionan informaci\u00f3n sobre otros datos. En el contexto de la sombra digital, los metadatos pueden incluir informaci\u00f3n sobre cu\u00e1ndo y d\u00f3nde se realiz\u00f3 una determinada actividad en l\u00ednea, qui\u00e9n la realiz\u00f3 y qu\u00e9 tipo de dispositivo se utiliz\u00f3.\u00a0<\/span><\/p>\n<p><span style=\"font-weight: 400; color: #000000;\">\u201cPor ejemplo, los metadatos de una fotograf\u00eda pueden incluir la ubicaci\u00f3n y la hora en que se tom\u00f3 la foto, as\u00ed como el tipo de c\u00e1mara utilizada. Los metadatos pueden proporcionar un contexto adicional sobre nuestros datos y contribuir a nuestra sombra digital de manera significativa\u201d, agrega.<\/span><\/p>\n<p><span style=\"font-weight: 400; color: #000000;\">El ingeniero agrega que las principales fuentes de datos que contribuyen a nuestra sombra digital son variadas y abarcan casi todas nuestras actividades en l\u00ednea:<\/span><\/p>\n<ul>\n<li style=\"font-weight: 400;\" aria-level=\"1\"><span style=\"font-weight: 400; color: #000000;\">Historial de navegaci\u00f3n, sitios web visitados, t\u00e9rminos de b\u00fasqueda, cookies del navegador.<\/span><\/li>\n<li style=\"font-weight: 400;\" aria-level=\"1\"><span style=\"font-weight: 400; color: #000000;\">Redes sociales, publicaciones, likes, comentarios, mensajes privados, conexiones de amigos.<\/span><\/li>\n<li style=\"font-weight: 400;\" aria-level=\"1\"><span style=\"font-weight: 400; color: #000000;\">Compras en l\u00ednea, historial de compras, preferencias de productos, informaci\u00f3n de pago.<\/span><\/li>\n<li style=\"font-weight: 400;\" aria-level=\"1\"><span style=\"font-weight: 400; color: #000000;\">Aplicaciones m\u00f3viles, datos de ubicaci\u00f3n, actividad en la aplicaci\u00f3n, informaci\u00f3n del dispositivo.<\/span><\/li>\n<li style=\"font-weight: 400;\" aria-level=\"1\"><span style=\"font-weight: 400; color: #000000;\">Dispositivos inteligentes, datos de dispositivos IoT (internet de las cosas) como c\u00e1maras de seguridad, termostatos inteligentes, etc.<\/span><\/li>\n<\/ul>\n<p><span style=\"font-weight: 400; color: #000000;\">Estos datos son recogidos y almacenados, incluso cuando utilizamos el \u201cmodo inc\u00f3gnito\u201d de algunos navegadores, como lo demuestra una demanda realizada contra Google en 2020, a trav\u00e9s de la cual tres personas denunciaron al gigante tecnol\u00f3gico, oblig\u00e1ndolo a negociar una compensaci\u00f3n y a eliminar miles de millones de datos\u00a0que la propia demanda alega que fueron impropiamente obtenidos.\u00a0<\/span><\/p>\n<p><span style=\"font-weight: 400; color: #000000;\">Adem\u00e1s, la compa\u00f1\u00eda tambi\u00e9n est\u00e1 obligada a actualizar la informaci\u00f3n de su sitio web indicando las pol\u00edticas corregidas sobre la navegaci\u00f3n privada y a ofrecer a los usuarios de Chrome la posibilidad de desactivar las cookies de terceros.<\/span><\/p>\n<p><span style=\"color: #000000;\"><b>\u00bfC\u00f3mo podemos protegernos y minimizar nuestra exposici\u00f3n a la sombra digital?<\/b><\/span><\/p>\n<p><span style=\"font-weight: 400; color: #000000;\">Chambi indica que, aunque es dif\u00edcil eliminar completamente nuestra sombra digital, existen medidas que podemos tomar para proteger nuestra privacidad en l\u00ednea y minimizar nuestra exposici\u00f3n:<\/span><\/p>\n<ul>\n<li style=\"font-weight: 400;\" aria-level=\"1\"><span style=\"font-weight: 400; color: #000000;\">Configurar la privacidad en l\u00ednea, revisar y ajustar la configuraci\u00f3n de privacidad en nuestras cuentas en l\u00ednea y dispositivos.<\/span><\/li>\n<li style=\"font-weight: 400;\" aria-level=\"1\"><span style=\"font-weight: 400; color: #000000;\">Utilizar herramientas de privacidad, instalar extensiones de navegador para bloquear rastreadores y anuncios, utilizar VPNs para proteger nuestra conexi\u00f3n.<\/span><\/li>\n<li style=\"font-weight: 400;\" aria-level=\"1\"><span style=\"font-weight: 400; color: #000000;\">Limitar la informaci\u00f3n personal, ser conscientes de la cantidad de informaci\u00f3n personal que compartimos en l\u00ednea y minimizar siempre que sea posible.<\/span><\/li>\n<li style=\"font-weight: 400;\" aria-level=\"1\"><span style=\"font-weight: 400; color: #000000;\">Educarnos, mantenernos informados sobre las pr\u00e1cticas de recopilaci\u00f3n de datos de las empresas y organizaciones con las que interactuamos.<\/span><\/li>\n<\/ul>\n<figure id=\"attachment_230400\" aria-describedby=\"caption-attachment-230400\" style=\"width: 897px\" class=\"wp-caption aligncenter\"><img loading=\"lazy\" decoding=\"async\" class=\"wp-image-230400\" src=\"https:\/\/unifranz.edu.bo\/wp-content\/uploads\/2024\/04\/SOMBRA-DIGITAL1con-ia-300x200.jpg\" alt=\"\" width=\"897\" height=\"598\" srcset=\"https:\/\/unifranz.edu.bo\/wp-content\/uploads\/2024\/04\/SOMBRA-DIGITAL1con-ia-300x200.jpg 300w, https:\/\/unifranz.edu.bo\/wp-content\/uploads\/2024\/04\/SOMBRA-DIGITAL1con-ia-1024x683.jpg 1024w, https:\/\/unifranz.edu.bo\/wp-content\/uploads\/2024\/04\/SOMBRA-DIGITAL1con-ia-768x512.jpg 768w, https:\/\/unifranz.edu.bo\/wp-content\/uploads\/2024\/04\/SOMBRA-DIGITAL1con-ia-18x12.jpg 18w, https:\/\/unifranz.edu.bo\/wp-content\/uploads\/2024\/04\/SOMBRA-DIGITAL1con-ia.jpg 1200w\" sizes=\"auto, (max-width: 897px) 100vw, 897px\" \/><figcaption id=\"caption-attachment-230400\" class=\"wp-caption-text\"><em><span style=\"color: #000000;\">Sombra digital, la huella que dejamos en Internet y nos puede hacer vulnerables<\/span><\/em><\/figcaption><\/figure>\n<p><span style=\"color: #000000;\"><b>\u00bfQu\u00e9 implicaciones tiene la sombra digital?<\/b><\/span><\/p>\n<p><span style=\"font-weight: 400; color: #000000;\">La sombra digital tiene importantes implicaciones en la toma de decisiones y en la sociedad, en general:<\/span><\/p>\n<ul>\n<li style=\"font-weight: 400;\" aria-level=\"1\"><span style=\"font-weight: 400; color: #000000;\">Personalizaci\u00f3n y marketing dirigido: las empresas utilizan nuestra sombra digital para personalizar productos, servicios y publicidad, lo que puede influir en nuestras decisiones de compra y comportamientos en l\u00ednea.<\/span><\/li>\n<li style=\"font-weight: 400;\" aria-level=\"1\"><span style=\"font-weight: 400; color: #000000;\">Sesgos algor\u00edtmicos: los algoritmos que utilizan datos de la sombra digital pueden generar sesgos y discriminaci\u00f3n, afectando a grupos espec\u00edficos de personas.<\/span><\/li>\n<li style=\"font-weight: 400;\" aria-level=\"1\"><span style=\"font-weight: 400; color: #000000;\">Privacidad y seguridad: una sombra digital extensa puede aumentar el riesgo de robo de identidad, fraude en l\u00ednea y violaciones de la privacidad si los datos caen en manos equivocadas.<\/span><\/li>\n<li style=\"font-weight: 400;\" aria-level=\"1\"><span style=\"font-weight: 400; color: #000000;\">Impacto en la sociedad: la acumulaci\u00f3n y utilizaci\u00f3n de datos en la sombra digital plantea cuestiones \u00e9ticas y sociales sobre la privacidad, la seguridad y el poder de las grandes empresas tecnol\u00f3gicas.<\/span><\/li>\n<\/ul>\n<p><span style=\"color: #000000;\"><b>Implicaciones legales<\/b><\/span><\/p>\n<p><span style=\"font-weight: 400; color: #000000;\">\u201cLa sombra digital es una parte inevitable de la vida en l\u00ednea en la actualidad. A medida que continuamos interactuando con la tecnolog\u00eda y compartiendo datos en l\u00ednea, es importante ser conscientes de nuestra sombra digital y tomar medidas para proteger nuestra privacidad y seguridad en l\u00ednea. Adem\u00e1s, debemos estar atentos a las implicaciones \u00e9ticas y sociales de la recopilaci\u00f3n y el uso de datos digitales, y abogar por pr\u00e1cticas m\u00e1s transparentes y \u00e9ticas en la gesti\u00f3n de datos en l\u00ednea\u201d, apunta el ingeniero.<\/span><\/p>\n<p><span style=\"font-weight: 400; color: #000000;\">Chambi indica que, si bien en Bolivia contamos con la ley de Telecomunicaciones, Tecnolog\u00edas de la Informaci\u00f3n y Comunicaci\u00f3n (Ley N\u00ba 164) que contiene algunas disposiciones sobre la protecci\u00f3n de datos en el \u00e1mbito digital para proteger la privacidad en l\u00ednea y la protecci\u00f3n de datos personales, todav\u00eda existen desaf\u00edos en la implementaci\u00f3n de legislaci\u00f3n sobre protecci\u00f3n de datos.\u00a0<\/span><\/p>\n<p><span style=\"font-weight: 400; color: #000000;\">\u201cPor ejemplo, es importante impulsar nuevas normativas para fortalecer la seguridad cibern\u00e9tica y prevenir el acceso no autorizado a datos personales como el Reglamento General de Protecci\u00f3n de Datos (RGPD) de la Uni\u00f3n Europea o, en nuestra regi\u00f3n, la Ley General de Protecci\u00f3n de Datos (LGPD) de Brasil y la Ley de Protecci\u00f3n de Datos (LPD) de Chile que brindan lineamientos para el tratamiento de datos desde su creaci\u00f3n hasta su eliminaci\u00f3n\u201d, concluye.<\/span><\/p>","protected":false},"excerpt":{"rendered":"<p>Por Manuel Filomeno Todas nuestras acciones en l\u00ednea dejan una huella, fragmentos de informaci\u00f3n que viajan por el ciberespacio y muchas veces se pierden en enormes bases de datos ubicadas en la nube o en servidores masivos, bajo llaves de encriptado y firewalls. Sin embargo, muchas veces estas bases de datos son vulneradas, dejando esta &hellip; <a href=\"https:\/\/unifranz.edu.bo\/pt\/blog\/sombra-digital-la-huella-que-dejamos-en-internet-y-nos-puede-hacer-vulnerables\/\">Continued<\/a><\/p>","protected":false},"author":45,"featured_media":230401,"comment_status":"open","ping_status":"open","sticky":false,"template":"","format":"standard","meta":{"_acf_changed":false,"footnotes":""},"categories":[60,4984,2250,1686,1782],"tags":[4176,3864,448,6024,8244,242],"class_list":["post-230399","post","type-post","status-publish","format-standard","has-post-thumbnail","hentry","category-blog","category-campana-es","category-ingenieria-de-sistemas","category-tecnologia","category-unifranz","tag-ciberdelincuencia","tag-huella-digital","tag-ingenieria-de-sistemas","tag-internet","tag-sombra-digital","tag-unifranz"],"acf":[],"_links":{"self":[{"href":"https:\/\/unifranz.edu.bo\/pt\/wp-json\/wp\/v2\/posts\/230399","targetHints":{"allow":["GET"]}}],"collection":[{"href":"https:\/\/unifranz.edu.bo\/pt\/wp-json\/wp\/v2\/posts"}],"about":[{"href":"https:\/\/unifranz.edu.bo\/pt\/wp-json\/wp\/v2\/types\/post"}],"author":[{"embeddable":true,"href":"https:\/\/unifranz.edu.bo\/pt\/wp-json\/wp\/v2\/users\/45"}],"replies":[{"embeddable":true,"href":"https:\/\/unifranz.edu.bo\/pt\/wp-json\/wp\/v2\/comments?post=230399"}],"version-history":[{"count":1,"href":"https:\/\/unifranz.edu.bo\/pt\/wp-json\/wp\/v2\/posts\/230399\/revisions"}],"predecessor-version":[{"id":230402,"href":"https:\/\/unifranz.edu.bo\/pt\/wp-json\/wp\/v2\/posts\/230399\/revisions\/230402"}],"wp:featuredmedia":[{"embeddable":true,"href":"https:\/\/unifranz.edu.bo\/pt\/wp-json\/wp\/v2\/media\/230401"}],"wp:attachment":[{"href":"https:\/\/unifranz.edu.bo\/pt\/wp-json\/wp\/v2\/media?parent=230399"}],"wp:term":[{"taxonomy":"category","embeddable":true,"href":"https:\/\/unifranz.edu.bo\/pt\/wp-json\/wp\/v2\/categories?post=230399"},{"taxonomy":"post_tag","embeddable":true,"href":"https:\/\/unifranz.edu.bo\/pt\/wp-json\/wp\/v2\/tags?post=230399"}],"curies":[{"name":"wp","href":"https:\/\/api.w.org\/{rel}","templated":true}]}}