{"id":230341,"date":"2024-04-11T18:01:30","date_gmt":"2024-04-11T22:01:30","guid":{"rendered":"https:\/\/unifranz.edu.bo\/?p=230341"},"modified":"2024-04-11T18:01:30","modified_gmt":"2024-04-11T22:01:30","slug":"reir-y-comer-como-nunca-el-anhelo-de-ninos-con-labio-fisurado","status":"publish","type":"post","link":"https:\/\/unifranz.edu.bo\/pt\/blog\/reir-y-comer-como-nunca-el-anhelo-de-ninos-con-labio-fisurado\/","title":{"rendered":"Re\u00edr y comer como nunca, el anhelo de ni\u00f1os con labio fisurado"},"content":{"rendered":"<p><span style=\"font-weight: 400; color: #000000;\">La historia de Jael Gonz\u00e1les, un beb\u00e9 de apenas 11 meses, emerge como un ejemplo vivo del poder transformador de la solidaridad. Nacido con labio fisurado y paladar hendido, su camino y el de su mam\u00e1 quedaron marcados por diversos desaf\u00edos, como consecuencia de esta condici\u00f3n, pero su historia es una muestra de lucha y resiliencia.<\/span><\/p>\n<p><span style=\"font-weight: 400; color: #000000;\">Leymi Guzm\u00e1n, madre soltera de tres hijos, recuerda los d\u00edas dif\u00edciles que siguieron al nacimiento de Jael. \u201cFue un momento de incertidumbre\u201d, asegura. Sin embargo, cuando supo que su hijo ser\u00eda uno de los beneficiados de Operaci\u00f3n Sonrisa, un rayo de esperanza ilumin\u00f3 su camino. La posibilidad de acceder a una cirug\u00eda gratuita ofrec\u00eda una oportunidad para cambiar el destino del peque\u00f1o\u201d.<\/span><\/p>\n<p><span style=\"font-weight: 400; color: #000000;\">El labio fisurado y el paladar hendido son defectos de nacimiento que se producen cuando la boca del beb\u00e9 no se forma adecuadamente durante el embarazo. Estos defectos de nacimiento a menudo se conocen de manera conjunta como \u201chendiduras orofaciales\u201d.<\/span><\/p>\n<p><span style=\"font-weight: 400; color: #000000;\">A los tres meses de nacido, el peque\u00f1o fue sometido a la primera de varias cirug\u00edas para corregir su paladar hendido. Para Leymi, ver los resultados signific\u00f3 un momento de genuina felicidad. \u201cVerlo alimentarse sin dificultad fue un regalo del cielo\u201d, confiesa con emoci\u00f3n. Las cirug\u00edas gratuitas no s\u00f3lo transformaron la vida de Jael, sino que tambi\u00e9n aliviaron el peso emocional y financiero que su familia cargaba.<\/span><\/p>\n<p><span style=\"font-weight: 400; color: #000000;\">A pesar de ser malformaciones comunes y tener un fuerte impacto en la calidad de vida de quienes las padecen, muchas veces, los ni\u00f1os que nacen con esta condici\u00f3n no son tratados debido a problemas econ\u00f3micos o sociales. Pero en otros casos, la solidaridad encuentra su camino para ayudar a los infantes a sonre\u00edr.<\/span><\/p>\n<p><span style=\"font-weight: 400; color: #000000;\">\u201cCuando mi hijo naci\u00f3, me atrap\u00f3 una gran incertidumbre\u201d, relata Carla Zapata, madre de V\u00edctor, un ni\u00f1o de tres a\u00f1os que r\u00ede con todo el cuerpo cuando escucha algo divertido, como si antes no hubiera podido hacerlo por m\u00e1s que lo intentara, y, en cierta manera, es cierto.<\/span><\/p>\n<p><span style=\"font-weight: 400; color: #000000;\">V\u00edctor naci\u00f3 con labio fisurado, una condici\u00f3n que r\u00e1pidamente hizo que su salud se deteriorara y que pase, gran parte de su primer a\u00f1o, entrando y saliendo del hospital.<\/span><\/p>\n<p><span style=\"font-weight: 400; color: #000000;\">\u201cAlimentarlo era muy dif\u00edcil y constantemente sufr\u00eda de problemas de est\u00f3mago e infecciones, as\u00ed que, cuando me enter\u00e9 de que se estaban realizando operaciones gratuitas lo llev\u00e9 a evaluar\u201d cuenta Carla.<\/span><\/p>\n<p><span style=\"font-weight: 400; color: #000000;\">A pocos d\u00edas de cumplir dos a\u00f1os y luego de muchas penurias, V\u00edctor fue beneficiado con la primera de tres operaciones para curar su condici\u00f3n.<\/span><\/p>\n<p><span style=\"font-weight: 400; color: #000000;\">\u201cFue un alivio verlo sonre\u00edr y comer. Los dos llor\u00e1bamos de emoci\u00f3n en la mesa de la cocina en cada almuerzo, por al menos un mes\u201d, agrega la madre.<\/span><\/p>\n<p><span style=\"font-weight: 400; color: #000000;\">Con el objetivo de ayudar a cambiar las vidas de estas personas y aportar con la causa de Operaci\u00f3n Sonrisa, la Universidad Franz Tamayo, a trav\u00e9s de Fundaci\u00f3n Unifranz, se suma una vez m\u00e1s a la iniciativa.<\/span><\/p>\n<figure id=\"attachment_230104\" aria-describedby=\"caption-attachment-230104\" style=\"width: 905px\" class=\"wp-caption alignnone\"><img loading=\"lazy\" decoding=\"async\" class=\"wp-image-230104\" src=\"https:\/\/unifranz.edu.bo\/wp-content\/uploads\/2024\/04\/113704538_4789765947707636_3948861948238939033_n-300x200.jpg\" alt=\"\" width=\"905\" height=\"603\" srcset=\"https:\/\/unifranz.edu.bo\/wp-content\/uploads\/2024\/04\/113704538_4789765947707636_3948861948238939033_n-300x200.jpg 300w, https:\/\/unifranz.edu.bo\/wp-content\/uploads\/2024\/04\/113704538_4789765947707636_3948861948238939033_n-768x512.jpg 768w, https:\/\/unifranz.edu.bo\/wp-content\/uploads\/2024\/04\/113704538_4789765947707636_3948861948238939033_n-18x12.jpg 18w, https:\/\/unifranz.edu.bo\/wp-content\/uploads\/2024\/04\/113704538_4789765947707636_3948861948238939033_n.jpg 810w\" sizes=\"auto, (max-width: 905px) 100vw, 905px\" \/><figcaption id=\"caption-attachment-230104\" class=\"wp-caption-text\"><\/span><\/em> <em><span style=\"color: #000000;\">Re\u00edr y comer como nunca, el anhelo de ni\u00f1os con labio fisurado<\/span><\/em><\/figcaption><\/figure>\n<p>&nbsp;<\/p>\n<p><span style=\"color: #000000;\"><b>Problemas de salud<\/b><\/span><\/p>\n<p><span style=\"font-weight: 400; color: #000000;\">\u201cDe acuerdo a los datos de la Organizaci\u00f3n Mundial de la Salud (OMS) la incidencia a nivel mundial de estos defectos de nacimiento es de alrededor de 10.49 por cada 10.000 nacidos vivos. Los pa\u00edses con una mayor incidencia y prevalencia son Bolivia, Ecuador y Paraguay. Bolivia tiene la tasa m\u00e1s alta de Fisura de Labio Alveolo Palatino, con 25 casos por cada 10.000 nacidos vivos\u201d, explica la m\u00e9dico pediatra Gabriela Berdeja, docente de la carrera de Medicina de Unifranz<\/span><\/p>\n<p><span style=\"font-weight: 400; color: #000000;\">La especialista se\u00f1ala que los ni\u00f1os que tienen el labio hendido, con o sin hendidura de paladar, o que solo tienen el paladar hendido, suelen tener dificultades para alimentarse y hablar claramente, y pueden tener infecciones de o\u00eddo. Tambi\u00e9n pueden tener problemas auditivos y problemas con los dientes.<\/span><\/p>\n<p><span style=\"font-weight: 400; color: #000000;\">Seg\u00fan Berdeja, los beb\u00e9s con estas condiciones pueden tener dificultades para succionar y tragar debido a la abertura en el labio o paladar. Esto puede afectar su nutrici\u00f3n y crecimiento. Asimismo, la comunicaci\u00f3n entre la boca y la nariz como efecto del paladar hendido puede aumentar el riesgo de infecciones respiratorias, como neumon\u00eda o bronquitis.<\/span><\/p>\n<p><span style=\"font-weight: 400; color: #000000;\">Tambi\u00e9n, las malformaciones en el paladar pueden afectar la posici\u00f3n de los dientes y la pronunciaci\u00f3n del habla. Los pacientes pueden requerir intervenciones dentales y terapia del habla.<\/span><\/p>\n<p><span style=\"font-weight: 400; color: #000000;\">La m\u00e9dico pediatra indica que las causas de estas malformaciones tienen dos bases, una gen\u00e9tica y otra ambiental<\/span><\/p>\n<p><span style=\"font-weight: 400; color: #000000;\">\u201cEst\u00e1 altamente estudiando que la etiolog\u00eda de este trastorno tiene dos bases, por un lado, el componente gen\u00e9tico y por el otro, la parte ambiental. Esto quiere decir que es una condici\u00f3n que puede heredarse o puede saltar generaciones, en el caso de las causas ambientales, est\u00e1 bien documentado que el tabaquismo, el alcoholismo, la exposici\u00f3n a toxinas durante el embarazo y la deficiencia de \u00e1cido f\u00f3lico generan riesgos de malformaciones\u201d, agrega Berdeja.<\/span><\/p>\n<p><span style=\"color: #000000;\"><b>Solidaridad y cuidado<\/b><\/span><\/p>\n<p><span style=\"font-weight: 400; color: #000000;\">El s\u00e1bado 13 de abril, la Cl\u00ednica Odontol\u00f3gica de Unifranz El Alto recibir\u00e1 a decenas de personas de \u00e9sta y otras ciudades y municipios aleda\u00f1os, durante la jornada de preselecci\u00f3n de pacientes para la pr\u00f3xima ronda de cirug\u00edas gratuitas de Operaci\u00f3n Sonrisa. Para muchos ni\u00f1os, como Jael, esta oportunidad representa un nuevo comienzo, un paso m\u00e1s hacia una mejor calidad de vida.<\/span><\/p>\n<p><span style=\"font-weight: 400; color: #000000;\">La jornada comenzar\u00e1 a las 07:30 y se extender\u00e1 hasta las 14:00. Este esfuerzo es parte de la responsabilidad social empresarial y la alianza estrat\u00e9gica entre la Fundaci\u00f3n Operaci\u00f3n Sonrisa, Fundaci\u00f3n Unifranz y otras instituciones.<\/span><\/p>\n<p><span style=\"font-weight: 400; color: #000000;\">Si conoces a alguien que pueda beneficiarse de esta campa\u00f1a o necesitas m\u00e1s informaci\u00f3n, puedes comunicarte a las l\u00edneas de contacto 76342007, 79036056 y 76006584 o a trav\u00e9s de la p\u00e1gina de Facebook de Operaci\u00f3n Sonrisa Bolivia. Tu ayuda y apoyo pueden cambiar vidas y devolver sonrisas a decenas de ni\u00f1os que nacieron con esta condici\u00f3n.<\/span><\/p>","protected":false},"excerpt":{"rendered":"<p>La historia de Jael Gonz\u00e1les, un beb\u00e9 de apenas 11 meses, emerge como un ejemplo vivo del poder transformador de la solidaridad. Nacido con labio fisurado y paladar hendido, su camino y el de su mam\u00e1 quedaron marcados por diversos desaf\u00edos, como consecuencia de esta condici\u00f3n, pero su historia es una muestra de lucha y &hellip; <a href=\"https:\/\/unifranz.edu.bo\/pt\/blog\/reir-y-comer-como-nunca-el-anhelo-de-ninos-con-labio-fisurado\/\">Continued<\/a><\/p>","protected":false},"author":45,"featured_media":230342,"comment_status":"open","ping_status":"open","sticky":false,"template":"","format":"standard","meta":{"_acf_changed":false,"footnotes":""},"categories":[60,1938,3054,1878,1782],"tags":[3674,8234,3672,3676,8236,5936,242],"class_list":["post-230341","post","type-post","status-publish","format-standard","has-post-thumbnail","hentry","category-blog","category-fundacion-unifranz","category-ninos","category-salud","category-unifranz","tag-labio-fisurado","tag-nino","tag-operacion-sonrisa","tag-paladar-hendido","tag-reir","tag-sonreir","tag-unifranz"],"acf":[],"_links":{"self":[{"href":"https:\/\/unifranz.edu.bo\/pt\/wp-json\/wp\/v2\/posts\/230341","targetHints":{"allow":["GET"]}}],"collection":[{"href":"https:\/\/unifranz.edu.bo\/pt\/wp-json\/wp\/v2\/posts"}],"about":[{"href":"https:\/\/unifranz.edu.bo\/pt\/wp-json\/wp\/v2\/types\/post"}],"author":[{"embeddable":true,"href":"https:\/\/unifranz.edu.bo\/pt\/wp-json\/wp\/v2\/users\/45"}],"replies":[{"embeddable":true,"href":"https:\/\/unifranz.edu.bo\/pt\/wp-json\/wp\/v2\/comments?post=230341"}],"version-history":[{"count":1,"href":"https:\/\/unifranz.edu.bo\/pt\/wp-json\/wp\/v2\/posts\/230341\/revisions"}],"predecessor-version":[{"id":230343,"href":"https:\/\/unifranz.edu.bo\/pt\/wp-json\/wp\/v2\/posts\/230341\/revisions\/230343"}],"wp:featuredmedia":[{"embeddable":true,"href":"https:\/\/unifranz.edu.bo\/pt\/wp-json\/wp\/v2\/media\/230342"}],"wp:attachment":[{"href":"https:\/\/unifranz.edu.bo\/pt\/wp-json\/wp\/v2\/media?parent=230341"}],"wp:term":[{"taxonomy":"category","embeddable":true,"href":"https:\/\/unifranz.edu.bo\/pt\/wp-json\/wp\/v2\/categories?post=230341"},{"taxonomy":"post_tag","embeddable":true,"href":"https:\/\/unifranz.edu.bo\/pt\/wp-json\/wp\/v2\/tags?post=230341"}],"curies":[{"name":"wp","href":"https:\/\/api.w.org\/{rel}","templated":true}]}}