{"id":21701,"date":"2018-02-01T01:16:33","date_gmt":"2018-02-01T01:16:33","guid":{"rendered":"http:\/\/clientes.centricodigitaldrocks.com\/unifranz\/test\/?p=21701"},"modified":"2018-02-01T01:16:33","modified_gmt":"2018-02-01T01:16:33","slug":"quien-creador-camino-del-unicornio-arq-eleodoro-ventocilla","status":"publish","type":"post","link":"https:\/\/unifranz.edu.bo\/pt\/noticias\/quien-creador-camino-del-unicornio-arq-eleodoro-ventocilla\/","title":{"rendered":"CONOZCA AL CREADOR DE \u00abEL CAMINO DEL UNICORNIO\u00bb, EL ARQ ELEODORO VENTOCILLA"},"content":{"rendered":"<p><b>RESUMEN DE HISTORIA PROFESIONAL DEL ARQ ELEODORO VENTOCILLA<\/b><\/p>\n<p><strong>El arquitecto Eleodoro Ventocilla, <\/strong>con 31 a\u00f1os de ejercicio,\u00a0es un experimentado consultor especializado en pr\u00e1cticas gerenciales para el fortalecimiento de las organizaciones como sistemas de creaci\u00f3n, agregaci\u00f3n, captura y entrega de valor, socio fundador y presidente de D<strong>KV Asociados C.A<\/strong> y<strong> DKVGROUP,<\/strong> empresas especializadas en consultor\u00eda gerencial.<\/p>\n<p>Es persona ampliamente conocida como: especialista en el dise\u00f1o y desarrollo de organizaciones y pr\u00e1cticas gerenciales y consultor en Administraci\u00f3n Estrat\u00e9gica de los cuadros directivos de importantes empresas. Ha participado en numerosos proyectos y procesos de planificaci\u00f3n estrat\u00e9gica, desarrollo gerencial, organizaci\u00f3n, sistematizaci\u00f3n, reorganizaci\u00f3n e internacionalizaci\u00f3n de empresas y es facilitador de procesos complejos de an\u00e1lisis, toma de decisiones y pr\u00e1cticas de dise\u00f1o.<\/p>\n<p><img loading=\"lazy\" decoding=\"async\" class=\"wp-image-17 alignleft\" src=\"https:\/\/unifranzsantacruz.files.wordpress.com\/2018\/01\/eleodoro-ventocilla.jpg\" alt=\"ELEODORO VENTOCILLA\" width=\"139\" height=\"139\" \/>Ha sido reconocido por sus actividades de docencia en la formaci\u00f3n de gerentes, directivos de empresas y consultores internos y externos; en particular, por la difusi\u00f3n en Latinoam\u00e9rica de las pr\u00e1cticas de Innovaci\u00f3n, gerencia de la creaci\u00f3n y medici\u00f3n de valor y la gerencia del conocimiento. Entres sus actividades de difusi\u00f3n de conocimiento se encuentra el ser:<\/p>\n<ul>\n<li>Miembro profesional de la Sociedad Mundial del Futuro y fundador del Cap\u00edtulo Venezuela de la misma;<\/li>\n<li>Miembro del ISCE: Institute for Studies of Coherence and Emergence y la SCTPLS (Society for Chaos Theory Applied in Psychology &amp; Life Sciences);<\/li>\n<li>Consultor del Centro Latinoamericano para el Desarrollo (CLAD);<\/li>\n<li>Asesor de la Federaci\u00f3n de C\u00e1maras Empresariales de Venezuela (FEDECAMARAS);<\/li>\n<li>Facilitador de procesos en din\u00e1micas formativas del Centro para la Difusi\u00f3n de la Cultura Econ\u00f3mica (CEDICE) y del Consejo Nacional del Comercio y los Servicios (Consecomercio) de Venezuela;<\/li>\n<li>Profesor en programas de PostGrado de la Universidad Cat\u00f3lica Andr\u00e9s Bello,;<\/li>\n<li>Conferencista en las universidades: Universidad Argentina de la Empresa, UADE, Universidad Central de Venezuela, UCV, Universidad Metropolitana de Venezuela, UNIMET, Universidad TECMILENIO en Monterrey, M\u00e9xico, Universidad San Mart\u00edn de Porres en Lima, Per\u00fa y Universidad Franz Tamayo, UNIFRANZ, en Santa Cruz Bolivia.<\/li>\n<\/ul>\n<p>Ha prestado sus servicios de consultor\u00eda, facilitaci\u00f3n, asesor\u00eda y mentor\u00eda, a empresas y profesionales de Argentina, Bolivia, Brasil Colombia,\u00a0 Costa Rica, Ecuador, Estados Unidos, Guatemala, M\u00e9xico, Rep\u00fablica Dominicana, Panam\u00e1, Per\u00fa y Venezuela. Entre otras empresas a:<\/p>\n<p><strong>VENEZUELA<\/strong>:\u00a0Alcasa; Banco de Venezuela; Banco del Caribe; BANESCO;\u00a0Bank of Am\u00e9rica; Bauxilum;\u00a0CA. Nacional de Tel\u00e9fonos, Corporaci\u00f3n Venezolana de Guayana\u00a0\u00a0CADAFE;\u00a0\u00a0Citibank;\u00a0CVG; CANTV;\u00a0Del Sur Banco Universal;\u00a0Electricidad de Caracas;\u00a0Electricidad de Caracas;\u00a0Deloitte LATCO;\u00a0ENELVEN;\u00a0Ferrominera del Orinoco;\u00a0Halliburton;INDESCA;\u00a0INTESA; INTEVEP; KOF; Coca Cola;\u00a0 Minerven; Ministerio de Ciencia y Tecnolog\u00eda;\u00a0Ministerio de Infraestructura; MOVILNET;\u00a0Pequiven;\u00a0PEMEX; Petr\u00f3leos de Venezuela;\u00a0ScotiaBank;\u00a0Seguros La Occidental,\u00a0PDVSA; Seguros La Seguridad;\u00a0Sider\u00fargica del Orinoco\u00a0 (SIDOR),\u00a0 SIVENSA &#8211; Sidetur; Telesalud International; Venalum;\u00a0Ministerio de Industria y Comercio,<\/p>\n<p><strong>M\u00c9XICO:<\/strong>\u00a0Compa\u00f1\u00eda Mexicana de Exploraciones, COMESA; Petroleo de M\u00e9xico<\/p>\n<p><strong>PER\u00da:<\/strong>\u00a0Amerika Financiera; Baker Huges; Banco BBVA Continental;Banco de Cr\u00e9dito del Per\u00fa;\u00a0Bekaert Prodac;\u00a0EDIFICA;\u00a0Pacific Rubiales Energy;\u00a0UNIMAQ\/Ferrecorp;\u00a0Luz del Sur,<\/p>\n<p><strong>COLOMBIA:\u00a0<\/strong>Bekaert Proalco; Empresas P\u00fablicas de medell\u00edn;\u00a0 EQUION;\u00a0 Organizaci\u00f3n Diego Cisneros;\u00a0 Pacific Rubiales Energy;<\/p>\n<p><strong>ECUADOR:<\/strong>\u00a0Bekaert Ideal;\u00a0Ministerio de Comercio Exterior e Industrias<\/p>\n<p><strong>REP\u00daBLICA DOMINICANA:\u00a0<\/strong>BRUGAL<\/p>\n<p><strong>PANAM\u00c1:<\/strong>\u00a0Cable &amp; Wireless;<\/p>\n<p><strong>CANAD\u00c1:<\/strong>\u00a0Diproinduca<\/p>\n<p><strong>BOLIVIA:<\/strong>\u00a0UNAGRO;\u00a0UNIFRANZ<\/p>\n<p><img loading=\"lazy\" decoding=\"async\" class=\"wp-image-16 alignleft\" src=\"https:\/\/unifranzsantacruz.files.wordpress.com\/2018\/01\/eleodoro-ventocilla-con-microfono.jpg\" alt=\"ELEODORO VENTOCILLA CON MICROFONO\" width=\"239\" height=\"359\" \/>El arq Ventocilla es un profesional muy informado sobre el \u201cEstado del Arte\u201d de la tecnolog\u00eda vinculada a la administraci\u00f3n estrat\u00e9gica del desempe\u00f1o, la transformaci\u00f3n y fortalecimiento de organizaciones, al desarrollo de organizaciones y procesos para la Innovaci\u00f3n continua, la gerencia del capital intelectual para la creaci\u00f3n de valor, el adiestramiento basado en computadoras y los sistemas electr\u00f3nicos de soporte al desempe\u00f1o. Es creador de la metodolog\u00eda de an\u00e1lisis y dise\u00f1o de Arquitecturas Sociot\u00e9cnicas\u00d2, aplicables a la transformaci\u00f3n innovadora de organizaciones e igualmente, es creador de La Br\u00fajula del Valor, instrumento para el desarrollo de ventajas competitivas\u00a0 y sistemas de medici\u00f3n y control del valor agregado.<\/p>\n<p><img loading=\"lazy\" decoding=\"async\" class=\"wp-image-18 alignleft\" src=\"https:\/\/unifranzsantacruz.files.wordpress.com\/2018\/01\/unicornio.jpg\" alt=\"UNICORNIO\" width=\"312\" height=\"499\" \/>Es autor de los Libros: <strong>\u201cEl Ala del Silencio\u201d<\/strong> (El Buey del Mar) sobre el uso del lenguaje en los procesos de cambio; <strong>\u201cLa Br\u00fajula del Valor\u201d<\/strong> (Random House Mondadori) sobre pr\u00e1cticas de gerencia para la creaci\u00f3n, captura y entrega de valor; coautor del libro <strong>\u201cPymes Globales\u201d<\/strong> sobre pr\u00e1cticas para la internacionalizaci\u00f3n de las peque\u00f1as y medianas empresas; coautor de libro <strong>\u201cTiempo de Unicornios, Teor\u00eda y Pr\u00e1ctica de la organizaci\u00f3n innovadora\u201d<\/strong> y de numerosos\u00a0 art\u00edculos sobre temas de organizaci\u00f3n, estrategia, gerencia del conocimiento, gerencia del capital humano, cultura organizacional, gerencia de la creaci\u00f3n de valor y gerencia de las relaciones empresariales.<\/p>\n<p>El Arq Ventocilla dictar\u00e1 en la Escuela de Posgrado de UNIFRANZ el Programa <strong>\u00abEL CAMINO DEL UNICORNIO &#8211; Capacidades y competencias para la pr\u00e1ctica innovadora\u00bb<\/strong> entre 2 y el 6 de marzo de 2018 en la ciudad de Santa Cruz- Bolivia.<\/p>\n<p>&nbsp;<\/p>\n<p>PARA PARTICIPAR EN EL WEBINARIO INTERNACIONAL \u00abEL CAMINO DEL UNICORNIO: INNOVACI\u00d3N PARA CREAR VALOR\u00bb A DICTARSE EL JUEVES 8 DE FEBRERO A LAS 18 HS (sin ning\u00fan tipo de costo) INSCRIBIRSE EN EL SIGUIENTE LINK\u00a0<a href=\"https:\/\/attendee.gotowebinar.com\/register\/7882100180849920770\" target=\"_blank\" rel=\"noopener\">https:\/\/attendee.gotowebinar.com\/register\/7882100180849920770<\/a><\/p>\n<p>&nbsp;<\/p>","protected":false},"excerpt":{"rendered":"<p>RESUMEN DE HISTORIA PROFESIONAL DEL ARQ ELEODORO VENTOCILLA El arquitecto Eleodoro Ventocilla, con 31 a\u00f1os de ejercicio,\u00a0es un experimentado consultor especializado en pr\u00e1cticas gerenciales para el fortalecimiento de las organizaciones como sistemas de creaci\u00f3n, agregaci\u00f3n, captura y entrega de valor, socio fundador y presidente de DKV Asociados C.A y DKVGROUP, empresas especializadas en consultor\u00eda gerencial. &hellip; <a href=\"https:\/\/unifranz.edu.bo\/pt\/noticias\/quien-creador-camino-del-unicornio-arq-eleodoro-ventocilla\/\">Continued<\/a><\/p>","protected":false},"author":45,"featured_media":21707,"comment_status":"open","ping_status":"open","sticky":false,"template":"","format":"standard","meta":{"_acf_changed":false,"footnotes":""},"categories":[60,29],"tags":[258,262],"class_list":["post-21701","post","type-post","status-publish","format-standard","has-post-thumbnail","hentry","category-blog","category-noticias","tag-unicornio","tag-ventocilla"],"acf":[],"_links":{"self":[{"href":"https:\/\/unifranz.edu.bo\/pt\/wp-json\/wp\/v2\/posts\/21701","targetHints":{"allow":["GET"]}}],"collection":[{"href":"https:\/\/unifranz.edu.bo\/pt\/wp-json\/wp\/v2\/posts"}],"about":[{"href":"https:\/\/unifranz.edu.bo\/pt\/wp-json\/wp\/v2\/types\/post"}],"author":[{"embeddable":true,"href":"https:\/\/unifranz.edu.bo\/pt\/wp-json\/wp\/v2\/users\/45"}],"replies":[{"embeddable":true,"href":"https:\/\/unifranz.edu.bo\/pt\/wp-json\/wp\/v2\/comments?post=21701"}],"version-history":[{"count":0,"href":"https:\/\/unifranz.edu.bo\/pt\/wp-json\/wp\/v2\/posts\/21701\/revisions"}],"wp:featuredmedia":[{"embeddable":true,"href":"https:\/\/unifranz.edu.bo\/pt\/wp-json\/wp\/v2\/media\/21707"}],"wp:attachment":[{"href":"https:\/\/unifranz.edu.bo\/pt\/wp-json\/wp\/v2\/media?parent=21701"}],"wp:term":[{"taxonomy":"category","embeddable":true,"href":"https:\/\/unifranz.edu.bo\/pt\/wp-json\/wp\/v2\/categories?post=21701"},{"taxonomy":"post_tag","embeddable":true,"href":"https:\/\/unifranz.edu.bo\/pt\/wp-json\/wp\/v2\/tags?post=21701"}],"curies":[{"name":"wp","href":"https:\/\/api.w.org\/{rel}","templated":true}]}}