{"id":21560,"date":"2017-12-20T23:26:06","date_gmt":"2017-12-20T23:26:06","guid":{"rendered":"http:\/\/clientes.centricodigitaldrocks.com\/unifranz\/test\/?p=21560"},"modified":"2017-12-20T23:26:06","modified_gmt":"2017-12-20T23:26:06","slug":"venturoso-viaje-estudiantes-intercambio-i-2018","status":"publish","type":"post","link":"https:\/\/unifranz.edu.bo\/pt\/blog\/venturoso-viaje-estudiantes-intercambio-i-2018\/","title":{"rendered":"Venturoso Viaje a Estudiantes de Intercambio I 2018"},"content":{"rendered":"<p>UNIFRANZ sede Cochabamba realiz\u00f3 la despedida a los estudiantes:<\/p>\n<ul>\n<li>Enrique Boso Soria Galvarro de la carrera de Ing. Comercial que se va a la \u00a0Universidad de Buenos Aires, Argentina.<\/li>\n<li>Valeria Alejandra Alanes Amurio de la carrera de Publicidad y Marketing quien se va a la Universidad Iberoamericana, M\u00e9xico.<\/li>\n<li>Paola Maldonado \u00c1lvarez de la carrera de Publicidad y Marketing quien se va a la Universidad Iberoamericana, M\u00e9xico.<\/li>\n<li>Deborah Mariana Antezana Andia de la carrera de Publicidad y Marketing quien se va a la Universidad Central, Colombia.<\/li>\n<li>Fabio Erick Saavedra Monta\u00f1o de la carrera de medicina quien se va a la Universidad de Boyac\u00e1, Colombia.<\/li>\n<li>Valeria Ugarte Peralta de la carrera de medicina quien se va a la Universidad de Boyac\u00e1, Colombia.<\/li>\n<\/ul>\n<p>Ellos \u00a0accedieron al beneficio del Programa de Intercambio \u201cInternacional\u00edzate\u201d para continuar con sus estudios fuera de nuestras fronteras.<\/p>\n<p>Nuestras autoridades Mgr. Raquel Guzm\u00e1n Decana Acad\u00e9mica, Dr. Carlos Zambrana, Secretario General, Lic. Karina Negr\u00f3n, Directora de Servicios Estudiantiles realizaron una significativa reuni\u00f3n de despedida, para \u00a0brindar la cortes\u00eda a los embajadores Unifranz quienes se ausentar\u00e1n en sus diferentes destinos.<\/p>\n<p>Varios regalos y prendas representativos de la Universidad fueron entregados a los estudiantes\u00a0 quienes agradecieron el desprendimiento de las autoridades presentes,\u00a0 demostrando su entusiasmo por dar\u00a0 a conocer el alto nivel de formaci\u00f3n que poseen, adem\u00e1s, remarcaron el hecho de sentirse orgullosos de llevar el nombre de Unifranz fuera de nuestras fronteras.<\/p>\n<p><img loading=\"lazy\" decoding=\"async\" class=\"alignnone size-medium wp-image-21563\" src=\"http:\/\/clientes.centricodigitaldrocks.com\/unifranz\/test\/wp-content\/uploads\/2017\/12\/1-9-300x200.jpg\" alt=\"\" width=\"300\" height=\"200\" srcset=\"https:\/\/unifranz.edu.bo\/wp-content\/uploads\/2017\/12\/1-9-300x200.jpg 300w, https:\/\/unifranz.edu.bo\/wp-content\/uploads\/2017\/12\/1-9-1024x683.jpg 1024w, https:\/\/unifranz.edu.bo\/wp-content\/uploads\/2017\/12\/1-9-768x512.jpg 768w, https:\/\/unifranz.edu.bo\/wp-content\/uploads\/2017\/12\/1-9-1536x1024.jpg 1536w, https:\/\/unifranz.edu.bo\/wp-content\/uploads\/2017\/12\/1-9-2048x1365.jpg 2048w, https:\/\/unifranz.edu.bo\/wp-content\/uploads\/2017\/12\/1-9-18x12.jpg 18w\" sizes=\"auto, (max-width: 300px) 100vw, 300px\" \/><\/p>\n<p><img loading=\"lazy\" decoding=\"async\" class=\"alignnone size-medium wp-image-21564\" src=\"http:\/\/clientes.centricodigitaldrocks.com\/unifranz\/test\/wp-content\/uploads\/2017\/12\/2-10-300x200.jpg\" alt=\"\" width=\"300\" height=\"200\" srcset=\"https:\/\/unifranz.edu.bo\/wp-content\/uploads\/2017\/12\/2-10-300x200.jpg 300w, https:\/\/unifranz.edu.bo\/wp-content\/uploads\/2017\/12\/2-10-1024x683.jpg 1024w, https:\/\/unifranz.edu.bo\/wp-content\/uploads\/2017\/12\/2-10-768x512.jpg 768w, https:\/\/unifranz.edu.bo\/wp-content\/uploads\/2017\/12\/2-10-1536x1024.jpg 1536w, https:\/\/unifranz.edu.bo\/wp-content\/uploads\/2017\/12\/2-10-2048x1365.jpg 2048w, https:\/\/unifranz.edu.bo\/wp-content\/uploads\/2017\/12\/2-10-18x12.jpg 18w\" sizes=\"auto, (max-width: 300px) 100vw, 300px\" \/><\/p>\n<p><img loading=\"lazy\" decoding=\"async\" class=\"alignnone size-medium wp-image-21565\" src=\"http:\/\/clientes.centricodigitaldrocks.com\/unifranz\/test\/wp-content\/uploads\/2017\/12\/3-9-300x206.jpg\" alt=\"\" width=\"300\" height=\"206\" srcset=\"https:\/\/unifranz.edu.bo\/wp-content\/uploads\/2017\/12\/3-9-300x206.jpg 300w, https:\/\/unifranz.edu.bo\/wp-content\/uploads\/2017\/12\/3-9-1024x702.jpg 1024w, https:\/\/unifranz.edu.bo\/wp-content\/uploads\/2017\/12\/3-9-768x527.jpg 768w, https:\/\/unifranz.edu.bo\/wp-content\/uploads\/2017\/12\/3-9-1536x1053.jpg 1536w, https:\/\/unifranz.edu.bo\/wp-content\/uploads\/2017\/12\/3-9-2048x1404.jpg 2048w, https:\/\/unifranz.edu.bo\/wp-content\/uploads\/2017\/12\/3-9-18x12.jpg 18w\" sizes=\"auto, (max-width: 300px) 100vw, 300px\" \/><\/p>\n<p><img loading=\"lazy\" decoding=\"async\" class=\"alignnone size-medium wp-image-21566\" src=\"http:\/\/clientes.centricodigitaldrocks.com\/unifranz\/test\/wp-content\/uploads\/2017\/12\/4-9-300x200.jpg\" alt=\"\" width=\"300\" height=\"200\" srcset=\"https:\/\/unifranz.edu.bo\/wp-content\/uploads\/2017\/12\/4-9-300x200.jpg 300w, https:\/\/unifranz.edu.bo\/wp-content\/uploads\/2017\/12\/4-9-1024x683.jpg 1024w, https:\/\/unifranz.edu.bo\/wp-content\/uploads\/2017\/12\/4-9-768x512.jpg 768w, https:\/\/unifranz.edu.bo\/wp-content\/uploads\/2017\/12\/4-9-1536x1024.jpg 1536w, https:\/\/unifranz.edu.bo\/wp-content\/uploads\/2017\/12\/4-9-2048x1365.jpg 2048w, https:\/\/unifranz.edu.bo\/wp-content\/uploads\/2017\/12\/4-9-18x12.jpg 18w\" sizes=\"auto, (max-width: 300px) 100vw, 300px\" \/><\/p>\n<p><img loading=\"lazy\" decoding=\"async\" class=\"alignnone size-medium wp-image-21567\" src=\"http:\/\/clientes.centricodigitaldrocks.com\/unifranz\/test\/wp-content\/uploads\/2017\/12\/5-8-300x200.jpg\" alt=\"\" width=\"300\" height=\"200\" srcset=\"https:\/\/unifranz.edu.bo\/wp-content\/uploads\/2017\/12\/5-8-300x200.jpg 300w, https:\/\/unifranz.edu.bo\/wp-content\/uploads\/2017\/12\/5-8-1024x683.jpg 1024w, https:\/\/unifranz.edu.bo\/wp-content\/uploads\/2017\/12\/5-8-768x512.jpg 768w, https:\/\/unifranz.edu.bo\/wp-content\/uploads\/2017\/12\/5-8-1536x1024.jpg 1536w, https:\/\/unifranz.edu.bo\/wp-content\/uploads\/2017\/12\/5-8-2048x1365.jpg 2048w, https:\/\/unifranz.edu.bo\/wp-content\/uploads\/2017\/12\/5-8-18x12.jpg 18w\" sizes=\"auto, (max-width: 300px) 100vw, 300px\" \/><\/p>","protected":false},"excerpt":{"rendered":"<p>UNIFRANZ sede Cochabamba realiz\u00f3 la despedida a los estudiantes: Enrique Boso Soria Galvarro de la carrera de Ing. Comercial que se va a la \u00a0Universidad de Buenos Aires, Argentina. Valeria Alejandra Alanes Amurio de la carrera de Publicidad y Marketing quien se va a la Universidad Iberoamericana, M\u00e9xico. Paola Maldonado \u00c1lvarez de la carrera de &hellip; <a href=\"https:\/\/unifranz.edu.bo\/pt\/blog\/venturoso-viaje-estudiantes-intercambio-i-2018\/\">Continued<\/a><\/p>","protected":false},"author":45,"featured_media":21567,"comment_status":"open","ping_status":"open","sticky":false,"template":"","format":"standard","meta":{"_acf_changed":false,"footnotes":""},"categories":[60,178],"tags":[37,62],"class_list":["post-21560","post","type-post","status-publish","format-standard","has-post-thumbnail","hentry","category-blog","category-intercambios","tag-cochabamba","tag-internacionalizate"],"acf":[],"_links":{"self":[{"href":"https:\/\/unifranz.edu.bo\/pt\/wp-json\/wp\/v2\/posts\/21560","targetHints":{"allow":["GET"]}}],"collection":[{"href":"https:\/\/unifranz.edu.bo\/pt\/wp-json\/wp\/v2\/posts"}],"about":[{"href":"https:\/\/unifranz.edu.bo\/pt\/wp-json\/wp\/v2\/types\/post"}],"author":[{"embeddable":true,"href":"https:\/\/unifranz.edu.bo\/pt\/wp-json\/wp\/v2\/users\/45"}],"replies":[{"embeddable":true,"href":"https:\/\/unifranz.edu.bo\/pt\/wp-json\/wp\/v2\/comments?post=21560"}],"version-history":[{"count":0,"href":"https:\/\/unifranz.edu.bo\/pt\/wp-json\/wp\/v2\/posts\/21560\/revisions"}],"wp:featuredmedia":[{"embeddable":true,"href":"https:\/\/unifranz.edu.bo\/pt\/wp-json\/wp\/v2\/media\/21567"}],"wp:attachment":[{"href":"https:\/\/unifranz.edu.bo\/pt\/wp-json\/wp\/v2\/media?parent=21560"}],"wp:term":[{"taxonomy":"category","embeddable":true,"href":"https:\/\/unifranz.edu.bo\/pt\/wp-json\/wp\/v2\/categories?post=21560"},{"taxonomy":"post_tag","embeddable":true,"href":"https:\/\/unifranz.edu.bo\/pt\/wp-json\/wp\/v2\/tags?post=21560"}],"curies":[{"name":"wp","href":"https:\/\/api.w.org\/{rel}","templated":true}]}}