{"id":214458,"date":"2024-04-05T22:43:02","date_gmt":"2024-04-06T02:43:02","guid":{"rendered":"https:\/\/unifranz.edu.bo\/?p=214458"},"modified":"2024-04-05T22:43:22","modified_gmt":"2024-04-06T02:43:22","slug":"acceso-a-la-salud-un-derecho-fundamental-cuya-meta-aun-esta-lejana","status":"publish","type":"post","link":"https:\/\/unifranz.edu.bo\/pt\/carreras\/acceso-a-la-salud-un-derecho-fundamental-cuya-meta-aun-esta-lejana\/","title":{"rendered":"Acceso a la salud: un derecho fundamental cuya meta a\u00fan est\u00e1 lejana\u00a0"},"content":{"rendered":"<p><span style=\"font-weight: 400; color: #000000;\">El acceso a la atenci\u00f3n m\u00e9dica en cualquier centro de salud, independientemente de su nivel, es un derecho fundamental que debe ser garantizado para todos.\u00a0<\/span><\/p>\n<p><span style=\"font-weight: 400; color: #000000;\">No se limita \u00fanicamente a la posibilidad de recibir tratamiento en momentos de enfermedad, sino que abarca un espectro m\u00e1s amplio de dimensiones que incluyen la prevenci\u00f3n, la educaci\u00f3n sanitaria y la atenci\u00f3n continua.\u00a0<\/span><\/p>\n<p><span style=\"font-weight: 400; color: #000000;\">Es un derecho que no solo asegura la supervivencia individual, sino que tambi\u00e9n contribuye al bienestar colectivo. De ah\u00ed la importancia de reconocer que el acceso a la salud no debe ser un privilegio reservado para unos cuantos, sino un bien com\u00fan al que todos los individuos deber\u00edan tener derecho.\u00a0<\/span><\/p>\n<p><span style=\"font-weight: 400; color: #000000;\">La equidad en el acceso a la atenci\u00f3n m\u00e9dica es, pues, una piedra angular para construir sociedades m\u00e1s justas, inclusivas y saludables.<\/span><\/p>\n<p><span style=\"font-weight: 400; color: #000000;\">La salud es el activo m\u00e1s valioso en la vida de las personas, ya que afecta directamente su capacidad para trabajar y alcanzar sus metas. Sin embargo, en el pa\u00eds, a pesar de que la Constituci\u00f3n Pol\u00edtica del Estado establece este derecho, persisten obst\u00e1culos significativos para hacerlo una realidad palpable, reflexiona \u00c1lvaro Mu\u00f1oz Reyes, decano de la Facultad de Medicina de la Universidad Franz Tamayo, Unifranz, a prop\u00f3sito de la celebraci\u00f3n del D\u00eda Mundial de la Salud este 7 de abril.<\/span><\/p>\n<p><span style=\"font-weight: 400; color: #000000;\">\u201cEl acceso a la atenci\u00f3n m\u00e9dica en cualquier centro de salud, sea del nivel que sea, tiene que estar garantizado, porque la salud es lo m\u00e1s importante en la vida. Si hay salud puedo conseguir trabajo, si no tengo salud no voy a poder conseguir absolutamente nada. Si bien el acceso a la salud ha mejorado, el desaf\u00edo actual es garantizar que la poblaci\u00f3n acceda a un servicio de calidad\u201d, dice.\u00a0<\/span><\/p>\n<p><span style=\"font-weight: 400; color: #000000;\">Datos de la Organizaci\u00f3n Mundial de la Salud (OMS) dan cuenta que el porcentaje de la poblaci\u00f3n que no est\u00e1 cubierta por los servicios de salud esenciales alcanzaba en 2021, a 4.500 millones de personas en todo el mundo, aproximadamente.\u00a0<\/span><\/p>\n<p><span style=\"font-weight: 400; color: #000000;\">Respecto a los pa\u00edses de las Am\u00e9ricas, en promedio, alrededor de una tercera parte de las personas (29,3%) reportan no buscar atenci\u00f3n en salud cuando lo necesitaron debido a m\u00faltiples barreras de acceso, tales como falta de recursos econ\u00f3micos, entre otros.<\/span><\/p>\n<p><span style=\"font-weight: 400; color: #000000;\">Seg\u00fan el acad\u00e9mico, la falta de conciencia sobre la importancia de la salud ser\u00eda uno de los principales desaf\u00edos que deben ser superados en este nuevo siglo a fin de superar esas brechas de acceso, particularmente, en los pa\u00edses en v\u00edas de desarrollo.\u00a0<\/span><\/p>\n<p><span style=\"font-weight: 400; color: #000000;\">La ignorancia prevalece en muchos casos, donde la falta de educaci\u00f3n y acceso a informaci\u00f3n relevante limita la comprensi\u00f3n de las necesidades de salud. Con demasiada frecuencia, las personas buscan atenci\u00f3n m\u00e9dica s\u00f3lo cuando la situaci\u00f3n se vuelve cr\u00edtica, lo que sobrecarga los hospitales y reduce las posibilidades de tratamiento efectivo.<\/span><\/p>\n<p><span style=\"font-weight: 400; color: #000000;\">\u201cNo estudiamos, no leemos, no nos enteramos qu\u00e9 es lo que necesitamos en salud. Nuestra gente va generalmente a los centros hospitalarios cuando ya est\u00e1 muy mal, cuando ya hay poco que hacer\u201d, manifiesta el m\u00e9dico.\u00a0\u00a0<\/span><\/p>\n<figure id=\"attachment_214463\" aria-describedby=\"caption-attachment-214463\" style=\"width: 908px\" class=\"wp-caption aligncenter\"><img loading=\"lazy\" decoding=\"async\" class=\"wp-image-214463\" src=\"https:\/\/unifranz.edu.bo\/wp-content\/uploads\/2024\/04\/SALUD2-DEBER-300x200.jpg\" alt=\"\" width=\"908\" height=\"605\" srcset=\"https:\/\/unifranz.edu.bo\/wp-content\/uploads\/2024\/04\/SALUD2-DEBER-300x200.jpg 300w, https:\/\/unifranz.edu.bo\/wp-content\/uploads\/2024\/04\/SALUD2-DEBER-1024x683.jpg 1024w, https:\/\/unifranz.edu.bo\/wp-content\/uploads\/2024\/04\/SALUD2-DEBER-768x512.jpg 768w, https:\/\/unifranz.edu.bo\/wp-content\/uploads\/2024\/04\/SALUD2-DEBER-18x12.jpg 18w, https:\/\/unifranz.edu.bo\/wp-content\/uploads\/2024\/04\/SALUD2-DEBER.jpg 1200w\" sizes=\"auto, (max-width: 908px) 100vw, 908px\" \/><figcaption id=\"caption-attachment-214463\" class=\"wp-caption-text\"><\/span> <span style=\"color: #000000;\"><em>El acceso a la atenci\u00f3n m\u00e9dica en cualquier centro de salud, independientemente de su nivel, es un derecho fundamental.<\/em><\/span><\/figcaption><\/figure>\n<p><span style=\"font-weight: 400; color: #000000;\">Educar a la poblaci\u00f3n sobre la importancia de acceder a la atenci\u00f3n m\u00e9dica desde el primer nivel de atenci\u00f3n se vuelve una prioridad en la actualidad. En pa\u00edses como Chile, existe una cultura arraigada de acudir primero al nivel primario de salud, lo que ha demostrado ser efectivo para abordar las necesidades de salud de manera oportuna y eficiente.<\/span><\/p>\n<p><span style=\"font-weight: 400; color: #000000;\">\u201cSin embargo, en Bolivia, pese a que hay centros de salud de primer nivel en los barrios y donde el 80% de los problemas de salud pueden solucionarse, la gente va primero al hospital y eso abarrota los hospitales, hace que los pacientes hagan fila de madrugada para sacar ficha, cuando m\u00e1s bien podr\u00edamos evitarnos el problema yendo, primero, a nuestro centro de primer nivel\u201d, lamenta Mu\u00f1oz Reyes.<\/span><\/p>\n<p><span style=\"font-weight: 400; color: #000000;\">La pandemia ha destacado la necesidad de valorar y acceder a los servicios de salud de manera oportuna. La vacunaci\u00f3n masiva ha demostrado ser fundamental para reducir la mortalidad y controlar la propagaci\u00f3n del virus. Sin embargo, persisten desaf\u00edos, como la desconfianza hacia las vacunas, que requieren una atenci\u00f3n continua.<\/span><\/p>\n<p><span style=\"font-weight: 400; color: #000000;\">\u201cEl Covid-19 nos ha tra\u00eddo muchas ense\u00f1anzas. Una de ellas es que ahora la gente s\u00ed se preocupa si tiene tos o fiebre, se preocupa por vacunarse, aunque no todos (\u2026). Valoran un poco m\u00e1s su salud y eso hace que accedan oportunamente a los servicios de salud. Ha bajado la mortalidad de forma incre\u00edble\u201d, reflexiona.<\/span><\/p>\n<p><span style=\"font-weight: 400; color: #000000;\">Sin embargo, seg\u00fan el acad\u00e9mico, el sistema de salud necesita una reforma integral que aborde no s\u00f3lo la accesibilidad, sino tambi\u00e9n la calidad y la eficiencia de los servicios.\u00a0<\/span><\/p>\n<p><span style=\"font-weight: 400; color: #000000;\">Adem\u00e1s, se debe invertir en infraestructura, formaci\u00f3n de profesionales de la salud y equipamiento adecuado para garantizar que todos tengan acceso a atenci\u00f3n m\u00e9dica de calidad, independientemente de su ubicaci\u00f3n geogr\u00e1fica o su situaci\u00f3n econ\u00f3mica.<\/span><\/p>\n<p><span style=\"font-weight: 400; color: #000000;\">Tambi\u00e9n, es necesario modernizar la educaci\u00f3n en ciencias de la salud para adaptarse a las demandas actuales. Esto implica revisar los planes de estudio y fomentar una formaci\u00f3n especializada que responda a las necesidades reales de la sociedad. La \u00e9tica, la empat\u00eda y la sensibilidad social deben ser componentes fundamentales en la formaci\u00f3n de profesionales de la salud para garantizar un trato humano y digno a los pacientes.<\/span><\/p>\n<p><span style=\"font-weight: 400; color: #000000;\">\u201cSoy un convencido de que necesitamos una reforma en el sistema de salud y en el sistema de ense\u00f1anza de la salud. Estudiamos 6 a\u00f1os, pero muchas de las materias y las cosas que damos no son \u00fatiles para la vida real del m\u00e9dico. Nos sirven como un conocimiento general, pero no son de utilidad. Necesitamos especialistas, por eso es preciso cambiar el pensum de todas las facultades de ciencias de la salud del pa\u00eds\u201d, dice.<\/span><\/p>\n<p><span style=\"font-weight: 400; color: #000000;\">Finalmente, el acad\u00e9mico identifica tres desaf\u00edos del sistema de salud p\u00fablica para garantizar un acceso a una salud de calidad de la poblaci\u00f3n:\u00a0<\/span><\/p>\n<ul>\n<li style=\"font-weight: 400;\" aria-level=\"1\"><span style=\"font-weight: 400; color: #000000;\">Primero, una buena formaci\u00f3n del m\u00e9dico, ya que es vital que tenga una buena formaci\u00f3n cient\u00edfica y humana.<\/span><\/li>\n<li style=\"font-weight: 400;\" aria-level=\"1\"><span style=\"font-weight: 400; color: #000000;\">Segundo, acceso a una especialidad, \u201cque ahora es casi misi\u00f3n imposible\u201d.\u00a0<\/span><\/li>\n<li style=\"font-weight: 400;\" aria-level=\"1\"><span style=\"font-weight: 400; color: #000000;\">Tercero, oportunidades para conseguir trabajo. En la actualidad, centenares de flamantes m\u00e9dicos est\u00e1n desocupados o trabajando en otros oficios, que no tienen ninguna relaci\u00f3n con sus estudios universitarios.<\/span><\/li>\n<\/ul>\n<p><span style=\"font-weight: 400; color: #000000;\">El acceso a la salud es un derecho humano fundamental que debe ser garantizado por los gobiernos. Para lograrlo, se requiere una combinaci\u00f3n de pol\u00edticas p\u00fablicas efectivas, inversi\u00f3n en infraestructura y educaci\u00f3n, as\u00ed como un cambio de mentalidad tanto en profesionales de la salud como en la poblaci\u00f3n en general.<\/span><\/p>","protected":false},"excerpt":{"rendered":"<p>El acceso a la atenci\u00f3n m\u00e9dica en cualquier centro de salud, independientemente de su nivel, es un derecho fundamental que debe ser garantizado para todos.\u00a0 No se limita \u00fanicamente a la posibilidad de recibir tratamiento en momentos de enfermedad, sino que abarca un espectro m\u00e1s amplio de dimensiones que incluyen la prevenci\u00f3n, la educaci\u00f3n sanitaria &hellip; <a href=\"https:\/\/unifranz.edu.bo\/pt\/carreras\/acceso-a-la-salud-un-derecho-fundamental-cuya-meta-aun-esta-lejana\/\">Continued<\/a><\/p>","protected":false},"author":45,"featured_media":214462,"comment_status":"open","ping_status":"open","sticky":false,"template":"","format":"standard","meta":{"_acf_changed":false,"footnotes":""},"categories":[60,35,1862,1946,1878],"tags":[8144,998,49,124,242],"class_list":["post-214458","post","type-post","status-publish","format-standard","has-post-thumbnail","hentry","category-blog","category-carreras","category-educacion","category-medicina","category-salud","tag-derecho-a-la-salud","tag-dia-mundial-de-la-salud","tag-medicina","tag-salud","tag-unifranz"],"acf":[],"_links":{"self":[{"href":"https:\/\/unifranz.edu.bo\/pt\/wp-json\/wp\/v2\/posts\/214458","targetHints":{"allow":["GET"]}}],"collection":[{"href":"https:\/\/unifranz.edu.bo\/pt\/wp-json\/wp\/v2\/posts"}],"about":[{"href":"https:\/\/unifranz.edu.bo\/pt\/wp-json\/wp\/v2\/types\/post"}],"author":[{"embeddable":true,"href":"https:\/\/unifranz.edu.bo\/pt\/wp-json\/wp\/v2\/users\/45"}],"replies":[{"embeddable":true,"href":"https:\/\/unifranz.edu.bo\/pt\/wp-json\/wp\/v2\/comments?post=214458"}],"version-history":[{"count":2,"href":"https:\/\/unifranz.edu.bo\/pt\/wp-json\/wp\/v2\/posts\/214458\/revisions"}],"predecessor-version":[{"id":214465,"href":"https:\/\/unifranz.edu.bo\/pt\/wp-json\/wp\/v2\/posts\/214458\/revisions\/214465"}],"wp:featuredmedia":[{"embeddable":true,"href":"https:\/\/unifranz.edu.bo\/pt\/wp-json\/wp\/v2\/media\/214462"}],"wp:attachment":[{"href":"https:\/\/unifranz.edu.bo\/pt\/wp-json\/wp\/v2\/media?parent=214458"}],"wp:term":[{"taxonomy":"category","embeddable":true,"href":"https:\/\/unifranz.edu.bo\/pt\/wp-json\/wp\/v2\/categories?post=214458"},{"taxonomy":"post_tag","embeddable":true,"href":"https:\/\/unifranz.edu.bo\/pt\/wp-json\/wp\/v2\/tags?post=214458"}],"curies":[{"name":"wp","href":"https:\/\/api.w.org\/{rel}","templated":true}]}}