{"id":21425,"date":"2017-12-13T22:43:53","date_gmt":"2017-12-13T22:43:53","guid":{"rendered":"http:\/\/clientes.centricodigitaldrocks.com\/unifranz\/test\/?p=21425"},"modified":"2017-12-13T22:43:53","modified_gmt":"2017-12-13T22:43:53","slug":"presentacion-cultural-danza-orquesta-unifranz","status":"publish","type":"post","link":"https:\/\/unifranz.edu.bo\/pt\/blog\/presentacion-cultural-danza-orquesta-unifranz\/","title":{"rendered":"Presentaci\u00f3n Cultural de Danza y Orquesta Unifranz"},"content":{"rendered":"<p>La unidad de Cultura Unifranz realiz\u00f3 la presentaci\u00f3n del Taller de Danza y la Orquesta de C\u00e1mara de la Universidad. Los estudiantes desplegaron su talento durante una entretenida velada llena de pasi\u00f3n por las bellas artes.<\/p>\n<p>El evento inici\u00f3 con la participaci\u00f3n de la Orquesta de C\u00e1mara, que est\u00e1 conformada por 7 estudiantes, quienes demostraron el trabajo que han ido perfeccionando durante la gesti\u00f3n, con un repertorio popular con un poco de estilo barroco y folklore boliviano.<\/p>\n<p>Posteriormente, el Taller de Danza con una muestra folcl\u00f3rica muy variada, caporales, Salay, chacarera entre otros, mostraron el nivel t\u00e9cnico de los 23 integrantes que participaron en \u00e9sta actividad.<\/p>\n<p>Sin duda Unifranz va cultivando el arte y los frutos se recogen d\u00eda a d\u00eda, siguiendo siempre la misi\u00f3n de formar estudiantes integralmente.<\/p>\n<p><img loading=\"lazy\" decoding=\"async\" class=\"alignnone size-medium wp-image-21427\" src=\"http:\/\/clientes.centricodigitaldrocks.com\/unifranz\/test\/wp-content\/uploads\/2017\/12\/1-5-300x209.jpg\" alt=\"\" width=\"300\" height=\"209\" srcset=\"https:\/\/unifranz.edu.bo\/wp-content\/uploads\/2017\/12\/1-5-300x209.jpg 300w, https:\/\/unifranz.edu.bo\/wp-content\/uploads\/2017\/12\/1-5-1024x714.jpg 1024w, https:\/\/unifranz.edu.bo\/wp-content\/uploads\/2017\/12\/1-5-768x535.jpg 768w, https:\/\/unifranz.edu.bo\/wp-content\/uploads\/2017\/12\/1-5-1536x1070.jpg 1536w, https:\/\/unifranz.edu.bo\/wp-content\/uploads\/2017\/12\/1-5-2048x1427.jpg 2048w, https:\/\/unifranz.edu.bo\/wp-content\/uploads\/2017\/12\/1-5-18x12.jpg 18w\" sizes=\"auto, (max-width: 300px) 100vw, 300px\" \/><\/p>\n<p><img loading=\"lazy\" decoding=\"async\" class=\"alignnone size-medium wp-image-21428\" src=\"http:\/\/clientes.centricodigitaldrocks.com\/unifranz\/test\/wp-content\/uploads\/2017\/12\/2-5-300x225.jpg\" alt=\"\" width=\"300\" height=\"225\" srcset=\"https:\/\/unifranz.edu.bo\/wp-content\/uploads\/2017\/12\/2-5-300x225.jpg 300w, https:\/\/unifranz.edu.bo\/wp-content\/uploads\/2017\/12\/2-5-1024x768.jpg 1024w, https:\/\/unifranz.edu.bo\/wp-content\/uploads\/2017\/12\/2-5-768x576.jpg 768w, https:\/\/unifranz.edu.bo\/wp-content\/uploads\/2017\/12\/2-5-1536x1152.jpg 1536w, https:\/\/unifranz.edu.bo\/wp-content\/uploads\/2017\/12\/2-5-2048x1536.jpg 2048w, https:\/\/unifranz.edu.bo\/wp-content\/uploads\/2017\/12\/2-5-16x12.jpg 16w\" sizes=\"auto, (max-width: 300px) 100vw, 300px\" \/><\/p>\n<p><img loading=\"lazy\" decoding=\"async\" class=\"alignnone size-medium wp-image-21429\" src=\"http:\/\/clientes.centricodigitaldrocks.com\/unifranz\/test\/wp-content\/uploads\/2017\/12\/3-5-300x179.jpg\" alt=\"\" width=\"300\" height=\"179\" srcset=\"https:\/\/unifranz.edu.bo\/wp-content\/uploads\/2017\/12\/3-5-300x179.jpg 300w, https:\/\/unifranz.edu.bo\/wp-content\/uploads\/2017\/12\/3-5-1024x610.jpg 1024w, https:\/\/unifranz.edu.bo\/wp-content\/uploads\/2017\/12\/3-5-768x457.jpg 768w, https:\/\/unifranz.edu.bo\/wp-content\/uploads\/2017\/12\/3-5-1536x914.jpg 1536w, https:\/\/unifranz.edu.bo\/wp-content\/uploads\/2017\/12\/3-5-2048x1219.jpg 2048w, https:\/\/unifranz.edu.bo\/wp-content\/uploads\/2017\/12\/3-5-18x12.jpg 18w\" sizes=\"auto, (max-width: 300px) 100vw, 300px\" \/><\/p>\n<p><img loading=\"lazy\" decoding=\"async\" class=\"alignnone size-medium wp-image-21430\" src=\"http:\/\/clientes.centricodigitaldrocks.com\/unifranz\/test\/wp-content\/uploads\/2017\/12\/4-5-300x164.jpg\" alt=\"\" width=\"300\" height=\"164\" srcset=\"https:\/\/unifranz.edu.bo\/wp-content\/uploads\/2017\/12\/4-5-300x164.jpg 300w, https:\/\/unifranz.edu.bo\/wp-content\/uploads\/2017\/12\/4-5-1024x558.jpg 1024w, https:\/\/unifranz.edu.bo\/wp-content\/uploads\/2017\/12\/4-5-768x419.jpg 768w, https:\/\/unifranz.edu.bo\/wp-content\/uploads\/2017\/12\/4-5-18x10.jpg 18w, https:\/\/unifranz.edu.bo\/wp-content\/uploads\/2017\/12\/4-5.jpg 1077w\" sizes=\"auto, (max-width: 300px) 100vw, 300px\" \/><\/p>\n<p><img loading=\"lazy\" decoding=\"async\" class=\"alignnone size-medium wp-image-21432\" src=\"http:\/\/clientes.centricodigitaldrocks.com\/unifranz\/test\/wp-content\/uploads\/2017\/12\/DSC_0259-300x200.jpg\" alt=\"\" width=\"300\" height=\"200\" srcset=\"https:\/\/unifranz.edu.bo\/wp-content\/uploads\/2017\/12\/DSC_0259-300x200.jpg 300w, https:\/\/unifranz.edu.bo\/wp-content\/uploads\/2017\/12\/DSC_0259-1024x683.jpg 1024w, https:\/\/unifranz.edu.bo\/wp-content\/uploads\/2017\/12\/DSC_0259-768x512.jpg 768w, https:\/\/unifranz.edu.bo\/wp-content\/uploads\/2017\/12\/DSC_0259-1536x1024.jpg 1536w, https:\/\/unifranz.edu.bo\/wp-content\/uploads\/2017\/12\/DSC_0259-2048x1365.jpg 2048w, https:\/\/unifranz.edu.bo\/wp-content\/uploads\/2017\/12\/DSC_0259-18x12.jpg 18w\" sizes=\"auto, (max-width: 300px) 100vw, 300px\" \/><\/p>\n<p><img loading=\"lazy\" decoding=\"async\" class=\"alignnone size-medium wp-image-21433\" src=\"http:\/\/clientes.centricodigitaldrocks.com\/unifranz\/test\/wp-content\/uploads\/2017\/12\/DSC_0226-300x200.jpg\" alt=\"\" width=\"300\" height=\"200\" srcset=\"https:\/\/unifranz.edu.bo\/wp-content\/uploads\/2017\/12\/DSC_0226-300x200.jpg 300w, https:\/\/unifranz.edu.bo\/wp-content\/uploads\/2017\/12\/DSC_0226-1024x683.jpg 1024w, https:\/\/unifranz.edu.bo\/wp-content\/uploads\/2017\/12\/DSC_0226-768x512.jpg 768w, https:\/\/unifranz.edu.bo\/wp-content\/uploads\/2017\/12\/DSC_0226-1536x1024.jpg 1536w, https:\/\/unifranz.edu.bo\/wp-content\/uploads\/2017\/12\/DSC_0226-2048x1365.jpg 2048w, https:\/\/unifranz.edu.bo\/wp-content\/uploads\/2017\/12\/DSC_0226-18x12.jpg 18w\" sizes=\"auto, (max-width: 300px) 100vw, 300px\" \/><\/p>","protected":false},"excerpt":{"rendered":"<p>La unidad de Cultura Unifranz realiz\u00f3 la presentaci\u00f3n del Taller de Danza y la Orquesta de C\u00e1mara de la Universidad. Los estudiantes desplegaron su talento durante una entretenida velada llena de pasi\u00f3n por las bellas artes. El evento inici\u00f3 con la participaci\u00f3n de la Orquesta de C\u00e1mara, que est\u00e1 conformada por 7 estudiantes, quienes demostraron &hellip; <a href=\"https:\/\/unifranz.edu.bo\/pt\/blog\/presentacion-cultural-danza-orquesta-unifranz\/\">Continued<\/a><\/p>","protected":false},"author":45,"featured_media":21428,"comment_status":"open","ping_status":"open","sticky":false,"template":"","format":"standard","meta":{"_acf_changed":false,"footnotes":""},"categories":[60,226],"tags":[37,228,230],"class_list":["post-21425","post","type-post","status-publish","format-standard","has-post-thumbnail","hentry","category-blog","category-cultura","tag-cochabamba","tag-danza","tag-orquesta"],"acf":[],"_links":{"self":[{"href":"https:\/\/unifranz.edu.bo\/pt\/wp-json\/wp\/v2\/posts\/21425","targetHints":{"allow":["GET"]}}],"collection":[{"href":"https:\/\/unifranz.edu.bo\/pt\/wp-json\/wp\/v2\/posts"}],"about":[{"href":"https:\/\/unifranz.edu.bo\/pt\/wp-json\/wp\/v2\/types\/post"}],"author":[{"embeddable":true,"href":"https:\/\/unifranz.edu.bo\/pt\/wp-json\/wp\/v2\/users\/45"}],"replies":[{"embeddable":true,"href":"https:\/\/unifranz.edu.bo\/pt\/wp-json\/wp\/v2\/comments?post=21425"}],"version-history":[{"count":0,"href":"https:\/\/unifranz.edu.bo\/pt\/wp-json\/wp\/v2\/posts\/21425\/revisions"}],"wp:featuredmedia":[{"embeddable":true,"href":"https:\/\/unifranz.edu.bo\/pt\/wp-json\/wp\/v2\/media\/21428"}],"wp:attachment":[{"href":"https:\/\/unifranz.edu.bo\/pt\/wp-json\/wp\/v2\/media?parent=21425"}],"wp:term":[{"taxonomy":"category","embeddable":true,"href":"https:\/\/unifranz.edu.bo\/pt\/wp-json\/wp\/v2\/categories?post=21425"},{"taxonomy":"post_tag","embeddable":true,"href":"https:\/\/unifranz.edu.bo\/pt\/wp-json\/wp\/v2\/tags?post=21425"}],"curies":[{"name":"wp","href":"https:\/\/api.w.org\/{rel}","templated":true}]}}