{"id":21049,"date":"2017-11-23T01:43:39","date_gmt":"2017-11-23T01:43:39","guid":{"rendered":"http:\/\/clientes.centricodigitaldrocks.com\/unifranz\/test\/?p=21049"},"modified":"2017-11-23T01:43:39","modified_gmt":"2017-11-23T01:43:39","slug":"i-congreso-internacional-neurociencia","status":"publish","type":"post","link":"https:\/\/unifranz.edu.bo\/pt\/noticias\/i-congreso-internacional-neurociencia\/","title":{"rendered":"I Congreso Internacional de Neurociencia UNIFRANZ"},"content":{"rendered":"<p>La Universidad Privada Franz Tamayo Sede Santa Cruz present\u00f3 el primer Congreso de Neurociencia: Neurociencia Multidisciplinaria, dirigido a los profesionales del \u00e1rea de la psicolog\u00eda, salud y el p\u00fablico en general.<img loading=\"lazy\" decoding=\"async\" class=\"alignleft size-medium wp-image-21053\" src=\"http:\/\/clientes.centricodigitaldrocks.com\/unifranz\/test\/wp-content\/uploads\/2017\/11\/DSC_0354-300x200.jpg\" alt=\"\" width=\"300\" height=\"200\" srcset=\"https:\/\/unifranz.edu.bo\/wp-content\/uploads\/2017\/11\/DSC_0354-300x200.jpg 300w, https:\/\/unifranz.edu.bo\/wp-content\/uploads\/2017\/11\/DSC_0354-1024x683.jpg 1024w, https:\/\/unifranz.edu.bo\/wp-content\/uploads\/2017\/11\/DSC_0354-768x512.jpg 768w, https:\/\/unifranz.edu.bo\/wp-content\/uploads\/2017\/11\/DSC_0354-1536x1024.jpg 1536w, https:\/\/unifranz.edu.bo\/wp-content\/uploads\/2017\/11\/DSC_0354-2048x1365.jpg 2048w, https:\/\/unifranz.edu.bo\/wp-content\/uploads\/2017\/11\/DSC_0354-18x12.jpg 18w\" sizes=\"auto, (max-width: 300px) 100vw, 300px\" \/><\/p>\n<p>\u201cNos sentimos muy orgullosos de realizar por primera vez en nuestra sede el Congreso Internacional de Neurociencia, una actividad que adem\u00e1s cuenta con el apoyo del Neurocritical Care Society y la Fundaci\u00f3n Puente de Solidaridad, con el objetivo de brindarle al p\u00fablico tres d\u00edas intensivos de trabajo, desarrollo de investigaciones y sobretodo un espacio de networking con profesionales nacionales e internacionales del \u00e1rea\u201d coment\u00f3 el Dr. Carlos Dabdoub PHD, Vicerrector Regional de Santa Cruz de la UNIFRANZ.<\/p>\n<p>&nbsp;<\/p>\n<p><img loading=\"lazy\" decoding=\"async\" class=\"size-medium wp-image-21054 alignright\" src=\"http:\/\/clientes.centricodigitaldrocks.com\/unifranz\/test\/wp-content\/uploads\/2017\/11\/DSC_0357-300x200.jpg\" alt=\"\" width=\"300\" height=\"200\" srcset=\"https:\/\/unifranz.edu.bo\/wp-content\/uploads\/2017\/11\/DSC_0357-300x200.jpg 300w, https:\/\/unifranz.edu.bo\/wp-content\/uploads\/2017\/11\/DSC_0357-1024x683.jpg 1024w, https:\/\/unifranz.edu.bo\/wp-content\/uploads\/2017\/11\/DSC_0357-768x512.jpg 768w, https:\/\/unifranz.edu.bo\/wp-content\/uploads\/2017\/11\/DSC_0357-1536x1024.jpg 1536w, https:\/\/unifranz.edu.bo\/wp-content\/uploads\/2017\/11\/DSC_0357-2048x1365.jpg 2048w, https:\/\/unifranz.edu.bo\/wp-content\/uploads\/2017\/11\/DSC_0357-18x12.jpg 18w\" sizes=\"auto, (max-width: 300px) 100vw, 300px\" \/><\/p>\n<p>El congreso se encuentra dividido por tres ejes tem\u00e1ticos desarrollados cada uno en un d\u00eda diferente, el d\u00eda 15 de noviembre: Neurociencia Cognitiva y Educaci\u00f3n, el 16: Soporte Vital en Emergencia Neurol\u00f3gica y cierra el 17 de noviembre con: La Neurociencia aplicada a las Ciencias Empresariales.<\/p>\n<p><img loading=\"lazy\" decoding=\"async\" class=\"alignleft size-medium wp-image-21055\" src=\"http:\/\/clientes.centricodigitaldrocks.com\/unifranz\/test\/wp-content\/uploads\/2017\/11\/DSC_0361-300x200.jpg\" alt=\"\" width=\"300\" height=\"200\" srcset=\"https:\/\/unifranz.edu.bo\/wp-content\/uploads\/2017\/11\/DSC_0361-300x200.jpg 300w, https:\/\/unifranz.edu.bo\/wp-content\/uploads\/2017\/11\/DSC_0361-1024x683.jpg 1024w, https:\/\/unifranz.edu.bo\/wp-content\/uploads\/2017\/11\/DSC_0361-768x512.jpg 768w, https:\/\/unifranz.edu.bo\/wp-content\/uploads\/2017\/11\/DSC_0361-1536x1024.jpg 1536w, https:\/\/unifranz.edu.bo\/wp-content\/uploads\/2017\/11\/DSC_0361-2048x1365.jpg 2048w, https:\/\/unifranz.edu.bo\/wp-content\/uploads\/2017\/11\/DSC_0361-18x12.jpg 18w\" sizes=\"auto, (max-width: 300px) 100vw, 300px\" \/><\/p>\n<p>&nbsp;<\/p>\n<p>&nbsp;<\/p>\n<p>&nbsp;<\/p>\n<p>Adem\u00e1s de la diversidad de ejes tem\u00e1ticos desarrollados de la Neurociencia, reforzando el Soporte Vital en Emergencia Neurol\u00f3gica, compartieron un intercambio puro de informaci\u00f3n con profesionales de la Escuela de Medicina de la Universidad de Massachusetts, quienes aportaron con investigaci\u00f3n y nuevos emprendimientos en el \u00e1rea de la salud.<\/p>\n<p><img loading=\"lazy\" decoding=\"async\" class=\"size-medium wp-image-21051 alignright\" src=\"http:\/\/clientes.centricodigitaldrocks.com\/unifranz\/test\/wp-content\/uploads\/2017\/11\/IMG-20171115-WA0031-300x169.jpg\" alt=\"\" width=\"300\" height=\"169\" srcset=\"https:\/\/unifranz.edu.bo\/wp-content\/uploads\/2017\/11\/IMG-20171115-WA0031-300x169.jpg 300w, https:\/\/unifranz.edu.bo\/wp-content\/uploads\/2017\/11\/IMG-20171115-WA0031-1024x576.jpg 1024w, https:\/\/unifranz.edu.bo\/wp-content\/uploads\/2017\/11\/IMG-20171115-WA0031-768x432.jpg 768w, https:\/\/unifranz.edu.bo\/wp-content\/uploads\/2017\/11\/IMG-20171115-WA0031-18x10.jpg 18w, https:\/\/unifranz.edu.bo\/wp-content\/uploads\/2017\/11\/IMG-20171115-WA0031.jpg 1280w\" sizes=\"auto, (max-width: 300px) 100vw, 300px\" \/><\/p>\n<p>\u201cUNIFRANZ en conjunto con la Escuela de Medicina de la Universidad de Massachussets logran una alianza estrat\u00e9gica para brindar una experiencia \u00fanica con profesionales internacionales y reconocidos en el \u00e1rea de la salud\u201d finaliz\u00f3 el Dr. Dabdoub.<\/p>\n<p>La actividad se desarroll\u00f3 en las instalaciones de la UNIFRANZ y otorg\u00f3 certificados de participaci\u00f3n aprobados por la Sociedad de Atenci\u00f3n Neurol\u00f3gica <em>(Neurocritical Care Society).<\/em><\/p>","protected":false},"excerpt":{"rendered":"<p>La Universidad Privada Franz Tamayo Sede Santa Cruz present\u00f3 el primer Congreso de Neurociencia: Neurociencia Multidisciplinaria, dirigido a los profesionales del \u00e1rea de la psicolog\u00eda, salud y el p\u00fablico en general. \u201cNos sentimos muy orgullosos de realizar por primera vez en nuestra sede el Congreso Internacional de Neurociencia, una actividad que adem\u00e1s cuenta con el &hellip; <a href=\"https:\/\/unifranz.edu.bo\/pt\/noticias\/i-congreso-internacional-neurociencia\/\">Continued<\/a><\/p>","protected":false},"author":45,"featured_media":21065,"comment_status":"open","ping_status":"open","sticky":false,"template":"","format":"standard","meta":{"_acf_changed":false,"footnotes":""},"categories":[60,35,45,29],"tags":[138,140,142,53,144,146,148,150,49,152,154,156],"class_list":["post-21049","post","type-post","status-publish","format-standard","has-post-thumbnail","hentry","category-blog","category-carreras","category-eventos","category-noticias","tag-ciencias","tag-cognitiva","tag-congreso","tag-educacion","tag-emergencia","tag-empresas","tag-internacional","tag-massachussets","tag-medicina","tag-neurociencia","tag-neurocritical","tag-vital"],"acf":[],"_links":{"self":[{"href":"https:\/\/unifranz.edu.bo\/pt\/wp-json\/wp\/v2\/posts\/21049","targetHints":{"allow":["GET"]}}],"collection":[{"href":"https:\/\/unifranz.edu.bo\/pt\/wp-json\/wp\/v2\/posts"}],"about":[{"href":"https:\/\/unifranz.edu.bo\/pt\/wp-json\/wp\/v2\/types\/post"}],"author":[{"embeddable":true,"href":"https:\/\/unifranz.edu.bo\/pt\/wp-json\/wp\/v2\/users\/45"}],"replies":[{"embeddable":true,"href":"https:\/\/unifranz.edu.bo\/pt\/wp-json\/wp\/v2\/comments?post=21049"}],"version-history":[{"count":0,"href":"https:\/\/unifranz.edu.bo\/pt\/wp-json\/wp\/v2\/posts\/21049\/revisions"}],"wp:featuredmedia":[{"embeddable":true,"href":"https:\/\/unifranz.edu.bo\/pt\/wp-json\/wp\/v2\/media\/21065"}],"wp:attachment":[{"href":"https:\/\/unifranz.edu.bo\/pt\/wp-json\/wp\/v2\/media?parent=21049"}],"wp:term":[{"taxonomy":"category","embeddable":true,"href":"https:\/\/unifranz.edu.bo\/pt\/wp-json\/wp\/v2\/categories?post=21049"},{"taxonomy":"post_tag","embeddable":true,"href":"https:\/\/unifranz.edu.bo\/pt\/wp-json\/wp\/v2\/tags?post=21049"}],"curies":[{"name":"wp","href":"https:\/\/api.w.org\/{rel}","templated":true}]}}