{"id":21039,"date":"2017-11-23T00:45:58","date_gmt":"2017-11-23T00:45:58","guid":{"rendered":"http:\/\/clientes.centricodigitaldrocks.com\/unifranz\/test\/?p=21039"},"modified":"2017-11-23T00:45:58","modified_gmt":"2017-11-23T00:45:58","slug":"debate-publicidad-mujer","status":"publish","type":"post","link":"https:\/\/unifranz.edu.bo\/pt\/carreras\/debate-publicidad-mujer\/","title":{"rendered":"UNIFRANZ present\u00f3 Foro Debate sobre publicidad y la mujer"},"content":{"rendered":"<p>La Universidad Privada Franz Tamayo &#8211; Sede Santa Cruz, convoc\u00f3 al Foro Debate sobre \u201cPublicidad e Imagen de la Mujer en Bolivia\u201d, moderado por el Lic. Carlos Morales, periodista y docente de la universidad.<\/p>\n<p>\u201cNos sentimos muy orgullosos de lograr esta iniciativa como UNIFRANZ, para exponer la problem\u00e1tica de la publicidad en relaci\u00f3n a la situaci\u00f3n de la mujer en Bolivia, hablando particularmente de la imagen de ella, a partir de la detecci\u00f3n de algunos casos de publicidad coyunturales, donde hay indicios de machismo, sexismo y que ponen en riesgo de cierta manera los derechos de las mujeres\u201d coment\u00f3 el Lic. Carlos Morales, moderador del Foro Debate.<\/p>\n<p>Para lograr este evento, la <a href=\"http:\/\/www.unifranz.edu.bo\/index.php\/facultades\/diseno-y-tecnologias-crossmedia\/publicidad-y-marketing\">UNIFRANZ<\/a>\u00a0analiz\u00f3 casos particulares donde se vulnera de cierta forma la imagen de la mujer en la publicidad, el m\u00e1s reciente y comentado en redes sociales y mass media, <em>la publicidad de D15<\/em>.<\/p>\n<p>\u201cEsta publicaci\u00f3n en particular es la que nos impuls\u00f3 a abrir un espacio de debate con 5 expertos que de cierta forma estuvieron implicados en la pol\u00e9mica campa\u00f1a publicitaria, por un lado el reconocido publicista argentino Claudio Alcorta, el empresario y chef de D15, Juan Miguel D\u2019Arruda, como tambi\u00e9n la reconocida gestora cultural Paola Senseve y Patricia Guti\u00e9rrez, escritora y publicista, como contraparte de la campa\u00f1a, adem\u00e1s del publicista Germ\u00e1n Baher, que brindaron un debate equilibrado en opiniones que compartieron los diferentes puntos de vista de la publicidad viral que logr\u00f3 diferentes reacciones en las m\u00faltiples plataformas\u201d a\u00f1adi\u00f3 el moderador.<\/p>\n<p><img loading=\"lazy\" decoding=\"async\" class=\"alignleft size-medium wp-image-21041\" src=\"http:\/\/clientes.centricodigitaldrocks.com\/unifranz\/test\/wp-content\/uploads\/2017\/11\/IMG_7160-300x200.jpg\" alt=\"\" width=\"300\" height=\"200\" srcset=\"https:\/\/unifranz.edu.bo\/wp-content\/uploads\/2017\/11\/IMG_7160-300x200.jpg 300w, https:\/\/unifranz.edu.bo\/wp-content\/uploads\/2017\/11\/IMG_7160-1024x683.jpg 1024w, https:\/\/unifranz.edu.bo\/wp-content\/uploads\/2017\/11\/IMG_7160-768x512.jpg 768w, https:\/\/unifranz.edu.bo\/wp-content\/uploads\/2017\/11\/IMG_7160-1536x1024.jpg 1536w, https:\/\/unifranz.edu.bo\/wp-content\/uploads\/2017\/11\/IMG_7160-2048x1365.jpg 2048w, https:\/\/unifranz.edu.bo\/wp-content\/uploads\/2017\/11\/IMG_7160-18x12.jpg 18w\" sizes=\"auto, (max-width: 300px) 100vw, 300px\" \/><img loading=\"lazy\" decoding=\"async\" class=\"alignleft size-medium wp-image-21042\" src=\"http:\/\/clientes.centricodigitaldrocks.com\/unifranz\/test\/wp-content\/uploads\/2017\/11\/IMG_7164-300x200.jpg\" alt=\"\" width=\"300\" height=\"200\" srcset=\"https:\/\/unifranz.edu.bo\/wp-content\/uploads\/2017\/11\/IMG_7164-300x200.jpg 300w, https:\/\/unifranz.edu.bo\/wp-content\/uploads\/2017\/11\/IMG_7164-1024x683.jpg 1024w, https:\/\/unifranz.edu.bo\/wp-content\/uploads\/2017\/11\/IMG_7164-768x512.jpg 768w, https:\/\/unifranz.edu.bo\/wp-content\/uploads\/2017\/11\/IMG_7164-1536x1024.jpg 1536w, https:\/\/unifranz.edu.bo\/wp-content\/uploads\/2017\/11\/IMG_7164-2048x1365.jpg 2048w, https:\/\/unifranz.edu.bo\/wp-content\/uploads\/2017\/11\/IMG_7164-18x12.jpg 18w\" sizes=\"auto, (max-width: 300px) 100vw, 300px\" \/><img loading=\"lazy\" decoding=\"async\" class=\"alignleft size-medium wp-image-21044\" src=\"http:\/\/clientes.centricodigitaldrocks.com\/unifranz\/test\/wp-content\/uploads\/2017\/11\/IMG_7171-300x200.jpg\" alt=\"\" width=\"300\" height=\"200\" srcset=\"https:\/\/unifranz.edu.bo\/wp-content\/uploads\/2017\/11\/IMG_7171-300x200.jpg 300w, https:\/\/unifranz.edu.bo\/wp-content\/uploads\/2017\/11\/IMG_7171-1024x683.jpg 1024w, https:\/\/unifranz.edu.bo\/wp-content\/uploads\/2017\/11\/IMG_7171-768x512.jpg 768w, https:\/\/unifranz.edu.bo\/wp-content\/uploads\/2017\/11\/IMG_7171-1536x1024.jpg 1536w, https:\/\/unifranz.edu.bo\/wp-content\/uploads\/2017\/11\/IMG_7171-2048x1365.jpg 2048w, https:\/\/unifranz.edu.bo\/wp-content\/uploads\/2017\/11\/IMG_7171-18x12.jpg 18w\" sizes=\"auto, (max-width: 300px) 100vw, 300px\" \/><img loading=\"lazy\" decoding=\"async\" class=\"alignleft size-medium wp-image-21043\" src=\"http:\/\/clientes.centricodigitaldrocks.com\/unifranz\/test\/wp-content\/uploads\/2017\/11\/IMG_7169-300x200.jpg\" alt=\"\" width=\"300\" height=\"200\" srcset=\"https:\/\/unifranz.edu.bo\/wp-content\/uploads\/2017\/11\/IMG_7169-300x200.jpg 300w, https:\/\/unifranz.edu.bo\/wp-content\/uploads\/2017\/11\/IMG_7169-1024x683.jpg 1024w, https:\/\/unifranz.edu.bo\/wp-content\/uploads\/2017\/11\/IMG_7169-768x512.jpg 768w, https:\/\/unifranz.edu.bo\/wp-content\/uploads\/2017\/11\/IMG_7169-1536x1024.jpg 1536w, https:\/\/unifranz.edu.bo\/wp-content\/uploads\/2017\/11\/IMG_7169-2048x1365.jpg 2048w, https:\/\/unifranz.edu.bo\/wp-content\/uploads\/2017\/11\/IMG_7169-18x12.jpg 18w\" sizes=\"auto, (max-width: 300px) 100vw, 300px\" \/><img loading=\"lazy\" decoding=\"async\" class=\"alignleft size-medium wp-image-21046\" src=\"http:\/\/clientes.centricodigitaldrocks.com\/unifranz\/test\/wp-content\/uploads\/2017\/11\/IMG_7178-300x200.jpg\" alt=\"\" width=\"300\" height=\"200\" srcset=\"https:\/\/unifranz.edu.bo\/wp-content\/uploads\/2017\/11\/IMG_7178-300x200.jpg 300w, https:\/\/unifranz.edu.bo\/wp-content\/uploads\/2017\/11\/IMG_7178-1024x683.jpg 1024w, https:\/\/unifranz.edu.bo\/wp-content\/uploads\/2017\/11\/IMG_7178-768x512.jpg 768w, https:\/\/unifranz.edu.bo\/wp-content\/uploads\/2017\/11\/IMG_7178-1536x1024.jpg 1536w, https:\/\/unifranz.edu.bo\/wp-content\/uploads\/2017\/11\/IMG_7178-2048x1365.jpg 2048w, https:\/\/unifranz.edu.bo\/wp-content\/uploads\/2017\/11\/IMG_7178-18x12.jpg 18w\" sizes=\"auto, (max-width: 300px) 100vw, 300px\" \/><img loading=\"lazy\" decoding=\"async\" class=\"alignleft size-medium wp-image-21045\" src=\"http:\/\/clientes.centricodigitaldrocks.com\/unifranz\/test\/wp-content\/uploads\/2017\/11\/IMG_7176-300x200.jpg\" alt=\"\" width=\"300\" height=\"200\" srcset=\"https:\/\/unifranz.edu.bo\/wp-content\/uploads\/2017\/11\/IMG_7176-300x200.jpg 300w, https:\/\/unifranz.edu.bo\/wp-content\/uploads\/2017\/11\/IMG_7176-1024x683.jpg 1024w, https:\/\/unifranz.edu.bo\/wp-content\/uploads\/2017\/11\/IMG_7176-768x512.jpg 768w, https:\/\/unifranz.edu.bo\/wp-content\/uploads\/2017\/11\/IMG_7176-1536x1024.jpg 1536w, https:\/\/unifranz.edu.bo\/wp-content\/uploads\/2017\/11\/IMG_7176-2048x1365.jpg 2048w, https:\/\/unifranz.edu.bo\/wp-content\/uploads\/2017\/11\/IMG_7176-18x12.jpg 18w\" sizes=\"auto, (max-width: 300px) 100vw, 300px\" \/><\/p>\n<p>El objetivo principal de esta iniciativa, es brindar un espacio de debate y discusi\u00f3n para motivar a estudiantes, j\u00f3venes empresarios y p\u00fablico en general a la reflexi\u00f3n de casos concretos de c\u00f3mo se est\u00e1 dando la publicidad en nuestro pa\u00eds, y que esto permita desarrollar acad\u00e9micamente nuevos puntos de vista, formas de trabajo y estrategias para los actuales y futuros estrategas publicitarios. Adem\u00e1s de lograr la apertura de nuevos espacios para analizar c\u00f3mo est\u00e1 la publicidad en Bolivia, m\u00e1s all\u00e1 de la tem\u00e1tica de la imagen de la mujer, donde se pueda discutir, observar y analizar con expertos el desarrollo de las campa\u00f1as publicitarias en general.<\/p>\n<p>\u00abEste Foro Debate permiti\u00f3 cumplir con los objetivos principales de la universidad UNIFRANZ, de buscar que se desarrollen en nuestro pa\u00eds la publicidad con responsabilidad social, que tenga en cuenta los derechos de la mujer, derechos de todas las personas que vivan en esta sociedad y contra todo tipo de discriminaci\u00f3n y racismo, que pueda parecer en cualquier tipo de expresi\u00f3n publicitaria\u201d finaliz\u00f3 el ejecutivo.<\/p>\n<p>El evento se realiz\u00f3 la ma\u00f1ana del viernes 17, en el Auditorio UNIFRANZ, de manera gratuita y abierto al p\u00fablico, cont\u00f3 adem\u00e1s con la participaci\u00f3n de organizaciones sociales, autoridades locales y departamentales, adem\u00e1s de los docentes y estudiantes de la universidad.<\/p>","protected":false},"excerpt":{"rendered":"<p>La Universidad Privada Franz Tamayo &#8211; Sede Santa Cruz, convoc\u00f3 al Foro Debate sobre \u201cPublicidad e Imagen de la Mujer en Bolivia\u201d, moderado por el Lic. Carlos Morales, periodista y docente de la universidad. \u201cNos sentimos muy orgullosos de lograr esta iniciativa como UNIFRANZ, para exponer la problem\u00e1tica de la publicidad en relaci\u00f3n a la &hellip; <a href=\"https:\/\/unifranz.edu.bo\/pt\/carreras\/debate-publicidad-mujer\/\">Continued<\/a><\/p>","protected":false},"author":45,"featured_media":21041,"comment_status":"open","ping_status":"open","sticky":false,"template":"","format":"standard","meta":{"_acf_changed":false,"footnotes":""},"categories":[60,35,45],"tags":[128,130,132,134,74,136],"class_list":["post-21039","post","type-post","status-publish","format-standard","has-post-thumbnail","hentry","category-blog","category-carreras","category-eventos","tag-campana","tag-debate","tag-fodo","tag-imagen","tag-mujer","tag-publicidad"],"acf":[],"_links":{"self":[{"href":"https:\/\/unifranz.edu.bo\/pt\/wp-json\/wp\/v2\/posts\/21039","targetHints":{"allow":["GET"]}}],"collection":[{"href":"https:\/\/unifranz.edu.bo\/pt\/wp-json\/wp\/v2\/posts"}],"about":[{"href":"https:\/\/unifranz.edu.bo\/pt\/wp-json\/wp\/v2\/types\/post"}],"author":[{"embeddable":true,"href":"https:\/\/unifranz.edu.bo\/pt\/wp-json\/wp\/v2\/users\/45"}],"replies":[{"embeddable":true,"href":"https:\/\/unifranz.edu.bo\/pt\/wp-json\/wp\/v2\/comments?post=21039"}],"version-history":[{"count":0,"href":"https:\/\/unifranz.edu.bo\/pt\/wp-json\/wp\/v2\/posts\/21039\/revisions"}],"wp:featuredmedia":[{"embeddable":true,"href":"https:\/\/unifranz.edu.bo\/pt\/wp-json\/wp\/v2\/media\/21041"}],"wp:attachment":[{"href":"https:\/\/unifranz.edu.bo\/pt\/wp-json\/wp\/v2\/media?parent=21039"}],"wp:term":[{"taxonomy":"category","embeddable":true,"href":"https:\/\/unifranz.edu.bo\/pt\/wp-json\/wp\/v2\/categories?post=21039"},{"taxonomy":"post_tag","embeddable":true,"href":"https:\/\/unifranz.edu.bo\/pt\/wp-json\/wp\/v2\/tags?post=21039"}],"curies":[{"name":"wp","href":"https:\/\/api.w.org\/{rel}","templated":true}]}}