{"id":20696,"date":"2016-03-17T00:00:48","date_gmt":"2016-03-17T00:00:48","guid":{"rendered":"http:\/\/unifranz.edu.bo\/new-blog\/?p=19113"},"modified":"2016-03-17T00:00:48","modified_gmt":"2016-03-17T00:00:48","slug":"unifranz-se-potencia-academicamente-anuncia-su-participacion-en-curso-especializado-en-diseno-curricular-por-competencias-bajo-el-enfoque-carrera-organizado-por-la-red-universia","status":"publish","type":"post","link":"https:\/\/unifranz.edu.bo\/pt\/blog\/unifranz-se-potencia-academicamente-anuncia-su-participacion-en-curso-especializado-en-diseno-curricular-por-competencias-bajo-el-enfoque-carrera-organizado-por-la-red-universia\/","title":{"rendered":"UNIFRANZ se Potencia Acad\u00e9micamente. Anuncia su Participaci\u00f3n en Curso Especializado en Dise\u00f1o Curricular por Competencias bajo el Enfoque Carrera organizado por la Red UNIVERSIA"},"content":{"rendered":"<p>Orientada por su Misi&oacute;n &#8211; Visi&oacute;n y en el marco de su modelo educativo pedag&oacute;gico, UNIFRANZ -miembro activo de la Red UNIVERSIA- participar&aacute; del curso taller Dise&ntilde;o Curricular por Competencias bajo el Enfoque Carrera que se desarrollar&aacute; del 23 al 26 de este mes en Lima, Per&uacute;.<\/p>\n<p style=\"text-align: center;\"><img decoding=\"async\" src=\"http:\/\/unifranz.edu.bo\/images\/noticias\/2016\/universia-cbba\/1.jpg\" alt=\"1\" style=\"border: 1px solid #515151;\" \/><\/p>\n<p>Hace poco m&aacute;s de un a&ntilde;o, la Universidad Franz Tamayo, decidi&oacute; iniciar un proceso de actualizaci&oacute;n curricular que alcanza el total de su oferta de Carreras de Licenciatura. UNIFRANZ comprende y asume que la responsabilidad universitaria es primero con el encargo social y con esa premisa de atender las necesidades y expectativas de la sociedad y de sus din&aacute;micas en la dimensi&oacute;n social y cient&iacute;fica es que se ha esforzado por imprimir al conjunto de su oferta de formaci&oacute;n profesional, innovaciones pedag&oacute;gicas que van a aportar de gran manera en la construcci&oacute;n de un boliviano integral y competitivo, sujeto y protagonista del cambio que el pa&iacute;s y el mundo anhelan.<\/p>\n<p>Por su parte, la Red m&aacute;s importante de universidades de Iberoam&eacute;rica UNIVERSIA, a trav&eacute;s del Centro de Desarrollo UNIVERSIA CDU ha convocado a UNIFRANZ a participar de un curso taller pr&oacute;ximo a desarrollarse en la capital peruana sobre el dise&ntilde;o curricular por competencias bajo el enfoque Carrera, oportunidad que es para la Universidad Franz Tamayo propicia para socializar su experiencia acad&eacute;mica en el redise&ntilde;o de sus carreras y nutrirse de otras experiencias similares que potencien lo logrado hasta ahora con los planes de estudio actualizados.<br \/>\u00abEl prop&oacute;sito es doble: compartir y validar la metodolog&iacute;a desarrollada en el proceso de redise&ntilde;o que hemos construido en UNIFRANZ y por supuesto recoger aprendizajes nuevos para potenciar nuestro servicio educativo a la comunidad boliviana; creemos que ser&aacute; importante nuestra participaci&oacute;n tomando en cuenta el prestigio de UNIVERSIA y los objetivos que se plantea el curso\u00bb, manifest&oacute; la doctora M&oacute;nica Olmos, Directora Nacional de Investigaci&oacute;n, Desarrollo e Innovaci&oacute;n y facilitadora del proceso de actualizaci&oacute;n curricular en esta casa de estudios superiores.<\/p>\n<p>El curso ha sido dise&ntilde;ado con el objetivo de evaluar la manera tradicional de trabajar la planificaci&oacute;n y organizaci&oacute;n pedag&oacute;gica de una Carrera y, a partir de ello, plantearse el enfoque por competencias en un modelo de &ldquo;Proyecto Carrera&rdquo;; asimismo, alinear los m&eacute;todos de ense&ntilde;anza\/aprendizaje y evaluaci&oacute;n con las competencias de la Carrera.<br \/>El relator del curso es Anastassis Kozanitis Ph.D. en Educaci&oacute;n por la Universit&eacute; de Montreal con Maestr&iacute;a en la misma &aacute;rea por la Universit&eacute; Laval de Qu&eacute;bec.<\/p>\n<p>De esta forma UNIFRANZ manifiesta una vez m&aacute;s su compromiso con el presente y futuro de esa juventud boliviana &aacute;vida de conocimiento y dispuesta a desafiar cualquier reto que nos permita vivir bien.<\/p>","protected":false},"excerpt":{"rendered":"<p>Orientada por su Misi&oacute;n &#8211; Visi&oacute;n y en el marco de su modelo educativo pedag&oacute;gico, UNIFRANZ -miembro activo de la Red UNIVERSIA- participar&aacute; del curso taller Dise&ntilde;o Curricular por Competencias bajo el Enfoque Carrera que se desarrollar&aacute; del 23 al 26 de este mes en Lima, Per&uacute;. Hace poco m&aacute;s de un a&ntilde;o, la Universidad &hellip; <a href=\"https:\/\/unifranz.edu.bo\/pt\/blog\/unifranz-se-potencia-academicamente-anuncia-su-participacion-en-curso-especializado-en-diseno-curricular-por-competencias-bajo-el-enfoque-carrera-organizado-por-la-red-universia\/\">Continued<\/a><\/p>","protected":false},"author":45,"featured_media":-1,"comment_status":"open","ping_status":"open","sticky":false,"template":"","format":"standard","meta":{"_acf_changed":false,"footnotes":""},"categories":[60],"tags":[],"class_list":["post-20696","post","type-post","status-publish","format-standard","has-post-thumbnail","hentry","category-blog"],"acf":[],"_links":{"self":[{"href":"https:\/\/unifranz.edu.bo\/pt\/wp-json\/wp\/v2\/posts\/20696","targetHints":{"allow":["GET"]}}],"collection":[{"href":"https:\/\/unifranz.edu.bo\/pt\/wp-json\/wp\/v2\/posts"}],"about":[{"href":"https:\/\/unifranz.edu.bo\/pt\/wp-json\/wp\/v2\/types\/post"}],"author":[{"embeddable":true,"href":"https:\/\/unifranz.edu.bo\/pt\/wp-json\/wp\/v2\/users\/45"}],"replies":[{"embeddable":true,"href":"https:\/\/unifranz.edu.bo\/pt\/wp-json\/wp\/v2\/comments?post=20696"}],"version-history":[{"count":0,"href":"https:\/\/unifranz.edu.bo\/pt\/wp-json\/wp\/v2\/posts\/20696\/revisions"}],"wp:featuredmedia":[{"embeddable":true,"href":"https:\/\/unifranz.edu.bo\/pt\/wp-json\/"}],"wp:attachment":[{"href":"https:\/\/unifranz.edu.bo\/pt\/wp-json\/wp\/v2\/media?parent=20696"}],"wp:term":[{"taxonomy":"category","embeddable":true,"href":"https:\/\/unifranz.edu.bo\/pt\/wp-json\/wp\/v2\/categories?post=20696"},{"taxonomy":"post_tag","embeddable":true,"href":"https:\/\/unifranz.edu.bo\/pt\/wp-json\/wp\/v2\/tags?post=20696"}],"curies":[{"name":"wp","href":"https:\/\/api.w.org\/{rel}","templated":true}]}}