{"id":20682,"date":"2016-05-17T15:23:07","date_gmt":"2016-05-17T15:23:07","guid":{"rendered":"http:\/\/unifranz.edu.bo\/new-blog\/?p=19113"},"modified":"2016-05-17T15:23:07","modified_gmt":"2016-05-17T15:23:07","slug":"unifranz-integra-la-asociacion-de-rectores-del-caribe-y-las-americas-arca","status":"publish","type":"post","link":"https:\/\/unifranz.edu.bo\/pt\/blog\/unifranz-integra-la-asociacion-de-rectores-del-caribe-y-las-americas-arca\/","title":{"rendered":"UNIFRANZ integra la Asociaci\u00f3n de Rectores del Caribe y las Am\u00e9ricas (ARCA)"},"content":{"rendered":"<p>En la ciudad de Panam\u00e1 del 17 al 19 de mayo, se reunieron los l\u00edderes de la Educaci\u00f3n Superior del Caribe y las Am\u00e9ricas. Nuestra Rectora Nacional, Ver\u00f3nica Agreda de Pazos, ahora forma parte del Consejo Directivo de ARCA 2017, junto a Jos\u00e9 Ram\u00f3n Holgu\u00edn Brito (Presidente) y Jos\u00e9 Alejandro Aybar Mart\u00edn (Vicepresidente) de Rep. Dominicana, Cleuza Maria Sobral Dias de Brasil, Fernando Robleto Lang de Nicaragua, Francisco Cajiao Restrepo y Martha Lenis Castro de Colombia, H\u00e9ctor Manuel Robles Ibarr\u00eda de M\u00e9xico, Ram\u00f3n F. Gonz\u00e1lez de Puerto Rico, Mario Alberto Secchi de Argentina, An\u00edbal Quinteros Garc\u00eda de Per\u00fa y Jes\u00fas Leal Guti\u00e9rrez de Venezuela.<\/p>\n<p style=\"text-align: center;\"><img decoding=\"async\" src=\"http:\/\/unifranz.edu.bo\/images\/noticias\/2017\/arca-unifranz\/2.jpg\" alt=\"2\" style=\"border: 1px solid #515151;\" \/><\/p>\n<p>Los asociados de ARCA y los participantes tuvieron la oportunidad de presentar las estrategias disruptivas de sus Universidades, establecer acuerdos y convenios de cooperaci\u00f3n. <\/p>\n<p>Seguimos abriendo puertas, creciendo y forjando el desarrollo educativo de Bolivia #NacionUnifranz.<\/p>","protected":false},"excerpt":{"rendered":"<p>En la ciudad de Panam\u00e1 del 17 al 19 de mayo, se reunieron los l\u00edderes de la Educaci\u00f3n Superior del Caribe y las Am\u00e9ricas. Nuestra Rectora Nacional, Ver\u00f3nica Agreda de Pazos, ahora forma parte del Consejo Directivo de ARCA 2017, junto a Jos\u00e9 Ram\u00f3n Holgu\u00edn Brito (Presidente) y Jos\u00e9 Alejandro Aybar Mart\u00edn (Vicepresidente) de Rep. &hellip; <a href=\"https:\/\/unifranz.edu.bo\/pt\/blog\/unifranz-integra-la-asociacion-de-rectores-del-caribe-y-las-americas-arca\/\">Continued<\/a><\/p>","protected":false},"author":45,"featured_media":-1,"comment_status":"open","ping_status":"open","sticky":false,"template":"","format":"standard","meta":{"_acf_changed":false,"footnotes":""},"categories":[60],"tags":[],"class_list":["post-20682","post","type-post","status-publish","format-standard","has-post-thumbnail","hentry","category-blog"],"acf":[],"_links":{"self":[{"href":"https:\/\/unifranz.edu.bo\/pt\/wp-json\/wp\/v2\/posts\/20682","targetHints":{"allow":["GET"]}}],"collection":[{"href":"https:\/\/unifranz.edu.bo\/pt\/wp-json\/wp\/v2\/posts"}],"about":[{"href":"https:\/\/unifranz.edu.bo\/pt\/wp-json\/wp\/v2\/types\/post"}],"author":[{"embeddable":true,"href":"https:\/\/unifranz.edu.bo\/pt\/wp-json\/wp\/v2\/users\/45"}],"replies":[{"embeddable":true,"href":"https:\/\/unifranz.edu.bo\/pt\/wp-json\/wp\/v2\/comments?post=20682"}],"version-history":[{"count":0,"href":"https:\/\/unifranz.edu.bo\/pt\/wp-json\/wp\/v2\/posts\/20682\/revisions"}],"wp:featuredmedia":[{"embeddable":true,"href":"https:\/\/unifranz.edu.bo\/pt\/wp-json\/"}],"wp:attachment":[{"href":"https:\/\/unifranz.edu.bo\/pt\/wp-json\/wp\/v2\/media?parent=20682"}],"wp:term":[{"taxonomy":"category","embeddable":true,"href":"https:\/\/unifranz.edu.bo\/pt\/wp-json\/wp\/v2\/categories?post=20682"},{"taxonomy":"post_tag","embeddable":true,"href":"https:\/\/unifranz.edu.bo\/pt\/wp-json\/wp\/v2\/tags?post=20682"}],"curies":[{"name":"wp","href":"https:\/\/api.w.org\/{rel}","templated":true}]}}