{"id":20638,"date":"2016-12-13T14:49:03","date_gmt":"2016-12-13T14:49:03","guid":{"rendered":"http:\/\/unifranz.edu.bo\/new-blog\/?p=19113"},"modified":"2016-12-13T14:49:03","modified_gmt":"2016-12-13T14:49:03","slug":"siembra-juventud-celebra-dia-internacional-de-la-juventud-en-unifranz","status":"publish","type":"post","link":"https:\/\/unifranz.edu.bo\/pt\/blog\/siembra-juventud-celebra-dia-internacional-de-la-juventud-en-unifranz\/","title":{"rendered":"Siembra Juventud celebra D\u00eda Internacional de la Juventud en UNIFRANZ"},"content":{"rendered":"<p>En conmemoraci\u00f3n del D\u00eda Internacional de la Juventud, se llev\u00f3 acabo un acto en el Auditorio de Santa Cruz. Cont\u00f3 con la presencia de varios representantes de instituciones Pablo Alpire Representante de ONU Juventud, Mar\u00eda Fernanda Ribera de Siembra Juventud, Anderson Soria de la Direcci\u00f3n Departamental de la Juventud, Hugo L\u00f3pez del Consejo de Organizaciones Juveniles de Santa Cruz, adem\u00e1s del Vicerrector y autoridades de UNIFRANZ.<\/p>\n<p>Consisti\u00f3 en dar unas palabras de motivaci\u00f3n a los j\u00f3venes presente y de la importancia de su participaci\u00f3n para el cumplimiento de los Objetivos de Desarrollo Sostenible. A su vez se dio a conocer las conclusiones del Foro Juvenil sobre \u00abCrecimiento Econ\u00f3mico y Empleo Juvenil\u00bb Sin Censura 2017, realizado en d\u00edas pasados.<\/p>\n<p style=\"text-align: center;\"><img decoding=\"async\" src=\"http:\/\/unifranz.edu.bo\/images\/noticias\/2017\/dia-juventud-scz\/1.jpg\" alt=\"1\" style=\"border: 1px solid #515151;\" \/><\/p>\n<p style=\"text-align: center;\"><img decoding=\"async\" src=\"http:\/\/unifranz.edu.bo\/images\/noticias\/2017\/dia-juventud-scz\/2.jpg\" alt=\"2\" style=\"border: 1px solid #515151;\" \/><\/p>\n<p style=\"text-align: center;\"><img decoding=\"async\" src=\"http:\/\/unifranz.edu.bo\/images\/noticias\/2017\/dia-juventud-scz\/3.jpg\" alt=\"3\" style=\"border: 1px solid #515151;\" \/><\/p>","protected":false},"excerpt":{"rendered":"<p>En conmemoraci\u00f3n del D\u00eda Internacional de la Juventud, se llev\u00f3 acabo un acto en el Auditorio de Santa Cruz. Cont\u00f3 con la presencia de varios representantes de instituciones Pablo Alpire Representante de ONU Juventud, Mar\u00eda Fernanda Ribera de Siembra Juventud, Anderson Soria de la Direcci\u00f3n Departamental de la Juventud, Hugo L\u00f3pez del Consejo de Organizaciones &hellip; <a href=\"https:\/\/unifranz.edu.bo\/pt\/blog\/siembra-juventud-celebra-dia-internacional-de-la-juventud-en-unifranz\/\">Continued<\/a><\/p>","protected":false},"author":45,"featured_media":-1,"comment_status":"open","ping_status":"open","sticky":false,"template":"","format":"standard","meta":{"_acf_changed":false,"footnotes":""},"categories":[60],"tags":[],"class_list":["post-20638","post","type-post","status-publish","format-standard","has-post-thumbnail","hentry","category-blog"],"acf":[],"_links":{"self":[{"href":"https:\/\/unifranz.edu.bo\/pt\/wp-json\/wp\/v2\/posts\/20638","targetHints":{"allow":["GET"]}}],"collection":[{"href":"https:\/\/unifranz.edu.bo\/pt\/wp-json\/wp\/v2\/posts"}],"about":[{"href":"https:\/\/unifranz.edu.bo\/pt\/wp-json\/wp\/v2\/types\/post"}],"author":[{"embeddable":true,"href":"https:\/\/unifranz.edu.bo\/pt\/wp-json\/wp\/v2\/users\/45"}],"replies":[{"embeddable":true,"href":"https:\/\/unifranz.edu.bo\/pt\/wp-json\/wp\/v2\/comments?post=20638"}],"version-history":[{"count":0,"href":"https:\/\/unifranz.edu.bo\/pt\/wp-json\/wp\/v2\/posts\/20638\/revisions"}],"wp:featuredmedia":[{"embeddable":true,"href":"https:\/\/unifranz.edu.bo\/pt\/wp-json\/"}],"wp:attachment":[{"href":"https:\/\/unifranz.edu.bo\/pt\/wp-json\/wp\/v2\/media?parent=20638"}],"wp:term":[{"taxonomy":"category","embeddable":true,"href":"https:\/\/unifranz.edu.bo\/pt\/wp-json\/wp\/v2\/categories?post=20638"},{"taxonomy":"post_tag","embeddable":true,"href":"https:\/\/unifranz.edu.bo\/pt\/wp-json\/wp\/v2\/tags?post=20638"}],"curies":[{"name":"wp","href":"https:\/\/api.w.org\/{rel}","templated":true}]}}