{"id":20488,"date":"2015-12-09T22:29:21","date_gmt":"2015-12-09T22:29:21","guid":{"rendered":"http:\/\/unifranz.edu.bo\/new-blog\/?p=19113"},"modified":"2015-12-09T22:29:21","modified_gmt":"2015-12-09T22:29:21","slug":"equipo-terapeutico-unifranz-presenta-modelo-de-intervencion-y-supervision-psicologica-a-casos-de-violencia","status":"publish","type":"post","link":"https:\/\/unifranz.edu.bo\/pt\/blog\/equipo-terapeutico-unifranz-presenta-modelo-de-intervencion-y-supervision-psicologica-a-casos-de-violencia\/","title":{"rendered":"Equipo Terap\u00e9utico Unifranz, Presenta Modelo de Intervenci\u00f3n y Supervisi\u00f3n Psicol\u00f3gica a Casos de Violencia"},"content":{"rendered":"<p>La Carrera de Psicolog&iacute;a UNIFRANZ Sede Santa Cruz, particip&oacute; del Taller Intervenci&oacute;n Psicol&oacute;gica en atenci&oacute;n de Casos de Violencia Sexual a NNA&acute;s, Organizado por la Red Departamental de protecci&oacute;n integral a ni&ntilde;as, ni&ntilde;os, adolescentes y mujeres v&iacute;ctimas de abuso y violencia sexual, trata y tr&aacute;fico de personas,&nbsp; el d&iacute;a jueves 21 de julio del 2016, con el objetivo de lograr la alianza desde la Sociedad Civil, Universidades, Municipios, FEVAP, FECV, Polic&iacute;a y Red de Protecci&oacute;n Integral.<\/p>\n<p>El equipo Terap&eacute;utico UNIFRANZ, participo de mesas de trabajo representando la Academia, que apoya mediante su equipo multidisciplinario de profesionales en supervisi&oacute;n al Centro Especializado en Prevenci&oacute;n y Atenci&oacute;n Terap&eacute;utica \u00abCEPAT\u00bb para Ni&ntilde;as, Ni&ntilde;os y Adolescentes V&iacute;ctimas de Violencia y Abuso Sexual, usando el dispositivo C&aacute;mara Gesell.<\/p>\n<p style=\"text-align: center;\"><img decoding=\"async\" style=\"border: 1px solid #515151;\" alt=\"2\" src=\"http:\/\/unifranz.edu.bo\/images\/noticias\/2016\/equipo-terapeutico-scz\/2.jpg\" \/><\/p>\n<p>La Universidad Privada Franz Tamayo, fue la &uacute;nica que presento el modelo de trabajo realizado y sus protocolos, al concluir el evento quedo como propuesta de actualizaci&oacute;n en psicoterapia, y como alternativa de supervisi&oacute;n terap&eacute;utica que sistematizara casos de investigaci&oacute;n que ser&aacute;n presentados en posteriores encuentros.<\/p>\n<p>Los representantes de las instituciones participantes llegaron al compromiso de gestionar los convenios interinstitucionales para organizar las redes sociocomunitarias de apoyo a la Violencia, abrir un espacio colaborativo en el DRIVE para compartir protocolos y materiales, realizar la adaptaci&oacute;n de instrumentos de evaluaci&oacute;n, promoci&oacute;n del rol del Psic&oacute;logo desde sus funciones y Prevenci&oacute;n de la violencia a trav&eacute;s de los medios de comunicaci&oacute;n.<\/p>\n<p style=\"text-align: center;\"><img decoding=\"async\" style=\"border: 1px solid #515151;\" alt=\"3\" src=\"http:\/\/unifranz.edu.bo\/images\/noticias\/2016\/equipo-terapeutico-scz\/3.jpg\" \/><\/p>","protected":false},"excerpt":{"rendered":"<p>La Carrera de Psicolog&iacute;a UNIFRANZ Sede Santa Cruz, particip&oacute; del Taller Intervenci&oacute;n Psicol&oacute;gica en atenci&oacute;n de Casos de Violencia Sexual a NNA&acute;s, Organizado por la Red Departamental de protecci&oacute;n integral a ni&ntilde;as, ni&ntilde;os, adolescentes y mujeres v&iacute;ctimas de abuso y violencia sexual, trata y tr&aacute;fico de personas,&nbsp; el d&iacute;a jueves 21 de julio del 2016, &hellip; <a href=\"https:\/\/unifranz.edu.bo\/pt\/blog\/equipo-terapeutico-unifranz-presenta-modelo-de-intervencion-y-supervision-psicologica-a-casos-de-violencia\/\">Continued<\/a><\/p>","protected":false},"author":45,"featured_media":-1,"comment_status":"open","ping_status":"open","sticky":false,"template":"","format":"standard","meta":{"_acf_changed":false,"footnotes":""},"categories":[60],"tags":[],"class_list":["post-20488","post","type-post","status-publish","format-standard","has-post-thumbnail","hentry","category-blog"],"acf":[],"_links":{"self":[{"href":"https:\/\/unifranz.edu.bo\/pt\/wp-json\/wp\/v2\/posts\/20488","targetHints":{"allow":["GET"]}}],"collection":[{"href":"https:\/\/unifranz.edu.bo\/pt\/wp-json\/wp\/v2\/posts"}],"about":[{"href":"https:\/\/unifranz.edu.bo\/pt\/wp-json\/wp\/v2\/types\/post"}],"author":[{"embeddable":true,"href":"https:\/\/unifranz.edu.bo\/pt\/wp-json\/wp\/v2\/users\/45"}],"replies":[{"embeddable":true,"href":"https:\/\/unifranz.edu.bo\/pt\/wp-json\/wp\/v2\/comments?post=20488"}],"version-history":[{"count":0,"href":"https:\/\/unifranz.edu.bo\/pt\/wp-json\/wp\/v2\/posts\/20488\/revisions"}],"wp:featuredmedia":[{"embeddable":true,"href":"https:\/\/unifranz.edu.bo\/pt\/wp-json\/"}],"wp:attachment":[{"href":"https:\/\/unifranz.edu.bo\/pt\/wp-json\/wp\/v2\/media?parent=20488"}],"wp:term":[{"taxonomy":"category","embeddable":true,"href":"https:\/\/unifranz.edu.bo\/pt\/wp-json\/wp\/v2\/categories?post=20488"},{"taxonomy":"post_tag","embeddable":true,"href":"https:\/\/unifranz.edu.bo\/pt\/wp-json\/wp\/v2\/tags?post=20488"}],"curies":[{"name":"wp","href":"https:\/\/api.w.org\/{rel}","templated":true}]}}