{"id":20476,"date":"2016-04-06T15:17:11","date_gmt":"2016-04-06T15:17:11","guid":{"rendered":"http:\/\/unifranz.edu.bo\/new-blog\/?p=19113"},"modified":"2016-04-06T15:17:11","modified_gmt":"2016-04-06T15:17:11","slug":"educacion-por-competencias-aprender-haciendo-si-no-conoces-que-puedes-comunicar","status":"publish","type":"post","link":"https:\/\/unifranz.edu.bo\/pt\/blog\/educacion-por-competencias-aprender-haciendo-si-no-conoces-que-puedes-comunicar\/","title":{"rendered":"Educaci\u00f3n por Competencias \u00abAprender Haciendo\u00bb. Si no Conoces, \u00bfQu\u00e9 Puedes Comunicar?"},"content":{"rendered":"<p>Dentro de las m\u00faltiples actividades diarias en nuestras carreras UNIFRANZ LA PAZ destacamos a los estudiantes de PUBLICIDAD Y MARKETING, materia COMUNICACI\u00d3N 1.<\/p>\n<p>En este primer semestre se desarroll\u00f3 el tema de comunicaci\u00f3n INTRA\/INTERCULTURAL en el que se destacaron los 36 pueblos ind\u00edgenas originarios reconocidos en la CONSTITUCI\u00d3N POL\u00cdTICA DEL ESTADO en nuestro pa\u00eds. Para ello, los estudiantes no solo caracterizaron a cada uno de ellos con inventiva y el material disponible, si no que compartieron sus caracter\u00edsticas y &nbsp;congregados por regiones hablaron de sus similitudes en la vida diaria.<\/p>\n<p style=\"text-align: center;\"><img decoding=\"async\" src=\"http:\/\/unifranz.edu.bo\/images\/noticias\/2017\/educacion-por-competencias-lpz\/1.jpg\" alt=\"1\" style=\"border: 1px solid #515151;\" \/><\/p>\n<p>Es as\u00ed como present\u00e1ndose a los pueblos de las otras regiones, qued\u00f3 en cada uno de los estudiantes la informaci\u00f3n necesaria y primordial para conocer y comunicar, mediante su profesi\u00f3n, esta riqueza <br \/>de nuestro pa\u00eds.<\/p>\n<p><strong>Felicidades a nuestros alumnos que con entusiasmo y responsabilidad forman su esp\u00edritu en valores que fortalezcan su futura profesi\u00f3n.<\/strong><\/p>\n<p style=\"text-align: center;\"><img decoding=\"async\" src=\"http:\/\/unifranz.edu.bo\/images\/noticias\/2017\/educacion-por-competencias-lpz\/2.jpg\" alt=\"2\" style=\"border: 1px solid #515151;\" \/><\/p>","protected":false},"excerpt":{"rendered":"<p>Dentro de las m\u00faltiples actividades diarias en nuestras carreras UNIFRANZ LA PAZ destacamos a los estudiantes de PUBLICIDAD Y MARKETING, materia COMUNICACI\u00d3N 1. En este primer semestre se desarroll\u00f3 el tema de comunicaci\u00f3n INTRA\/INTERCULTURAL en el que se destacaron los 36 pueblos ind\u00edgenas originarios reconocidos en la CONSTITUCI\u00d3N POL\u00cdTICA DEL ESTADO en nuestro pa\u00eds. Para &hellip; <a href=\"https:\/\/unifranz.edu.bo\/pt\/blog\/educacion-por-competencias-aprender-haciendo-si-no-conoces-que-puedes-comunicar\/\">Continued<\/a><\/p>","protected":false},"author":45,"featured_media":-1,"comment_status":"open","ping_status":"open","sticky":false,"template":"","format":"standard","meta":{"_acf_changed":false,"footnotes":""},"categories":[60],"tags":[],"class_list":["post-20476","post","type-post","status-publish","format-standard","has-post-thumbnail","hentry","category-blog"],"acf":[],"_links":{"self":[{"href":"https:\/\/unifranz.edu.bo\/pt\/wp-json\/wp\/v2\/posts\/20476","targetHints":{"allow":["GET"]}}],"collection":[{"href":"https:\/\/unifranz.edu.bo\/pt\/wp-json\/wp\/v2\/posts"}],"about":[{"href":"https:\/\/unifranz.edu.bo\/pt\/wp-json\/wp\/v2\/types\/post"}],"author":[{"embeddable":true,"href":"https:\/\/unifranz.edu.bo\/pt\/wp-json\/wp\/v2\/users\/45"}],"replies":[{"embeddable":true,"href":"https:\/\/unifranz.edu.bo\/pt\/wp-json\/wp\/v2\/comments?post=20476"}],"version-history":[{"count":0,"href":"https:\/\/unifranz.edu.bo\/pt\/wp-json\/wp\/v2\/posts\/20476\/revisions"}],"wp:featuredmedia":[{"embeddable":true,"href":"https:\/\/unifranz.edu.bo\/pt\/wp-json\/"}],"wp:attachment":[{"href":"https:\/\/unifranz.edu.bo\/pt\/wp-json\/wp\/v2\/media?parent=20476"}],"wp:term":[{"taxonomy":"category","embeddable":true,"href":"https:\/\/unifranz.edu.bo\/pt\/wp-json\/wp\/v2\/categories?post=20476"},{"taxonomy":"post_tag","embeddable":true,"href":"https:\/\/unifranz.edu.bo\/pt\/wp-json\/wp\/v2\/tags?post=20476"}],"curies":[{"name":"wp","href":"https:\/\/api.w.org\/{rel}","templated":true}]}}