{"id":20385,"date":"2017-04-24T16:11:08","date_gmt":"2017-04-24T16:11:08","guid":{"rendered":"http:\/\/unifranz.edu.bo\/new-blog\/?p=19113"},"modified":"2017-04-24T16:11:08","modified_gmt":"2017-04-24T16:11:08","slug":"caminata-al-canon-de-palca","status":"publish","type":"post","link":"https:\/\/unifranz.edu.bo\/pt\/blog\/caminata-al-canon-de-palca\/","title":{"rendered":"Caminata al \u00abCa\u00f1\u00f3n de Palca\u00bb"},"content":{"rendered":"<p>El pasado 31 de marzo, los estudiantes de la carrera de Administraci\u00f3n de Hoteler\u00eda y Turismo Sede El Alto, realizaron una caminata por el Ca\u00f1\u00f3n de Palca, donde apreciaron flora y fauna del lugar, as\u00ed mismo se practic\u00f3 t\u00e9cnicas de guiaje, y elaboraci\u00f3n de fichas tur\u00edsticas, la actividad se desarroll\u00f3 en coordinaci\u00f3n con el Lic. Juan Carlos Nu\u00f1ez y Lic. Soledad Tito.<\/p>\n<p style=\"text-align: center;\"><img decoding=\"async\" src=\"http:\/\/unifranz.edu.bo\/images\/noticias\/2017\/visita-palca-elalto\/1.jpg\" alt=\"1\" style=\"border: 1px solid #515151;\" \/><\/p>\n<p style=\"text-align: center;\"><img decoding=\"async\" src=\"http:\/\/unifranz.edu.bo\/images\/noticias\/2017\/visita-palca-elalto\/2.jpg\" alt=\"2\" style=\"border: 1px solid #515151;\" \/><\/p>\n<p style=\"text-align: center;\"><img decoding=\"async\" src=\"http:\/\/unifranz.edu.bo\/images\/noticias\/2017\/visita-palca-elalto\/4.jpg\" alt=\"4\" style=\"border: 1px solid #515151;\" \/><\/p>\n<p style=\"text-align: center;\"><img decoding=\"async\" src=\"http:\/\/unifranz.edu.bo\/images\/noticias\/2017\/visita-palca-elalto\/5.jpg\" alt=\"5\" style=\"border: 1px solid #515151;\" \/><\/p>","protected":false},"excerpt":{"rendered":"<p>El pasado 31 de marzo, los estudiantes de la carrera de Administraci\u00f3n de Hoteler\u00eda y Turismo Sede El Alto, realizaron una caminata por el Ca\u00f1\u00f3n de Palca, donde apreciaron flora y fauna del lugar, as\u00ed mismo se practic\u00f3 t\u00e9cnicas de guiaje, y elaboraci\u00f3n de fichas tur\u00edsticas, la actividad se desarroll\u00f3 en coordinaci\u00f3n con el Lic. &hellip; <a href=\"https:\/\/unifranz.edu.bo\/pt\/blog\/caminata-al-canon-de-palca\/\">Continued<\/a><\/p>","protected":false},"author":45,"featured_media":-1,"comment_status":"open","ping_status":"open","sticky":false,"template":"","format":"standard","meta":{"_acf_changed":false,"footnotes":""},"categories":[60],"tags":[],"class_list":["post-20385","post","type-post","status-publish","format-standard","has-post-thumbnail","hentry","category-blog"],"acf":[],"_links":{"self":[{"href":"https:\/\/unifranz.edu.bo\/pt\/wp-json\/wp\/v2\/posts\/20385","targetHints":{"allow":["GET"]}}],"collection":[{"href":"https:\/\/unifranz.edu.bo\/pt\/wp-json\/wp\/v2\/posts"}],"about":[{"href":"https:\/\/unifranz.edu.bo\/pt\/wp-json\/wp\/v2\/types\/post"}],"author":[{"embeddable":true,"href":"https:\/\/unifranz.edu.bo\/pt\/wp-json\/wp\/v2\/users\/45"}],"replies":[{"embeddable":true,"href":"https:\/\/unifranz.edu.bo\/pt\/wp-json\/wp\/v2\/comments?post=20385"}],"version-history":[{"count":0,"href":"https:\/\/unifranz.edu.bo\/pt\/wp-json\/wp\/v2\/posts\/20385\/revisions"}],"wp:featuredmedia":[{"embeddable":true,"href":"https:\/\/unifranz.edu.bo\/pt\/wp-json\/"}],"wp:attachment":[{"href":"https:\/\/unifranz.edu.bo\/pt\/wp-json\/wp\/v2\/media?parent=20385"}],"wp:term":[{"taxonomy":"category","embeddable":true,"href":"https:\/\/unifranz.edu.bo\/pt\/wp-json\/wp\/v2\/categories?post=20385"},{"taxonomy":"post_tag","embeddable":true,"href":"https:\/\/unifranz.edu.bo\/pt\/wp-json\/wp\/v2\/tags?post=20385"}],"curies":[{"name":"wp","href":"https:\/\/api.w.org\/{rel}","templated":true}]}}