{"id":20372,"date":"2017-09-04T21:17:51","date_gmt":"2017-09-04T21:17:51","guid":{"rendered":"http:\/\/unifranz.edu.bo\/new-blog\/?p=19113"},"modified":"2017-09-04T21:17:51","modified_gmt":"2017-09-04T21:17:51","slug":"ballet-folklorico-unifranz-ganador-del-yura-folk-2017","status":"publish","type":"post","link":"https:\/\/unifranz.edu.bo\/pt\/blog\/ballet-folklorico-unifranz-ganador-del-yura-folk-2017\/","title":{"rendered":"Ballet Folklorico Unifranz Ganador del \u00abYura Folk 2017\u00bb"},"content":{"rendered":"<p>El Ballet Folkl\u00f3rico de la UNIFRANZ tuvo una participaci\u00f3n destacada en el Primer Festival Internacional de danzas folkl\u00f3ricas \u00abFesti Yura 2017\u00bb desarrollado el 22 y 23 de julio en Yura, Per\u00fa, present\u00e1ndose con danzas como el tinku, salaque, llamerada, saya afro boliviana, morenada, cueca pace\u00f1a, waca tokoris y kusillos.<\/p>\n<p>La delegaci\u00f3n UNIFRANZ estuvo conformada por 29 estudiantes a la cabeza de la Directora del Ballet Eliana Montes.<\/p>\n<p>Al finalizar el evento el Alcalde de la Municipalidad Distrital de Yura, Luis Harry G\u00f3mez Ram\u00edrez, hizo entrega de un merecido reconocimiento al Ballet Folkl\u00f3rico Unifranz por obtener el primer lugar en el festival Yura Folk 2017.<\/p>\n<p style=\"text-align: center;\"><img decoding=\"async\" src=\"http:\/\/unifranz.edu.bo\/images\/noticias\/2017\/festi-yura-lpz\/1.jpg\" alt=\"1\" style=\"border: 1px solid #515151;\" \/><\/p>\n<p style=\"text-align: center;\"><img decoding=\"async\" src=\"http:\/\/unifranz.edu.bo\/images\/noticias\/2017\/festi-yura-lpz\/2.jpg\" alt=\"2\" style=\"border: 1px solid #515151;\" \/><\/p>\n<p style=\"text-align: center;\"><img decoding=\"async\" src=\"http:\/\/unifranz.edu.bo\/images\/noticias\/2017\/festi-yura-lpz\/5.jpg\" alt=\"5\" style=\"border: 1px solid #515151;\" \/><\/p>\n<p style=\"text-align: center;\"><img decoding=\"async\" src=\"http:\/\/unifranz.edu.bo\/images\/noticias\/2017\/festi-yura-lpz\/6.jpg\" alt=\"6\" style=\"border: 1px solid #515151;\" \/><\/p>\n<p style=\"text-align: center;\"><img decoding=\"async\" src=\"http:\/\/unifranz.edu.bo\/images\/noticias\/2017\/festi-yura-lpz\/7.jpg\" alt=\"7\" style=\"border: 1px solid #515151;\" \/><\/p>\n<p style=\"text-align: center;\"><img decoding=\"async\" src=\"http:\/\/unifranz.edu.bo\/images\/noticias\/2017\/festi-yura-lpz\/8.jpg\" alt=\"8\" style=\"border: 1px solid #515151;\" \/><\/p>","protected":false},"excerpt":{"rendered":"<p>El Ballet Folkl\u00f3rico de la UNIFRANZ tuvo una participaci\u00f3n destacada en el Primer Festival Internacional de danzas folkl\u00f3ricas \u00abFesti Yura 2017\u00bb desarrollado el 22 y 23 de julio en Yura, Per\u00fa, present\u00e1ndose con danzas como el tinku, salaque, llamerada, saya afro boliviana, morenada, cueca pace\u00f1a, waca tokoris y kusillos. La delegaci\u00f3n UNIFRANZ estuvo conformada por &hellip; <a href=\"https:\/\/unifranz.edu.bo\/pt\/blog\/ballet-folklorico-unifranz-ganador-del-yura-folk-2017\/\">Continued<\/a><\/p>","protected":false},"author":45,"featured_media":-1,"comment_status":"open","ping_status":"open","sticky":false,"template":"","format":"standard","meta":{"_acf_changed":false,"footnotes":""},"categories":[60],"tags":[],"class_list":["post-20372","post","type-post","status-publish","format-standard","has-post-thumbnail","hentry","category-blog"],"acf":[],"_links":{"self":[{"href":"https:\/\/unifranz.edu.bo\/pt\/wp-json\/wp\/v2\/posts\/20372","targetHints":{"allow":["GET"]}}],"collection":[{"href":"https:\/\/unifranz.edu.bo\/pt\/wp-json\/wp\/v2\/posts"}],"about":[{"href":"https:\/\/unifranz.edu.bo\/pt\/wp-json\/wp\/v2\/types\/post"}],"author":[{"embeddable":true,"href":"https:\/\/unifranz.edu.bo\/pt\/wp-json\/wp\/v2\/users\/45"}],"replies":[{"embeddable":true,"href":"https:\/\/unifranz.edu.bo\/pt\/wp-json\/wp\/v2\/comments?post=20372"}],"version-history":[{"count":0,"href":"https:\/\/unifranz.edu.bo\/pt\/wp-json\/wp\/v2\/posts\/20372\/revisions"}],"wp:featuredmedia":[{"embeddable":true,"href":"https:\/\/unifranz.edu.bo\/pt\/wp-json\/"}],"wp:attachment":[{"href":"https:\/\/unifranz.edu.bo\/pt\/wp-json\/wp\/v2\/media?parent=20372"}],"wp:term":[{"taxonomy":"category","embeddable":true,"href":"https:\/\/unifranz.edu.bo\/pt\/wp-json\/wp\/v2\/categories?post=20372"},{"taxonomy":"post_tag","embeddable":true,"href":"https:\/\/unifranz.edu.bo\/pt\/wp-json\/wp\/v2\/tags?post=20372"}],"curies":[{"name":"wp","href":"https:\/\/api.w.org\/{rel}","templated":true}]}}