{"id":20367,"date":"2017-09-21T15:45:03","date_gmt":"2017-09-21T15:45:03","guid":{"rendered":"http:\/\/unifranz.edu.bo\/new-blog\/?p=19113"},"modified":"2017-09-21T15:45:03","modified_gmt":"2017-09-21T15:45:03","slug":"almuerzo-de-reconocimiento-del-cuadro-de-honor","status":"publish","type":"post","link":"https:\/\/unifranz.edu.bo\/pt\/blog\/almuerzo-de-reconocimiento-del-cuadro-de-honor\/","title":{"rendered":"Almuerzo de Reconocimiento del Cuadro de Honor"},"content":{"rendered":"<p>En fecha 29 de agosto de 2017 en el Restaurante \u00abQinaya\u00bb, se llev\u00f3 a cabo el almuerzo de reconocimiento a estudiantes destacados por su desempe\u00f1o acad\u00e9mico durante la gesti\u00f3n I\/2017.<\/p>\n<p>En este tradicional almuerzo la Vicerrectora la Lic. Eve Gomez Ferrufino, brind\u00f3 sus felicitaciones a todos los estudiantes que conforman el Cuadro de Honor, a quienes se realiz\u00f3 la entrega de diplomas de reconocimiento y cartas de asignaci\u00f3n de las becas de Excelencia Acad\u00e9mica.<\/p>\n<p>&nbsp;<\/p>\n<p>Reconocemos a nuestros estudiantes por los logros, hasta aqu\u00ed conseguidos, y los exhortamos a cultivar m\u00e1s \u00e9xitos en su vida personal como en su formaci\u00f3n profesional.<\/p>\n<p>Estudiantes que obtuvieron Beca Excelencia Acad\u00e9mica:<\/p>\n<ul>\n<li>Ana Beatriz Llanos Estudiante de Excelencia Ccarrera de Bioqu\u00edmica.<\/li>\n<li>Brenda Flores Corpus Estudiante de Excelencia Ccarrera de Ingenier\u00eda Comercial.<\/li>\n<li>Anabel Ajata Sanchez Estudiante de excelencia Ccarrera de Contadur\u00eda P\u00fablica.<\/li>\n<li>Osco Vidal Sarmiento Estudiante de Excelencia Ccarrera de Derecho.<\/li>\n<li>Magaly Mamani Caro Estudiante de Excelencia Ccarrera de Psicolog\u00eda.<\/li>\n<\/ul>\n<p>Estudiantes que ingresaron a Ccuadro de Honor por rendimiento:<\/p>\n<ul>\n<li>Zulma Soto Chavez Carrera de Derecho<\/li>\n<li>Angela Mancilla Mendoza Carrera de Ingenier\u00eda Comercial<\/li>\n<li>Mariel Maldonado Mercado Carrera de Psicolog\u00eda<\/li>\n<\/ul>\n<p style=\"text-align: center;\"><img decoding=\"async\" src=\"http:\/\/unifranz.edu.bo\/images\/noticias\/2017\/almuerzo-cuadro-honor-elalto\/1.jpg\" alt=\"1\" style=\"border: 1px solid #515151;\" \/><\/p>\n<p style=\"text-align: center;\"><img decoding=\"async\" src=\"http:\/\/unifranz.edu.bo\/images\/noticias\/2017\/almuerzo-cuadro-honor-elalto\/3.jpg\" alt=\"3\" style=\"border: 1px solid #515151;\" \/><\/p>\n<p style=\"text-align: center;\"><img decoding=\"async\" src=\"http:\/\/unifranz.edu.bo\/images\/noticias\/2017\/almuerzo-cuadro-honor-elalto\/4.jpg\" alt=\"4\" style=\"border: 1px solid #515151;\" \/><\/p>","protected":false},"excerpt":{"rendered":"<p>En fecha 29 de agosto de 2017 en el Restaurante \u00abQinaya\u00bb, se llev\u00f3 a cabo el almuerzo de reconocimiento a estudiantes destacados por su desempe\u00f1o acad\u00e9mico durante la gesti\u00f3n I\/2017. En este tradicional almuerzo la Vicerrectora la Lic. Eve Gomez Ferrufino, brind\u00f3 sus felicitaciones a todos los estudiantes que conforman el Cuadro de Honor, a &hellip; <a href=\"https:\/\/unifranz.edu.bo\/pt\/blog\/almuerzo-de-reconocimiento-del-cuadro-de-honor\/\">Continued<\/a><\/p>","protected":false},"author":45,"featured_media":-1,"comment_status":"open","ping_status":"open","sticky":false,"template":"","format":"standard","meta":{"_acf_changed":false,"footnotes":""},"categories":[60],"tags":[],"class_list":["post-20367","post","type-post","status-publish","format-standard","has-post-thumbnail","hentry","category-blog"],"acf":[],"_links":{"self":[{"href":"https:\/\/unifranz.edu.bo\/pt\/wp-json\/wp\/v2\/posts\/20367","targetHints":{"allow":["GET"]}}],"collection":[{"href":"https:\/\/unifranz.edu.bo\/pt\/wp-json\/wp\/v2\/posts"}],"about":[{"href":"https:\/\/unifranz.edu.bo\/pt\/wp-json\/wp\/v2\/types\/post"}],"author":[{"embeddable":true,"href":"https:\/\/unifranz.edu.bo\/pt\/wp-json\/wp\/v2\/users\/45"}],"replies":[{"embeddable":true,"href":"https:\/\/unifranz.edu.bo\/pt\/wp-json\/wp\/v2\/comments?post=20367"}],"version-history":[{"count":0,"href":"https:\/\/unifranz.edu.bo\/pt\/wp-json\/wp\/v2\/posts\/20367\/revisions"}],"wp:featuredmedia":[{"embeddable":true,"href":"https:\/\/unifranz.edu.bo\/pt\/wp-json\/"}],"wp:attachment":[{"href":"https:\/\/unifranz.edu.bo\/pt\/wp-json\/wp\/v2\/media?parent=20367"}],"wp:term":[{"taxonomy":"category","embeddable":true,"href":"https:\/\/unifranz.edu.bo\/pt\/wp-json\/wp\/v2\/categories?post=20367"},{"taxonomy":"post_tag","embeddable":true,"href":"https:\/\/unifranz.edu.bo\/pt\/wp-json\/wp\/v2\/tags?post=20367"}],"curies":[{"name":"wp","href":"https:\/\/api.w.org\/{rel}","templated":true}]}}