{"id":185677,"date":"2024-03-26T22:10:01","date_gmt":"2024-03-27T02:10:01","guid":{"rendered":"https:\/\/unifranz.edu.bo\/?p=185677"},"modified":"2024-03-26T22:10:01","modified_gmt":"2024-03-27T02:10:01","slug":"oportunidad-la-palabra-magica-para-la-inclusion-de-personas-con-sindrome-de-down","status":"publish","type":"post","link":"https:\/\/unifranz.edu.bo\/pt\/carreras\/oportunidad-la-palabra-magica-para-la-inclusion-de-personas-con-sindrome-de-down\/","title":{"rendered":"Oportunidad, la palabra m\u00e1gica para la inclusi\u00f3n de personas con S\u00edndrome de Down"},"content":{"rendered":"<p><span style=\"font-weight: 400; color: #000000;\">En un paso significativo hacia la inclusi\u00f3n y la equidad laboral, cada vez m\u00e1s empresas est\u00e1n abriendo sus puertas a personas con S\u00edndrome de Down. En la actualidad, ya es habitual ver a j\u00f3venes con Down atendiendo en restaurantes, tiendas, oficinas, como modelos o en diferentes actividades econ\u00f3micas p\u00fablicas y privadas.\u00a0<\/span><\/p>\n<p><span style=\"font-weight: 400; color: #000000;\">Esta tendencia representa un cambio positivo en la percepci\u00f3n y las oportunidades para aquellas personas con discapacidad intelectual, permiti\u00e9ndoles contribuir de manera significativa a la sociedad y al mercado laboral.<\/span><\/p>\n<p><span style=\"font-weight: 400; color: #000000;\">La inclusi\u00f3n de personas con S\u00edndrome de Down es una necesidad emergente, indica Carmen Aguilera, docente de la carrera de Psicolog\u00eda de la Universidad Franz Tamayo, Unifranz.<\/span><\/p>\n<p><span style=\"font-weight: 400; color: #000000;\">\u201cEs preciso su inclusi\u00f3n en las distintas tareas que se llevan a cabo, dentro y fuera del hogar, en el \u00e1mbito laboral y en los distintos espacios donde pueden ejercer funciones, tomando en cuenta la serie de dificultades o deficiencias que puedan tener y adecuando las mismas a sus necesidades\u201d, puntualiza.<\/span><\/p>\n<p><span style=\"font-weight: 400; color: #000000;\">La inclusi\u00f3n de personas con S\u00edndrome de Down en el \u00e1mbito laboral no solo beneficia a este segmento de individuos, sino tambi\u00e9n a las empresas y la sociedad en general.\u00a0<\/span><\/p>\n<p><span style=\"font-weight: 400; color: #000000;\">Seg\u00fan Aguilera, varios estudios han demostrado que estos colaboradores, a menudo, muestran un alto grado de compromiso, lealtad y entusiasmo en sus tareas laborales. Adem\u00e1s, su inclusi\u00f3n promueve la diversidad y fomenta un ambiente de trabajo m\u00e1s inclusivo.<\/span><\/p>\n<p><span style=\"font-weight: 400; color: #000000;\">\u201cLa inserci\u00f3n laboral establece lineamientos de apoyo a las personas con S\u00edndrome de Down. Se deben realizar modificaciones a las reglas, normas, procedimientos y hasta pol\u00edticas en las empresas o instituciones, dando paso para que estas personas puedan explotar sus habilidades y destrezas, como el despliegue de comportamiento emp\u00e1tico, amistoso, amigable, seguido de conductas repetitivas y rutinarias, as\u00ed como esa tendencia a la perfecci\u00f3n que los caracteriza\u201d, puntualiza.<\/span><\/p>\n<p><span style=\"font-weight: 400; color: #000000;\">En ese marco, empresas de diversos sectores est\u00e1n liderando este movimiento inclusivo, implementando programas de capacitaci\u00f3n y adaptando sus pol\u00edticas de contrataci\u00f3n para acoger a personas con S\u00edndrome de Down.\u00a0<\/span><\/p>\n<p><span style=\"font-weight: 400; color: #000000;\">Estas compa\u00f1\u00edas reconocen el valor \u00fanico que estos individuos aportan a sus equipos, as\u00ed como el impacto positivo que esto tiene en la cultura corporativa.<\/span><\/p>\n<p><span style=\"font-weight: 400; color: #000000;\">\u00abEn nuestro compromiso con la diversidad y la inclusi\u00f3n, hemos ampliado nuestras pol\u00edticas de contrataci\u00f3n para asegurarnos de que todas las personas, independientemente de sus capacidades, tengan la oportunidad de contribuir y crecer con nosotros\u00bb, comenta Ana Gabriela L\u00f3pez, experta en Capital Humano.<\/span><\/p>\n<p><span style=\"font-weight: 400; color: #000000;\">Adem\u00e1s de las iniciativas empresariales, gobiernos y organizaciones sin fines de lucro tambi\u00e9n est\u00e1n trabajando para promover la inclusi\u00f3n laboral de personas con S\u00edndrome de Down, ofreciendo programas de capacitaci\u00f3n y apoyo tanto para los empleados como para los empleadores.<\/span><\/p>\n<p><span style=\"color: #000000;\"><b>Barreras para su inclusi\u00f3n laboral\u00a0<\/b><\/span><\/p>\n<p><span style=\"font-weight: 400; color: #000000;\">Pese a los grandes avances en cuanto a nuevas tecnolog\u00edas, inclusi\u00f3n y talento humano, una de las principales barreras que persiste para su incorporaci\u00f3n al mercado laboral es la discriminaci\u00f3n frente a estigmas que la sociedad establece hacia estas personas de percibirlos como discapacitados, siendo que son personas con capacidades diferenciadas, dado que tienen \u00e1reas tanto f\u00edsicas, cognitivas y emocionales preservadas.\u00a0<\/span><\/p>\n<p><span style=\"font-weight: 400; color: #000000;\">\u201cAprenden de forma diferenciada, pero s\u00ed aprenden. Por lo tanto, pueden ejecutar distintas tareas dentro de una instituci\u00f3n o empresa\u201d, manifiesta la psic\u00f3loga.\u00a0<\/span><\/p>\n<p><span style=\"font-weight: 400; color: #000000;\">Otra barrera es la poca o casi nula atenci\u00f3n integral (a nivel m\u00e9dico, educativo, pedag\u00f3gico) a las personas con S\u00edndrome de Down, no s\u00f3lo en Bolivia sino en varios pa\u00edses de la regi\u00f3n.\u00a0\u00a0<\/span><\/p>\n<p><span style=\"font-weight: 400; color: #000000;\">El s\u00edndrome de Down es una alteraci\u00f3n gen\u00e9tica causada por la existencia de material gen\u00e9tico extra en el cromosoma 21 que se traduce en discapacidad intelectual. Su incidencia estimada se sit\u00faa entre 1 de cada 1.000 a 1.100 reci\u00e9n nacidos a nivel mundial, seg\u00fan la Organizaci\u00f3n Mundial de la Salud (OMS).<\/span><\/p>\n<figure id=\"attachment_185706\" aria-describedby=\"caption-attachment-185706\" style=\"width: 864px\" class=\"wp-caption alignnone\"><img loading=\"lazy\" decoding=\"async\" class=\"wp-image-185706\" src=\"https:\/\/unifranz.edu.bo\/wp-content\/uploads\/2024\/03\/SINDROME-DOWN1-1-300x200.jpeg\" alt=\"\" width=\"864\" height=\"576\" srcset=\"https:\/\/unifranz.edu.bo\/wp-content\/uploads\/2024\/03\/SINDROME-DOWN1-1-300x200.jpeg 300w, https:\/\/unifranz.edu.bo\/wp-content\/uploads\/2024\/03\/SINDROME-DOWN1-1-1024x683.jpeg 1024w, https:\/\/unifranz.edu.bo\/wp-content\/uploads\/2024\/03\/SINDROME-DOWN1-1-768x512.jpeg 768w, https:\/\/unifranz.edu.bo\/wp-content\/uploads\/2024\/03\/SINDROME-DOWN1-1-1536x1024.jpeg 1536w, https:\/\/unifranz.edu.bo\/wp-content\/uploads\/2024\/03\/SINDROME-DOWN1-1-18x12.jpeg 18w, https:\/\/unifranz.edu.bo\/wp-content\/uploads\/2024\/03\/SINDROME-DOWN1-1.jpeg 1563w\" sizes=\"auto, (max-width: 864px) 100vw, 864px\" \/><figcaption id=\"caption-attachment-185706\" class=\"wp-caption-text\"><\/span><\/em> <em><span style=\"color: #000000;\">Oportunidad, la palabra m\u00e1gica para la inclusi\u00f3n de personas con S\u00edndrome de Down<\/span><\/em><\/figcaption><\/figure>\n<p>&nbsp;<\/p>\n<p><span style=\"color: #000000;\"><b>Beneficios y retos\u00a0<\/b><\/span><\/p>\n<p><span style=\"font-weight: 400; color: #000000;\">Aguilera destaca que las personas con s\u00edndrome de Down son:<\/span><\/p>\n<ul>\n<li style=\"font-weight: 400;\" aria-level=\"1\"><span style=\"font-weight: 400; color: #000000;\">Altamente efectivas en el trabajo rutinario.<\/span><\/li>\n<li style=\"font-weight: 400;\" aria-level=\"1\"><span style=\"font-weight: 400; color: #000000;\">Saben trabajar en equipo, respetando funciones simult\u00e1neas o secuenciales.<\/span><\/li>\n<li style=\"font-weight: 400;\" aria-level=\"1\"><span style=\"font-weight: 400; color: #000000;\">Desarrollan una alta pertenencia a la instituci\u00f3n<\/span><\/li>\n<li style=\"font-weight: 400;\" aria-level=\"1\"><span style=\"font-weight: 400; color: #000000;\">Mejoran el clima laboral con su car\u00e1cter jovial y ameno.<\/span><\/li>\n<li style=\"font-weight: 400;\" aria-level=\"1\"><span style=\"font-weight: 400; color: #000000;\">Son determinados a la hora de ejecutar funciones<\/span><\/li>\n<\/ul>\n<p><span style=\"font-weight: 400; color: #000000;\">\u201cEl mayor reto ser\u00eda adecuar las funciones a las habilidades y destrezas de esta poblaci\u00f3n, ya que, si bien realizan tareas a una velocidad diferenciada, la misma se realiza conforme se le instruy\u00f3 realizar\u201d, explica.<\/span><\/p>\n<p><span style=\"font-weight: 400; color: #000000;\">Otro reto es establecer una red de apoyo que le permita insertarse en este \u00e1mbito y lograr los objetivos planteados.\u00a0<\/span><\/p>\n<p><span style=\"font-weight: 400; color: #000000;\">La creciente aceptaci\u00f3n y apoyo a la inclusi\u00f3n laboral de personas con S\u00edndrome de Down representan un paso adelante hacia una sociedad m\u00e1s igualitaria y comprensiva.\u00a0<\/span><\/p>\n<p><span style=\"font-weight: 400; color: #000000;\">\u201cCon m\u00e1s empresas y comunidades comprometidas con esta causa, se espera que el camino hacia la inclusi\u00f3n contin\u00fae avanzando, ofreciendo oportunidades y dignidad a todas las personas, independientemente de sus capacidades\u201d, finaliza la acad\u00e9mica.<\/span><\/p>\n<p><span style=\"font-weight: 400; color: #000000;\">La Ley 977 del Estado Plurinacional de Bolivia prev\u00e9\u00a0 el respeto a los derechos laborales de este sector vulnerable del pa\u00eds y establece categ\u00f3ricamente \u201cla inserci\u00f3n laboral en los sectores p\u00fablico (4%) y privado (2%) a personas con discapacidad, as\u00ed como madre o padre, c\u00f3nyuge, tutora o tutor que se encuentren a cargo de una o m\u00e1s personas con discapacidad menor a 18 a\u00f1os o con discapacidad grave o muy grave\u201d.<\/span><\/p>","protected":false},"excerpt":{"rendered":"<p>En un paso significativo hacia la inclusi\u00f3n y la equidad laboral, cada vez m\u00e1s empresas est\u00e1n abriendo sus puertas a personas con S\u00edndrome de Down. En la actualidad, ya es habitual ver a j\u00f3venes con Down atendiendo en restaurantes, tiendas, oficinas, como modelos o en diferentes actividades econ\u00f3micas p\u00fablicas y privadas.\u00a0 Esta tendencia representa un &hellip; <a href=\"https:\/\/unifranz.edu.bo\/pt\/carreras\/oportunidad-la-palabra-magica-para-la-inclusion-de-personas-con-sindrome-de-down\/\">Continued<\/a><\/p>","protected":false},"author":45,"featured_media":185697,"comment_status":"open","ping_status":"open","sticky":false,"template":"","format":"standard","meta":{"_acf_changed":false,"footnotes":""},"categories":[60,35,2566,1862,5338,1708,3422,1782],"tags":[1258,240,3798,242],"class_list":["post-185677","post","type-post","status-publish","format-standard","has-post-thumbnail","hentry","category-blog","category-carreras","category-docente","category-educacion","category-inclusion","category-innovacion","category-trabajo-es","category-unifranz","tag-inclusion","tag-psicologia","tag-sindrome-de-down","tag-unifranz"],"acf":[],"_links":{"self":[{"href":"https:\/\/unifranz.edu.bo\/pt\/wp-json\/wp\/v2\/posts\/185677","targetHints":{"allow":["GET"]}}],"collection":[{"href":"https:\/\/unifranz.edu.bo\/pt\/wp-json\/wp\/v2\/posts"}],"about":[{"href":"https:\/\/unifranz.edu.bo\/pt\/wp-json\/wp\/v2\/types\/post"}],"author":[{"embeddable":true,"href":"https:\/\/unifranz.edu.bo\/pt\/wp-json\/wp\/v2\/users\/45"}],"replies":[{"embeddable":true,"href":"https:\/\/unifranz.edu.bo\/pt\/wp-json\/wp\/v2\/comments?post=185677"}],"version-history":[{"count":1,"href":"https:\/\/unifranz.edu.bo\/pt\/wp-json\/wp\/v2\/posts\/185677\/revisions"}],"predecessor-version":[{"id":185710,"href":"https:\/\/unifranz.edu.bo\/pt\/wp-json\/wp\/v2\/posts\/185677\/revisions\/185710"}],"wp:featuredmedia":[{"embeddable":true,"href":"https:\/\/unifranz.edu.bo\/pt\/wp-json\/wp\/v2\/media\/185697"}],"wp:attachment":[{"href":"https:\/\/unifranz.edu.bo\/pt\/wp-json\/wp\/v2\/media?parent=185677"}],"wp:term":[{"taxonomy":"category","embeddable":true,"href":"https:\/\/unifranz.edu.bo\/pt\/wp-json\/wp\/v2\/categories?post=185677"},{"taxonomy":"post_tag","embeddable":true,"href":"https:\/\/unifranz.edu.bo\/pt\/wp-json\/wp\/v2\/tags?post=185677"}],"curies":[{"name":"wp","href":"https:\/\/api.w.org\/{rel}","templated":true}]}}