{"id":185150,"date":"2024-03-26T17:55:37","date_gmt":"2024-03-26T21:55:37","guid":{"rendered":"https:\/\/unifranz.edu.bo\/?p=185150"},"modified":"2024-04-03T12:01:42","modified_gmt":"2024-04-03T16:01:42","slug":"red-alumni-reune-a-los-odontologos-unifranz-transformadores-de-la-realidad","status":"publish","type":"post","link":"https:\/\/unifranz.edu.bo\/pt\/blog\/red-alumni-reune-a-los-odontologos-unifranz-transformadores-de-la-realidad\/","title":{"rendered":"Red Alumni re\u00fane a odont\u00f3logos Unifranz para trabajar proyectos que aportan a la sociedad"},"content":{"rendered":"<p><span style=\"color: #000000;\">La Red Alumni de la Universidad Franz Tamayo, Unifranz sede Santa Cruz, reuni\u00f3 en un encuentro a sus titulados de Odontolog\u00eda, con el compromiso de trabajar programas y proyectos que aporten a la sociedad.<\/span><\/p>\n<p><span style=\"color: #000000;\">La directora de la carrera de Odontolog\u00eda, Daniela Antezana, indic\u00f3 que la Red Alumni es una comunidad de graduados de Unifranz. Asegur\u00f3 que esta casa de estudios superiores trabaja para fortalecer los v\u00ednculos con sus profesionales, trabajar en programas y proyectos que aportan a la sociedad.<\/span><\/p>\n<p><span style=\"color: #000000;\">\u201cEsta es una oportunidad que nos permite reencontrarnos y apreciar cu\u00e1nto hemos ido creciendo como profesionales, apoyando diferentes causas sociales. Unifranz ser\u00e1 siempre su casa y tienen las puertas abiertas para cuando gusten regresar y continuar su formaci\u00f3n con un posgrado\u201d, expres\u00f3 Antezana.<\/span><\/p>\n<p><img loading=\"lazy\" decoding=\"async\" class=\"alignnone wp-image-185205 size-large\" src=\"https:\/\/unifranz.edu.bo\/wp-content\/uploads\/2024\/03\/IMG_5679-1024x784.jpg\" alt=\"\" width=\"1024\" height=\"784\" srcset=\"https:\/\/unifranz.edu.bo\/wp-content\/uploads\/2024\/03\/IMG_5679-1024x784.jpg 1024w, https:\/\/unifranz.edu.bo\/wp-content\/uploads\/2024\/03\/IMG_5679-300x230.jpg 300w, https:\/\/unifranz.edu.bo\/wp-content\/uploads\/2024\/03\/IMG_5679-768x588.jpg 768w, https:\/\/unifranz.edu.bo\/wp-content\/uploads\/2024\/03\/IMG_5679-1536x1175.jpg 1536w, https:\/\/unifranz.edu.bo\/wp-content\/uploads\/2024\/03\/IMG_5679-2048x1567.jpg 2048w, https:\/\/unifranz.edu.bo\/wp-content\/uploads\/2024\/03\/IMG_5679-16x12.jpg 16w\" sizes=\"auto, (max-width: 1024px) 100vw, 1024px\" \/><\/p>\n<p><span style=\"color: #000000;\">El joven profesional Patrick Malky decidi\u00f3 emprender con su propio consultorio privado y en la actualidadsu especialidad en cirug\u00eda dentomaxilar. Asegura que sus docentes en Unifranz lo inspiraron para servir desde su profesi\u00f3n a quienes m\u00e1s lo necesitan.<\/span><\/p>\n<p><span style=\"color: #000000;\">\u201cRecuerdo que en mi etapa universitaria ten\u00eda mucho estr\u00e9s, pero un estr\u00e9s que me permiti\u00f3 fortalecer mi car\u00e1cter y saber c\u00f3mo reaccionar ante diferentes situaciones. Unifranz es muy exigente, porque busca la excelencia en todos sus profesionales, dot\u00e1ndoles de equipamiento innovador y docentes verdaderamente comprometidos con la educaci\u00f3n y la salud\u201d, destac\u00f3 Malky.<\/span><\/p>\n<p><span style=\"color: #000000;\">Por su parte, Adriana Arze, odont\u00f3loga Unifranz, tambi\u00e9n trabaja en su consultorio privado y comenz\u00f3 a dar c\u00e1tedra para contribuir en la formaci\u00f3n de los nuevos odont\u00f3logos. Se\u00f1ala que Unifranz le permiti\u00f3 combinar sus dos pasiones: atender a sus pacientes y dictar clases a las futuras generaciones de odont\u00f3logos.<\/span><\/p>\n<p><img loading=\"lazy\" decoding=\"async\" class=\"alignnone wp-image-185198 size-large\" src=\"https:\/\/unifranz.edu.bo\/wp-content\/uploads\/2024\/03\/IMG_5701-1024x790.jpg\" alt=\"\" width=\"1024\" height=\"790\" srcset=\"https:\/\/unifranz.edu.bo\/wp-content\/uploads\/2024\/03\/IMG_5701-1024x790.jpg 1024w, https:\/\/unifranz.edu.bo\/wp-content\/uploads\/2024\/03\/IMG_5701-300x231.jpg 300w, https:\/\/unifranz.edu.bo\/wp-content\/uploads\/2024\/03\/IMG_5701-768x593.jpg 768w, https:\/\/unifranz.edu.bo\/wp-content\/uploads\/2024\/03\/IMG_5701-1536x1185.jpg 1536w, https:\/\/unifranz.edu.bo\/wp-content\/uploads\/2024\/03\/IMG_5701-2048x1580.jpg 2048w, https:\/\/unifranz.edu.bo\/wp-content\/uploads\/2024\/03\/IMG_5701-16x12.jpg 16w\" sizes=\"auto, (max-width: 1024px) 100vw, 1024px\" \/><\/p>\n<p><span style=\"color: #000000;\">\u201cMe siento muy emocionada porque este encuentro de la Red Alumni nos hace recordar cuando \u00e9ramos compa\u00f1eros y so\u00f1\u00e1bamos con estar donde estamos hoy. Ahora me toca estar del otro lado siendo docente en Unifranz, compartiendo mi experiencia y conocimientos con mis estudiantes\u201d, expres\u00f3 Arze.<\/span><\/p>\n<p><span style=\"color: #000000;\">Los odont\u00f3logos Unifranz dominan t\u00e9cnicas y herramientas para restaurar y mantener la salud bucal, seg\u00fan las necesidades prot\u00e9sicas, funcionales y est\u00e9ticas del paciente. Con la acreditaci\u00f3n Mercosur, validan su t\u00edtulo a escala internacional, ventaja que les permite ejercer su profesi\u00f3n en otros pa\u00edses.<\/span><\/p>\n<p><img loading=\"lazy\" decoding=\"async\" class=\"alignnone wp-image-185203 size-large\" src=\"https:\/\/unifranz.edu.bo\/wp-content\/uploads\/2024\/03\/IMG_5729-1-1024x768.jpg\" alt=\"\" width=\"1024\" height=\"768\" srcset=\"https:\/\/unifranz.edu.bo\/wp-content\/uploads\/2024\/03\/IMG_5729-1-1024x768.jpg 1024w, https:\/\/unifranz.edu.bo\/wp-content\/uploads\/2024\/03\/IMG_5729-1-300x225.jpg 300w, https:\/\/unifranz.edu.bo\/wp-content\/uploads\/2024\/03\/IMG_5729-1-768x576.jpg 768w, https:\/\/unifranz.edu.bo\/wp-content\/uploads\/2024\/03\/IMG_5729-1-1536x1152.jpg 1536w, https:\/\/unifranz.edu.bo\/wp-content\/uploads\/2024\/03\/IMG_5729-1-2048x1536.jpg 2048w, https:\/\/unifranz.edu.bo\/wp-content\/uploads\/2024\/03\/IMG_5729-1-16x12.jpg 16w\" sizes=\"auto, (max-width: 1024px) 100vw, 1024px\" \/><\/p>\n<p><span style=\"color: #000000;\">El docente de Odontolog\u00eda y graduado en Unifranz Emilio Zenteno asegura que la universidad est\u00e1 en constante evoluci\u00f3n e innovaci\u00f3n con el objetivo de formar profesionales de clase mundial. Destac\u00f3 tambi\u00e9n que la Red Alumni proporciona una red de contactos con otros profesionales, con quienes pueden ejecutar proyectos dentro y fuera del pa\u00eds.<\/span><\/p>\n<p><span style=\"color: #000000;\">\u201cEn Unifranz, los estudiantes de Odontolog\u00eda pueden realizar hasta dos semestres e incluso su internado rotatorio en el extranjero. El prop\u00f3sito es que tengan una formaci\u00f3n de est\u00e1ndar internacional y ampl\u00eden su red de contactos fuera del pa\u00eds\u201d, asevera el acad\u00e9mico.<\/span><\/p>\n<p><span style=\"color: #000000;\">Encuentra m\u00e1s informaci\u00f3n de la carrera de Odontolog\u00eda en el siguiente enlace:<\/span><\/p>\n<p><a href=\"https:\/\/ux.unifranz.edu.bo\/odontologia\">https:\/\/ux.unifranz.edu.bo\/odontologia<\/a><\/p>\n<p><span style=\"color: #000000;\">Encuentra m\u00e1s informaci\u00f3n del programa de Internacionalizaci\u00f3n:<\/span><\/p>\n<p><a href=\"https:\/\/rrii.unifranz.edu.bo\/\">https:\/\/rrii.unifranz.edu.bo\/<\/a><\/p>","protected":false},"excerpt":{"rendered":"<p>La Red Alumni de la Universidad Franz Tamayo, Unifranz sede Santa Cruz, reuni\u00f3 en un encuentro a sus titulados de Odontolog\u00eda, con el compromiso de trabajar programas y proyectos que aporten a la sociedad. La directora de la carrera de Odontolog\u00eda, Daniela Antezana, indic\u00f3 que la Red Alumni es una comunidad de graduados de Unifranz. &hellip; <a href=\"https:\/\/unifranz.edu.bo\/pt\/blog\/red-alumni-reune-a-los-odontologos-unifranz-transformadores-de-la-realidad\/\">Continued<\/a><\/p>","protected":false},"author":33,"featured_media":197850,"comment_status":"open","ping_status":"open","sticky":false,"template":"","format":"standard","meta":{"_acf_changed":false,"footnotes":""},"categories":[60,2022,2424],"tags":[1270,2990,7884,1650,344,186,7882,4804],"class_list":["post-185150","post","type-post","status-publish","format-standard","has-post-thumbnail","hentry","category-blog","category-odontologia","category-red-alumni","tag-acreditacion-mercosur","tag-carrera-de-odontologia","tag-dentistas","tag-mejores-universidades-de-bolivia","tag-mercosur","tag-odontologia","tag-odontologos-unifranz","tag-profesionales-unifranz"],"acf":[],"_links":{"self":[{"href":"https:\/\/unifranz.edu.bo\/pt\/wp-json\/wp\/v2\/posts\/185150","targetHints":{"allow":["GET"]}}],"collection":[{"href":"https:\/\/unifranz.edu.bo\/pt\/wp-json\/wp\/v2\/posts"}],"about":[{"href":"https:\/\/unifranz.edu.bo\/pt\/wp-json\/wp\/v2\/types\/post"}],"author":[{"embeddable":true,"href":"https:\/\/unifranz.edu.bo\/pt\/wp-json\/wp\/v2\/users\/33"}],"replies":[{"embeddable":true,"href":"https:\/\/unifranz.edu.bo\/pt\/wp-json\/wp\/v2\/comments?post=185150"}],"version-history":[{"count":3,"href":"https:\/\/unifranz.edu.bo\/pt\/wp-json\/wp\/v2\/posts\/185150\/revisions"}],"predecessor-version":[{"id":197847,"href":"https:\/\/unifranz.edu.bo\/pt\/wp-json\/wp\/v2\/posts\/185150\/revisions\/197847"}],"wp:featuredmedia":[{"embeddable":true,"href":"https:\/\/unifranz.edu.bo\/pt\/wp-json\/wp\/v2\/media\/197850"}],"wp:attachment":[{"href":"https:\/\/unifranz.edu.bo\/pt\/wp-json\/wp\/v2\/media?parent=185150"}],"wp:term":[{"taxonomy":"category","embeddable":true,"href":"https:\/\/unifranz.edu.bo\/pt\/wp-json\/wp\/v2\/categories?post=185150"},{"taxonomy":"post_tag","embeddable":true,"href":"https:\/\/unifranz.edu.bo\/pt\/wp-json\/wp\/v2\/tags?post=185150"}],"curies":[{"name":"wp","href":"https:\/\/api.w.org\/{rel}","templated":true}]}}