{"id":183869,"date":"2024-03-22T13:00:36","date_gmt":"2024-03-22T17:00:36","guid":{"rendered":"https:\/\/unifranz.edu.bo\/?p=183869"},"modified":"2024-03-22T13:00:36","modified_gmt":"2024-03-22T17:00:36","slug":"san-carlos-inspira-a-futuros-arquitectos-unifranz-a-disenar-proyectos-de-impacto","status":"publish","type":"post","link":"https:\/\/unifranz.edu.bo\/pt\/blog\/san-carlos-inspira-a-futuros-arquitectos-unifranz-a-disenar-proyectos-de-impacto\/","title":{"rendered":"San Carlos inspira a futuros arquitectos Unifranz a dise\u00f1ar proyectos de impacto"},"content":{"rendered":"<p><span style=\"color: #000000;\">Estudiantes de la carrera de Arquitectura de la Universidad Franz Tamayo, Unifranz, presentaron proyectos integradores a la Alcald\u00eda de San Carlos. Luego de ejecutar estudios territoriales y sociales, los futuros profesionales identificaron cu\u00e1les son las obras que m\u00e1s demanda este municipio cruce\u00f1o.<\/span><\/p>\n<p><span style=\"color: #000000;\">Los universitarios de quinto semestre dise\u00f1aron terminales de buses y una propuesta para la carretera San Carlos-Santa<\/span> <span style=\"color: #000000;\">Cruz. Los de sexto semestre plantearon la remodelaci\u00f3n y ampliaci\u00f3n de la Iglesia del Divino Ni\u00f1o. Los de s\u00e9ptimo semestre propusieron modelos de plantas procesadoras de frutas. Y los de octavo semestre presentaron el proyecto del Centro Educativo de Santa Fe.<\/span><\/p>\n<p><span style=\"color: #000000;\">\u201cDesde el lado acad\u00e9mico es importante que los estudiantes cuenten con escenarios reales de trabajo para poner en pr\u00e1ctica el conocimiento que adquieren en las aulas y tambi\u00e9n es una oportunidad para las autoridades municipales de San Carlos, quienes podr\u00e1n concretar varios proyectos y considerar a la universidad como un brazo t\u00e9cnico para acompa\u00f1ar su desarrollo\u201d, se\u00f1ala el director de la carrera de Arquitectura de Unifranz, Gabriel Garc\u00eda.<\/span><\/p>\n<p><span style=\"color: #000000;\">Con su innovador modelo educativo y a trav\u00e9s de sus proyectos integradores y multidisciplinarios, Unifranz detecta diferentes problem\u00e1ticas sociales y delega a sus estudiantes \u2014guiados por docentes expertos en el tema\u2014 a encontrar soluciones. El objetivo es que los futuros profesionales empiecen a trabajar con un enfoque que aporte a la sociedad.<\/span><\/p>\n<p><span style=\"color: #000000;\">Los proyectos integradores son propuestas generadas por estudiantes de Unifranz dise\u00f1adas para dar soluci\u00f3n a problem\u00e1ticas sociales. Estos trabajos son supervisados y guiados por un docente experto desde la etapa inicial hasta la presentaci\u00f3n final.<\/span><\/p>\n<p><img loading=\"lazy\" decoding=\"async\" class=\"alignnone wp-image-183871 size-large\" src=\"https:\/\/unifranz.edu.bo\/wp-content\/uploads\/2024\/03\/20230311_123037-1024x576.jpg\" alt=\"\" width=\"1024\" height=\"576\" srcset=\"https:\/\/unifranz.edu.bo\/wp-content\/uploads\/2024\/03\/20230311_123037-1024x576.jpg 1024w, https:\/\/unifranz.edu.bo\/wp-content\/uploads\/2024\/03\/20230311_123037-300x169.jpg 300w, https:\/\/unifranz.edu.bo\/wp-content\/uploads\/2024\/03\/20230311_123037-768x432.jpg 768w, https:\/\/unifranz.edu.bo\/wp-content\/uploads\/2024\/03\/20230311_123037-1536x864.jpg 1536w, https:\/\/unifranz.edu.bo\/wp-content\/uploads\/2024\/03\/20230311_123037-2048x1152.jpg 2048w, https:\/\/unifranz.edu.bo\/wp-content\/uploads\/2024\/03\/20230311_123037-18x10.jpg 18w\" sizes=\"auto, (max-width: 1024px) 100vw, 1024px\" \/><\/p>\n<p><span style=\"color: #000000;\">\u201cEl proyecto de estaci\u00f3n de buses fue elaborado pensando en las necesidades tanto de los viajeros como de las personas que trabajar\u00e1n en el lugar. Incorporamos el dise\u00f1o de guarder\u00eda, ba\u00f1os, comedores y amplios parqueos. Con esta propuesta aplicamos el conocimiento que hemos ido adquiriendo a lo largo de los semestres en la universidad\u201d, afirma Alejandra Salazar, estudiante de quinto semestre de la carrera de Arquitectura.<\/span><\/p>\n<p><span style=\"color: #000000;\">Salazar asegura que la realizaci\u00f3n de este proyecto le permiti\u00f3 conocer el municipio, entender a sus habitantes y autoridades, pensar en obras que los ayuden a progresar y fortalecer su formaci\u00f3n profesional.<\/span><\/p>\n<p><span style=\"color: #000000;\">Por su parte, Himmel Koch, quien cursa el octavo semestre de la carrera, encontr\u00f3 el prop\u00f3sito de su profesi\u00f3n al crear propuestas innovadoras que son presentadas a autoridades y que tienen el objetivo de mejorar la calidad de vida de los habitantes de San Carlos.<\/span><\/p>\n<p><span style=\"color: #000000;\">\u201cElaborar proyectos integradores nos permite ser conscientes del trabajo que se realiza en el mundo laboral real. Lo que m\u00e1s me gusta de ser parte de estas actividades es que contribuimos con nuestros conocimientos al desarrollo y crecimiento del municipio, aqu\u00ed nos damos cuenta que, desde nuestro oficio, podemos ayudar a muchas personas\u201d, destaca Koch.<\/span><\/p>\n<p><img loading=\"lazy\" decoding=\"async\" class=\"alignnone wp-image-183870 size-large\" src=\"https:\/\/unifranz.edu.bo\/wp-content\/uploads\/2024\/03\/20230311_113919-1024x576.jpg\" alt=\"\" width=\"1024\" height=\"576\" srcset=\"https:\/\/unifranz.edu.bo\/wp-content\/uploads\/2024\/03\/20230311_113919-1024x576.jpg 1024w, https:\/\/unifranz.edu.bo\/wp-content\/uploads\/2024\/03\/20230311_113919-300x169.jpg 300w, https:\/\/unifranz.edu.bo\/wp-content\/uploads\/2024\/03\/20230311_113919-768x432.jpg 768w, https:\/\/unifranz.edu.bo\/wp-content\/uploads\/2024\/03\/20230311_113919-1536x864.jpg 1536w, https:\/\/unifranz.edu.bo\/wp-content\/uploads\/2024\/03\/20230311_113919-2048x1152.jpg 2048w, https:\/\/unifranz.edu.bo\/wp-content\/uploads\/2024\/03\/20230311_113919-18x10.jpg 18w\" sizes=\"auto, (max-width: 1024px) 100vw, 1024px\" \/><\/p>\n<p><span style=\"color: #000000;\"><strong>De las aulas al poder gubernamental<\/strong><\/span><\/p>\n<p><span style=\"color: #000000;\">El alcalde del municipio de San Carlos, \u00d3scar Cinko Yapu, agradece a los estudiantes, docentes y administrativos de Unifranz por promover proyectos de impacto social y trabajar en una educaci\u00f3n superior innovadora y sin fronteras.<\/span><\/p>\n<p><span style=\"color: #000000;\">\u201cEstos proyectos son de mucha ayuda para iniciar la b\u00fasqueda de financiamientos que puedan hacer realidad estas propuestas y beneficiar a nuestra poblaci\u00f3n. Felicito a la Universidad Franz Tamayo por formar profesionales comprometidos con la sociedad, que trasladan todo lo que aprenden en el aula a proyectos que cruzan los l\u00edmites de Santa Cruz y el pa\u00eds\u201d, se\u00f1ala la autoridad edil.<\/span><\/p>\n<p><span style=\"color: #000000;\">Los profesionales en Arquitectura Unifranz son capaces de crear soluciones arquitect\u00f3nicas y urban\u00edsticas de manera cr\u00edtica, innovadora y creativa que contribuyan al desarrollo econ\u00f3mico y social del pa\u00eds, siempre en apego a la \u00e9tica, la est\u00e9tica, lo medioambiental y cultural.<\/span><\/p>\n<p><span style=\"color: #000000;\">Conoce m\u00e1s de la carrera de Arquitectura en el siguiente enlace:<\/span> <a href=\"https:\/\/ux.unifranz.edu.bo\/arquitectura\">https:\/\/ux.unifranz.edu.bo\/arquitectura<\/a><\/p>","protected":false},"excerpt":{"rendered":"<p>Estudiantes de la carrera de Arquitectura de la Universidad Franz Tamayo, Unifranz, presentaron proyectos integradores a la Alcald\u00eda de San Carlos. Luego de ejecutar estudios territoriales y sociales, los futuros profesionales identificaron cu\u00e1les son las obras que m\u00e1s demanda este municipio cruce\u00f1o. Los universitarios de quinto semestre dise\u00f1aron terminales de buses y una propuesta para &hellip; <a href=\"https:\/\/unifranz.edu.bo\/pt\/blog\/san-carlos-inspira-a-futuros-arquitectos-unifranz-a-disenar-proyectos-de-impacto\/\">Continued<\/a><\/p>","protected":false},"author":33,"featured_media":183872,"comment_status":"open","ping_status":"open","sticky":false,"template":"","format":"standard","meta":{"_acf_changed":false,"footnotes":""},"categories":[2576,1884,60,2858,274,1782],"tags":[7982,7984,428,7972,210,1650,7980,3760],"class_list":["post-183869","post","type-post","status-publish","format-standard","has-post-thumbnail","hentry","category-unifranz-santa-cruz","category-arquitectura","category-blog","category-innovacion-en-educacion","category-santa-cruz","category-unifranz","tag-alcaldias-crucenas","tag-arquitectos-unifranz","tag-arquitectura","tag-impacto-social","tag-innovacion","tag-mejores-universidades-de-bolivia","tag-proyectos-integradores-unifranz","tag-san-carlos"],"acf":[],"_links":{"self":[{"href":"https:\/\/unifranz.edu.bo\/pt\/wp-json\/wp\/v2\/posts\/183869","targetHints":{"allow":["GET"]}}],"collection":[{"href":"https:\/\/unifranz.edu.bo\/pt\/wp-json\/wp\/v2\/posts"}],"about":[{"href":"https:\/\/unifranz.edu.bo\/pt\/wp-json\/wp\/v2\/types\/post"}],"author":[{"embeddable":true,"href":"https:\/\/unifranz.edu.bo\/pt\/wp-json\/wp\/v2\/users\/33"}],"replies":[{"embeddable":true,"href":"https:\/\/unifranz.edu.bo\/pt\/wp-json\/wp\/v2\/comments?post=183869"}],"version-history":[{"count":1,"href":"https:\/\/unifranz.edu.bo\/pt\/wp-json\/wp\/v2\/posts\/183869\/revisions"}],"predecessor-version":[{"id":183873,"href":"https:\/\/unifranz.edu.bo\/pt\/wp-json\/wp\/v2\/posts\/183869\/revisions\/183873"}],"wp:featuredmedia":[{"embeddable":true,"href":"https:\/\/unifranz.edu.bo\/pt\/wp-json\/wp\/v2\/media\/183872"}],"wp:attachment":[{"href":"https:\/\/unifranz.edu.bo\/pt\/wp-json\/wp\/v2\/media?parent=183869"}],"wp:term":[{"taxonomy":"category","embeddable":true,"href":"https:\/\/unifranz.edu.bo\/pt\/wp-json\/wp\/v2\/categories?post=183869"},{"taxonomy":"post_tag","embeddable":true,"href":"https:\/\/unifranz.edu.bo\/pt\/wp-json\/wp\/v2\/tags?post=183869"}],"curies":[{"name":"wp","href":"https:\/\/api.w.org\/{rel}","templated":true}]}}