{"id":183077,"date":"2024-03-19T15:04:52","date_gmt":"2024-03-19T19:04:52","guid":{"rendered":"https:\/\/unifranz.edu.bo\/?p=183077"},"modified":"2024-03-20T11:19:03","modified_gmt":"2024-03-20T15:19:03","slug":"unifranz-la-paz-celebro-la-excelencia-docente","status":"publish","type":"post","link":"https:\/\/unifranz.edu.bo\/pt\/noticias\/unifranz-la-paz-celebro-la-excelencia-docente\/","title":{"rendered":"Unifranz La Paz celebr\u00f3 la excelencia docente con los International Educators Awards"},"content":{"rendered":"<p><span style=\"color: #000000;\">La Universidad Privada Franz Tamayo vivi\u00f3 una noche de gala en el auditorio del campus La Paz, donde se llev\u00f3 a cabo la primera edici\u00f3n de los Unifranz International Educators Awards. En esta ceremonia, se reconoci\u00f3 el desempe\u00f1o de 17 docentes, quienes fueron galardonados por su compromiso y contribuci\u00f3n en los procesos de internacionalizaci\u00f3n de la educaci\u00f3n.<\/span><\/p>\n<p><span style=\"color: #000000;\">El acto cont\u00f3 con la presencia de autoridades acad\u00e9micas, destacados integrantes de la comunidad educativa y representantes de instituciones asociadas, y qued\u00f3 como testimonio del firme compromiso de Unifranz La Paz con la promoci\u00f3n de la excelencia acad\u00e9mica y la apertura internacional en el \u00e1mbito educativo.<\/span><\/p>\n<p><span style=\"color: #000000;\">Un detalle no menor es que dentro del ciclo nacional de premiaciones, Unifranz La Paz qued\u00f3 como la \u00fanica sede de la universidad donde se entregaron premios por las cuatro categor\u00edas de la distinci\u00f3n, incluido el Distinguished Global Educator, por las Aulas COIL (Collaborative Online International Learning) implementadas por dos docentes.<\/span><br \/>\n<span style=\"color: #000000;\">\u00abNuestra universidad se enorgullece de haber sido premiada en todas las categor\u00edas de los International Educators Awards, lo que demuestra nuestro compromiso y liderazgo en el \u00e1mbito de la internacionalizaci\u00f3n educativa\u00bb, declar\u00f3 N\u00e9stor Valent\u00edn Rocha Saravia, uno de los docentes premiados por las Aulas COIL en Unifranz La Paz.<\/span><\/p>\n<p><span style=\"color: #000000;\">\u00abEste reconocimiento es un testimonio del valor de la colaboraci\u00f3n internacional en el \u00e1mbito educativo y refleja nuestro compromiso de brindar a nuestros estudiantes una educaci\u00f3n de clase mundial\u00bb, agreg\u00f3 Rocha, a quien se sum\u00f3 Tatiana Lena Aguilar como galardonada en la categor\u00eda Distinguished Global Educator.<\/span><\/p>\n<p><span style=\"color: #000000;\">La sede La Paz tambi\u00e9n recibi\u00f3 los galardones International Educator, Master Educator y Education Bridge Builder, por la diversidad y la calidad de las iniciativas pedag\u00f3gicas internacionales llevadas a cabo por los docentes de la universidad.<\/span><br \/>\n<span style=\"color: #000000;\">La decana acad\u00e9mica de Unifranz La Paz, Eva Foronda, destac\u00f3 el impacto positivo de las actividades de internacionalizaci\u00f3n en el crecimiento y la excelencia acad\u00e9mica de la universidad.<\/span><\/p>\n<p><span style=\"color: #000000;\">\u201cDurante el a\u00f1o pasado hemos llevado a cabo un programa integral de internacionalizaci\u00f3n que ha brindado a nuestros docentes la oportunidad de participar en una variedad de actividades, incluyendo Clases Espejo, Aulas COIL y Masterclass. Estas experiencias no s\u00f3lo han enriquecido sus propias pr\u00e1cticas docentes, sino que tambi\u00e9n han contribuido al desarrollo profesional y personal de nuestros estudiantes\u00bb, afirm\u00f3 Foronda.<\/span><br \/>\n<span style=\"color: #000000;\">Los International Educators Awards son un hito en el camino hacia la excelencia acad\u00e9mica y la apertura internacional de la universidad. Este evento no s\u00f3lo reconoce el trabajo sobresaliente de sus docentes, sino que tambi\u00e9n reafirma el compromiso de la casa de estudios superiores con la promoci\u00f3n de una educaci\u00f3n de calidad y alcance global.<\/span><\/p>\n<p><span style=\"color: #000000;\">Si deseas postular al programa de Internacionalizaci\u00f3n de Unifranz y ser un profesional sin fronteras, solicita m\u00e1s informaci\u00f3n en el siguiente enlace: <a href=\"https:\/\/rrii.unifranz.edu.bo\/\">https:\/\/rrii.unifranz.edu.bo\/<\/a><\/span><\/p>\n<p><img loading=\"lazy\" decoding=\"async\" class=\"alignnone size-large wp-image-183107\" src=\"https:\/\/unifranz.edu.bo\/wp-content\/uploads\/2024\/03\/23-1-1024x616.png\" alt=\"\" width=\"1024\" height=\"616\" srcset=\"https:\/\/unifranz.edu.bo\/wp-content\/uploads\/2024\/03\/23-1-1024x616.png 1024w, https:\/\/unifranz.edu.bo\/wp-content\/uploads\/2024\/03\/23-1-300x180.png 300w, https:\/\/unifranz.edu.bo\/wp-content\/uploads\/2024\/03\/23-1-768x462.png 768w, https:\/\/unifranz.edu.bo\/wp-content\/uploads\/2024\/03\/23-1-1536x923.png 1536w, https:\/\/unifranz.edu.bo\/wp-content\/uploads\/2024\/03\/23-1-2048x1231.png 2048w, https:\/\/unifranz.edu.bo\/wp-content\/uploads\/2024\/03\/23-1-18x12.png 18w\" sizes=\"auto, (max-width: 1024px) 100vw, 1024px\" \/><\/p>","protected":false},"excerpt":{"rendered":"<p>La Universidad Privada Franz Tamayo vivi\u00f3 una noche de gala en el auditorio del campus La Paz, donde se llev\u00f3 a cabo la primera edici\u00f3n de los Unifranz International Educators Awards. En esta ceremonia, se reconoci\u00f3 el desempe\u00f1o de 17 docentes, quienes fueron galardonados por su compromiso y contribuci\u00f3n en los procesos de internacionalizaci\u00f3n de &hellip; <a href=\"https:\/\/unifranz.edu.bo\/pt\/noticias\/unifranz-la-paz-celebro-la-excelencia-docente\/\">Continued<\/a><\/p>","protected":false},"author":27,"featured_media":183100,"comment_status":"open","ping_status":"open","sticky":false,"template":"","format":"standard","meta":{"_acf_changed":false,"footnotes":""},"categories":[60,35,2566,1862,1708,2858,1608,29,1686,2506,3378,1782,4234,7850],"tags":[53,1422,41,1650,242],"class_list":["post-183077","post","type-post","status-publish","format-standard","has-post-thumbnail","hentry","category-blog","category-carreras","category-docente","category-educacion","category-innovacion","category-innovacion-en-educacion","category-internacionalizacion","category-noticias","category-tecnologia","category-trabajo","category-transformacion-en-educacion","category-unifranz","category-unifranz-30-anos","category-unifranz-international-educators-awards","tag-educacion","tag-innovacion-en-educacion","tag-la-paz","tag-mejores-universidades-de-bolivia","tag-unifranz"],"acf":[],"_links":{"self":[{"href":"https:\/\/unifranz.edu.bo\/pt\/wp-json\/wp\/v2\/posts\/183077","targetHints":{"allow":["GET"]}}],"collection":[{"href":"https:\/\/unifranz.edu.bo\/pt\/wp-json\/wp\/v2\/posts"}],"about":[{"href":"https:\/\/unifranz.edu.bo\/pt\/wp-json\/wp\/v2\/types\/post"}],"author":[{"embeddable":true,"href":"https:\/\/unifranz.edu.bo\/pt\/wp-json\/wp\/v2\/users\/27"}],"replies":[{"embeddable":true,"href":"https:\/\/unifranz.edu.bo\/pt\/wp-json\/wp\/v2\/comments?post=183077"}],"version-history":[{"count":2,"href":"https:\/\/unifranz.edu.bo\/pt\/wp-json\/wp\/v2\/posts\/183077\/revisions"}],"predecessor-version":[{"id":183779,"href":"https:\/\/unifranz.edu.bo\/pt\/wp-json\/wp\/v2\/posts\/183077\/revisions\/183779"}],"wp:featuredmedia":[{"embeddable":true,"href":"https:\/\/unifranz.edu.bo\/pt\/wp-json\/wp\/v2\/media\/183100"}],"wp:attachment":[{"href":"https:\/\/unifranz.edu.bo\/pt\/wp-json\/wp\/v2\/media?parent=183077"}],"wp:term":[{"taxonomy":"category","embeddable":true,"href":"https:\/\/unifranz.edu.bo\/pt\/wp-json\/wp\/v2\/categories?post=183077"},{"taxonomy":"post_tag","embeddable":true,"href":"https:\/\/unifranz.edu.bo\/pt\/wp-json\/wp\/v2\/tags?post=183077"}],"curies":[{"name":"wp","href":"https:\/\/api.w.org\/{rel}","templated":true}]}}