{"id":182513,"date":"2024-03-18T20:49:37","date_gmt":"2024-03-19T00:49:37","guid":{"rendered":"https:\/\/unifranz.edu.bo\/?p=182513"},"modified":"2024-03-18T20:59:55","modified_gmt":"2024-03-19T00:59:55","slug":"cuales-son-los-seis-destinos-turisticos-imperdibles-en-bolivia","status":"publish","type":"post","link":"https:\/\/unifranz.edu.bo\/pt\/carreras\/cuales-son-los-seis-destinos-turisticos-imperdibles-en-bolivia\/","title":{"rendered":"\u00bfCu\u00e1les son los seis destinos tur\u00edsticos imperdibles en Bolivia?"},"content":{"rendered":"<p><span style=\"font-weight: 400; color: #000000;\">Desde la cordillera y el altiplano hasta los llanos y la amazon\u00eda, Bolivia est\u00e1 llena de espectaculares vistas, tesoros arqueol\u00f3gicos y una cultura milenaria que atrae a miles de turistas extranjeros y nacionales.<\/span><\/p>\n<p><span style=\"font-weight: 400; color: #000000;\">Para\u00a0 Javier Rivera, director de la carrera de Administraci\u00f3n de Hoteler\u00eda y Turismo de la Universidad Franz Tamayo, Unifranz, Bolivia cuenta con un potencial tur\u00edstico inigualable y \u00fanico en el mundo.<\/span><\/p>\n<p><span style=\"font-weight: 400; color: #000000;\">\u201cIndependientemente del tipo de turista, usualmente las personas que llegan a Bolivia lo hacen buscando dos tipos de experiencias. Por un lado, la belleza natural de sitios que no van a poder encontrar en otras partes del mundo, como el Salar de Uyuni o el Madidi y, por otra parte, buscan el turismo cultural. En este sentido, intentan conectar con las culturas locales, aprender de ellas, ver sus procesos de producci\u00f3n, ver todo el conocimiento adquirido a trav\u00e9s de generaciones y eso se ve a trav\u00e9s de su cultura. Todo aquello que es resaltante como la belleza del salar, la exuberancia del Madidi o la experiencia de vivir en una ciudad de altura como La Paz son los detonantes que llaman la atenci\u00f3n del que se anima visitar Bolivia\u201d, dice el experto.<\/span><\/p>\n<p><span style=\"font-weight: 400; color: #000000;\">Por su parte, Enrique Saravia, presidente de la Asociaci\u00f3n Boliviana de Turismo Receptivo indica que es una prioridad para el pa\u00eds promocionar nuestros principales destinos en los mercados internacionales con el objetivo de atraer a turistas internacionales y generar un mayor ingreso de divisas al pa\u00eds.<\/span><\/p>\n<p><span style=\"font-weight: 400; color: #000000;\">\u201cTenemos que elaborar pol\u00edticas de promoci\u00f3n conjuntas y atraer a turistas que vengan y vuelvan a Bolivia\u201d, agrega.<\/span><\/p>\n<p><span style=\"color: #000000;\"><b>Los destinos imperdibles<\/b><\/span><\/p>\n<p><span style=\"font-weight: 400; color: #000000;\">Saravia indica que existe una infinidad de destinos tur\u00edsticos en el pa\u00eds, los cuales se acomodan a diferentes tipos de turistas, pero, en su opini\u00f3n, seis destacan por sobre el resto.<\/span><\/p>\n<p>&nbsp;<\/p>\n<ul>\n<li aria-level=\"1\"><span style=\"color: #000000;\"><b>Salar de Uyuni y las lagunas de colores<\/b><\/span><\/li>\n<\/ul>\n<p>&nbsp;<\/p>\n<p><span style=\"font-weight: 400; color: #000000;\">\u201cComenzando el viaje, el Salar de Uyuni, uno de nuestros destinos estrella se sit\u00faa en lo m\u00e1s alto de la lista, con su paisaje de otro planeta, las noches estrelladas, los paseos por el desierto de sal y sus hermosos hoteles\u201d, indica.<\/span><\/p>\n<p><span style=\"font-weight: 400; color: #000000;\">El Salar de Uyuni es el desierto de sal m\u00e1s alto y grande del mundo. Su extensi\u00f3n es de aproximadamente 12.000 km2. Adem\u00e1s, es la mayor reserva mundial de litio del continente.<\/span><\/p>\n<p><span style=\"font-weight: 400; color: #000000;\">En \u00e9poca de lluvias, el agua queda en la superficie del Salar y produce un reflejo como el de un espejo. Muchos turistas lo visitan\u00a0s\u00f3lo para apreciar ese paisaje ya que\u00a0el horizonte se pierde en el reflejo, el cielo se confunde con \u00e9l y parecer\u00eda flotar en las nubes.\u00a0<\/span><\/p>\n<p><span style=\"font-weight: 400; color: #000000;\">El \u00abefecto espejo\u00bb del salar permite crear videos de 360\u00b0 y unas fotograf\u00edas incre\u00edbles. Adem\u00e1s de la sensaci\u00f3n de estar realmente flotando entre el cielo y la tierra. Durante la \u00e9poca seca, la magnificencia del paisaje es ideal para las fotos en perspectiva.<\/span><\/p>\n<p><span style=\"font-weight: 400; color: #000000;\">Por su parte, las lagunas de colores, llamadas as\u00ed por las distintas tonalidades que presentan, debido al contenido de minerales que poseen ofrece paisajes impresionantes y una gran cantidad de fauna aut\u00f3ctona de aves que las visitan.<\/span><\/p>\n<p><span style=\"color: #000000;\"><b>El fuerte de Samaipata<\/b><\/span><\/p>\n<p><span style=\"font-weight: 400; color: #000000;\">Con su clima c\u00e1lido y su gente hospitalaria, Samaipata se ha ganado el coraz\u00f3n de los turistas internacionales que llegan cada a\u00f1o al municipio ubicado en el departamento de Santa Cruz a visitar su m\u00e1s grande atractivo, \u201cEl Fuerte\u201d una roca tallada de hace m\u00e1s de 2 mil a\u00f1os, declarada por la Unesco como Patrimonio Cultural de la Humanidad.\u00a0<\/span><\/p>\n<p><span style=\"font-weight: 400; color: #000000;\">Samaipata es, adem\u00e1s, un sitio de encuentro de muchas culturas donde se festeja el Lucero del Alba, que para la cultura Guaran\u00ed significa el inicio de un nuevo amanecer renovando las esperanzas y la luz que los encamina a la \u201ctierra sin mal\u201d.<\/span><\/p>\n<p><span style=\"font-weight: 400; color: #000000;\">Saravia se\u00f1ala que este destino es un gran refugio natural para las personas que busquen alejarse del bullicio de la ciudad.<\/span><\/p>\n<p>&nbsp;<\/p>\n<p>&nbsp;<\/p>\n<figure id=\"attachment_182515\" aria-describedby=\"caption-attachment-182515\" style=\"width: 906px\" class=\"wp-caption alignnone\"><img loading=\"lazy\" decoding=\"async\" class=\"wp-image-182515\" src=\"https:\/\/unifranz.edu.bo\/wp-content\/uploads\/2024\/03\/FUERTE-SAMAIPATA2-300x200.jpeg\" alt=\"\" width=\"906\" height=\"604\" srcset=\"https:\/\/unifranz.edu.bo\/wp-content\/uploads\/2024\/03\/FUERTE-SAMAIPATA2-300x200.jpeg 300w, https:\/\/unifranz.edu.bo\/wp-content\/uploads\/2024\/03\/FUERTE-SAMAIPATA2-1024x683.jpeg 1024w, https:\/\/unifranz.edu.bo\/wp-content\/uploads\/2024\/03\/FUERTE-SAMAIPATA2-768x512.jpeg 768w, https:\/\/unifranz.edu.bo\/wp-content\/uploads\/2024\/03\/FUERTE-SAMAIPATA2-1536x1024.jpeg 1536w, https:\/\/unifranz.edu.bo\/wp-content\/uploads\/2024\/03\/FUERTE-SAMAIPATA2-2048x1365.jpeg 2048w, https:\/\/unifranz.edu.bo\/wp-content\/uploads\/2024\/03\/FUERTE-SAMAIPATA2-18x12.jpeg 18w\" sizes=\"auto, (max-width: 906px) 100vw, 906px\" \/><figcaption id=\"caption-attachment-182515\" class=\"wp-caption-text\"><em><span style=\"color: #000000;\">Samaipata se ha ganado el coraz\u00f3n de los turistas\u00a0 que llegan cada a\u00f1o al municipio ubicado en el departamento de Santa Cruz.<\/span><\/em><\/figcaption><\/figure>\n<p>&nbsp;<\/p>\n<p><span style=\"color: #000000;\"><b>La cordillera Real\u00a0<\/b><\/span><\/p>\n<p><span style=\"font-weight: 400; color: #000000;\">\u201cLas monta\u00f1as nevadas de la cordillera Real ofrecen a los turistas, no solo vistas espectaculares, sino tambi\u00e9n la oportunidad \u00fanica de escalar algunas de las cumbres m\u00e1s hermosas de los Andes\u201d, expresa el presidente de Abatur.<\/span><\/p>\n<p><span style=\"font-weight: 400; color: #000000;\">La cordillera Real, ubicada en el departamento de La Paz, se alza como una barrera natural entre los andes y la amazon\u00eda, un lugar lleno de magia y cultura, desde sus estribaciones transcurre el agua que alimenta los bosques amaz\u00f3nicos y el altiplano.<\/span><\/p>\n<p><span style=\"font-weight: 400; color: #000000;\">Con nevados de alturas que fluct\u00faan entre 5.500 metros y 6.500 metros sobre el nivel del mar, conforman una cadena monta\u00f1osa de 600 nevados que se suceden en una longitud aproximada de 200 kil\u00f3metros. Dividen el altiplano a 4.000 metros de altura y la regi\u00f3n amaz\u00f3nica a 500 metros.<\/span><\/p>\n<p><span style=\"font-weight: 400; color: #000000;\">Las distintas cumbres de la cordillera desaf\u00edan la pr\u00e1ctica del Andinismo, brindando la oportunidad de realizar en ellas escalada en roca y hielo, ascensiones, caminatas por caminos prehisp\u00e1nicos, esqu\u00ed de traves\u00eda, esqu\u00ed alpino (5.100 a 5.300 mts.), trekking y bicicleta de monta\u00f1a (Zongo), adem\u00e1s de experimentar sensaciones de profunda paz y serenidad al admirar las aguas de sus lagunas con escenarios y paisajes realmente fascinantes.<\/span><\/p>\n<p><span style=\"color: #000000;\"><b>El camino del Takesi<\/b><\/span><\/p>\n<p><span style=\"font-weight: 400; color: #000000;\">Este camino precolombino, que comienza en las faldas de la cordillera y llega hasta la localidad de Yanacachi en los Yungas de La Paz forma parte del camino del inca o Qhapac \u00d1an, una red de senderos que se extiende desde Ecuador en el norte hasta Argentina y Chile, en el sur.<\/span><\/p>\n<p><span style=\"font-weight: 400; color: #000000;\">\u201cA trav\u00e9s de este camino se puede ver el cambio de microclimas desde el altiplano, pasando por la cordillera hasta los valles yungue\u00f1os, en una experiencia de trekking llena de hermosos paisajes y cultura, ya que las piedras por las cuales se camina llevan cientos de a\u00f1os ah\u00ed, puestas por las culturas que nos precedieron\u201d, agrega Saravia.<\/span><\/p>\n<p><span style=\"color: #000000;\"><b>El Madidi y la amazon\u00eda<\/b><\/span><\/p>\n<p><span style=\"font-weight: 400; color: #000000;\">El Madidi es la reserva natural y \u00e1rea protegida m\u00e1s rica del mundo, que se expresa en la diversidad de ecosistemas y de especies de flora y fauna. Contiene 12 grandes formaciones vegetales, el mejor ejemplo de sabanas pr\u00edstinas y los bosques montanos m\u00e1s extensos y mejor conservados de Bolivia.\u00a0<\/span><\/p>\n<p><span style=\"font-weight: 400; color: #000000;\">Hasta el momento se han identificado en el \u00e1rea 193 familias y 8.244 especies de plantas vasculares, lo que representa alrededor del 60% de la flora boliviana. De estas especies, 110 son nuevas para Bolivia y 93 end\u00e9micas. Madidi alberga asimismo una diversidad de animales, confirm\u00e1ndose la presencia de 1.466 especies de vertebrados. Se estima que, en la medida en que aumente la informaci\u00f3n cient\u00edfica sobre la regi\u00f3n, el n\u00famero de vertebrados podr\u00eda superar las 2000 especies.<\/span><\/p>\n<p><span style=\"font-weight: 400; color: #000000;\">Por otra parte, es un \u00e1rea de gran diversidad cultural, habitada por diversos grupos culturales de habla tacana:\u00a0toromonas, araonas, ixiamas, tacanas, cavinas, esse ejjas, uchupiamonas, eparamonas y pamainos. Tambi\u00e9n compartieron el territorio comunidades de origen\u00a0leco.<\/span><\/p>\n<figure id=\"attachment_182516\" aria-describedby=\"caption-attachment-182516\" style=\"width: 901px\" class=\"wp-caption aligncenter\"><img loading=\"lazy\" decoding=\"async\" class=\"wp-image-182516\" src=\"https:\/\/unifranz.edu.bo\/wp-content\/uploads\/2024\/03\/MADIDI-AMAZONIA4-300x215.jpeg\" alt=\"\" width=\"901\" height=\"646\" srcset=\"https:\/\/unifranz.edu.bo\/wp-content\/uploads\/2024\/03\/MADIDI-AMAZONIA4-300x215.jpeg 300w, https:\/\/unifranz.edu.bo\/wp-content\/uploads\/2024\/03\/MADIDI-AMAZONIA4-1024x733.jpeg 1024w, https:\/\/unifranz.edu.bo\/wp-content\/uploads\/2024\/03\/MADIDI-AMAZONIA4-1536x1099.jpeg 1536w, https:\/\/unifranz.edu.bo\/wp-content\/uploads\/2024\/03\/MADIDI-AMAZONIA4-18x12.jpeg 18w, https:\/\/unifranz.edu.bo\/wp-content\/uploads\/2024\/03\/MADIDI-AMAZONIA4.jpeg 2048w\" sizes=\"auto, (max-width: 901px) 100vw, 901px\" \/><figcaption id=\"caption-attachment-182516\" class=\"wp-caption-text\"><em><span style=\"color: #000000;\">El Madidi es la reserva natural y \u00e1rea protegida m\u00e1s rica del mundo, que se expresa en la diversidad de ecosistemas y de especies de flora y fauna.<\/span><\/em><\/figcaption><\/figure>\n<p><span style=\"color: #000000;\"><b>Toro Toro<\/b><\/span><\/p>\n<p><span style=\"font-weight: 400; color: #000000;\">Ubicado en el departamento de Potos\u00ed. El parque nacional de Toro Toro es un lugar detenido en el tiempo, marcado por las huellas que dejaron los dinosaurios que pasearon por sus tierras hace millones de a\u00f1os.\u00a0\u00a0 \u00a0<\/span><\/p>\n<p><span style=\"font-weight: 400; color: #000000;\">Su ca\u00f1\u00f3n, el Vergel, la cueva de Umajalanta y la Ciudad de Itas son otros de los atractivos que ofrece este destino, que adem\u00e1s es un punto mundial para la observaci\u00f3n de aves y el ecoturismo en el pa\u00eds.<\/span><\/p>\n<p><span style=\"color: #000000;\"><b>Otros destinos<\/b><\/span><\/p>\n<p><span style=\"font-weight: 400; color: #000000;\">\u201cTenemos un potencial enorme en el pa\u00eds, donde la cultura y la naturaleza son nuestros principales atractivos, reservas naturales, centros arqueol\u00f3gicos, ciudades llenas de cultura son nuestra oferta\u201d, explica Rolando Mendoza, miembro de la Mesa de Turismo y director de la C\u00e1mara Hotelera de La Paz.<\/span><\/p>\n<p><span style=\"font-weight: 400; color: #000000;\">Mendoza indica que cada poblaci\u00f3n, cada municipio y comunidad tiene un potencial tur\u00edstico sin par y cada d\u00eda se descubren nuevos destinos, sin embargo, el experto resalta algunos como La Chiquitan\u00eda en Santa Cruz, el valle de Los Cintis en Chuquisaca y los r\u00edos amaz\u00f3nicos en los departamentos de Beni Y Pando.<\/span><\/p>\n<p><span style=\"font-weight: 400; color: #000000;\">\u201cTenemos miles de atractivos y cada d\u00eda descubrimos muchos m\u00e1s. Lo que nos falta es trabajar en esos productos para agregarles valor, darles facilidad de acceso, condiciones de servicios, son cosas muy f\u00e1ciles que se resumen en un cambio de actitud positivo y un trabajo conjunto\u201d, expresa.<\/span><\/p>","protected":false},"excerpt":{"rendered":"<p>Desde la cordillera y el altiplano hasta los llanos y la amazon\u00eda, Bolivia est\u00e1 llena de espectaculares vistas, tesoros arqueol\u00f3gicos y una cultura milenaria que atrae a miles de turistas extranjeros y nacionales. Para\u00a0 Javier Rivera, director de la carrera de Administraci\u00f3n de Hoteler\u00eda y Turismo de la Universidad Franz Tamayo, Unifranz, Bolivia cuenta con &hellip; <a href=\"https:\/\/unifranz.edu.bo\/pt\/carreras\/cuales-son-los-seis-destinos-turisticos-imperdibles-en-bolivia\/\">Continued<\/a><\/p>","protected":false},"author":45,"featured_media":182514,"comment_status":"open","ping_status":"open","sticky":false,"template":"","format":"standard","meta":{"_acf_changed":false,"footnotes":""},"categories":[1996,60,35,1862,1658,1782],"tags":[581,266,617,3098,7910,242],"class_list":["post-182513","post","type-post","status-publish","format-standard","has-post-thumbnail","hentry","category-administracion-de-hoteleria-y-turismo","category-blog","category-carreras","category-educacion","category-turismo","category-unifranz","tag-administracion-de-hoteleria-y-turismo","tag-bolivia","tag-cultura","tag-destinos-turisticos","tag-paisaje","tag-unifranz"],"acf":[],"_links":{"self":[{"href":"https:\/\/unifranz.edu.bo\/pt\/wp-json\/wp\/v2\/posts\/182513","targetHints":{"allow":["GET"]}}],"collection":[{"href":"https:\/\/unifranz.edu.bo\/pt\/wp-json\/wp\/v2\/posts"}],"about":[{"href":"https:\/\/unifranz.edu.bo\/pt\/wp-json\/wp\/v2\/types\/post"}],"author":[{"embeddable":true,"href":"https:\/\/unifranz.edu.bo\/pt\/wp-json\/wp\/v2\/users\/45"}],"replies":[{"embeddable":true,"href":"https:\/\/unifranz.edu.bo\/pt\/wp-json\/wp\/v2\/comments?post=182513"}],"version-history":[{"count":2,"href":"https:\/\/unifranz.edu.bo\/pt\/wp-json\/wp\/v2\/posts\/182513\/revisions"}],"predecessor-version":[{"id":182518,"href":"https:\/\/unifranz.edu.bo\/pt\/wp-json\/wp\/v2\/posts\/182513\/revisions\/182518"}],"wp:featuredmedia":[{"embeddable":true,"href":"https:\/\/unifranz.edu.bo\/pt\/wp-json\/wp\/v2\/media\/182514"}],"wp:attachment":[{"href":"https:\/\/unifranz.edu.bo\/pt\/wp-json\/wp\/v2\/media?parent=182513"}],"wp:term":[{"taxonomy":"category","embeddable":true,"href":"https:\/\/unifranz.edu.bo\/pt\/wp-json\/wp\/v2\/categories?post=182513"},{"taxonomy":"post_tag","embeddable":true,"href":"https:\/\/unifranz.edu.bo\/pt\/wp-json\/wp\/v2\/tags?post=182513"}],"curies":[{"name":"wp","href":"https:\/\/api.w.org\/{rel}","templated":true}]}}