{"id":170175,"date":"2024-03-06T20:45:17","date_gmt":"2024-03-07T00:45:17","guid":{"rendered":"https:\/\/unifranz.edu.bo\/?p=170175"},"modified":"2024-04-01T14:17:30","modified_gmt":"2024-04-01T18:17:30","slug":"vencer-el-cancer-sanar-la-mente-y-conservar-nuestra-esperanza","status":"publish","type":"post","link":"https:\/\/unifranz.edu.bo\/pt\/carreras\/vencer-el-cancer-sanar-la-mente-y-conservar-nuestra-esperanza\/","title":{"rendered":"Vencer el c\u00e1ncer, sanar la mente y conservar \u201cNuestra Esperanza\u201d"},"content":{"rendered":"<p><span style=\"color: #000000;\">Por Fernando Garc\u00eda Torrez<\/span><\/p>\n<p><span style=\"font-weight: 400; color: #000000;\">Una gota tras otra pronto forma dos hilos de sangre que caen a raudales; se escurren por la nariz y llegan a la boca. El pa\u00f1uelo limpia, se empapa y se enjuga, una y otra vez. Y sin notarlo, el l\u00edquido llena un recipiente. Ana tiene 12 a\u00f1os, y en unos meses le dir\u00e1n que padece c\u00e1ncer.<\/span><\/p>\n<p><span style=\"font-weight: 400; color: #000000;\">Recuerda v\u00edvidamente a su madre, sosteni\u00e9ndole la cabeza, esforz\u00e1ndose por aliviar sus dolores, como lo hizo los siguientes cinco a\u00f1os en los que luch\u00f3 contra la leucemia, hasta sanar y seguir con su vida.<\/span><\/p>\n<p><span style=\"font-weight: 400; color: #000000;\">La de Ana Claudia Baptista Lara es una historia de supervivencia. Hoy, con 23 a\u00f1os, cada d\u00eda est\u00e1 m\u00e1s cerca de recibir el alta definitiva. Claro, debe obedecer las recomendaciones del m\u00e9dico y a\u00fan siente los efectos secundarios de la quimioterapia.<\/span><\/p>\n<p><span style=\"font-weight: 400; color: #000000;\">\u201cPor el c\u00e1ncer no s\u00f3lo se pierde el cabello o la infancia, como me toc\u00f3 a m\u00ed. Esta enfermedad te desgasta emocional y mentalmente, eso no s\u00f3lo afecta a los ni\u00f1os, tambi\u00e9n a sus familias\u201d, afirma, justo antes de empezar a explicar por qu\u00e9 estudi\u00f3 Psicolog\u00eda.<\/span><\/p>\n<p><span style=\"color: #000000;\"><b>Una casita que da esperanza<\/b><\/span><\/p>\n<p><span style=\"font-weight: 400; color: #000000;\">As\u00ed como Ana, M\u00f3nica M\u00e9ndez le declar\u00f3 la guerra al c\u00e1ncer, aunque desde otro frente. Ella dirige la Fundaci\u00f3n Nuestra Esperanza, \u201cun hogar lejos de casa para los ni\u00f1os con c\u00e1ncer\u201d.<\/span><\/p>\n<p><span style=\"font-weight: 400; color: #000000;\">Con su instituci\u00f3n da cobijo a los peque\u00f1os con distintos tipos de cuadros cancer\u00edgenos y a sus familias. La ayuda no se limita a dar techo, ya que diariamente sirve 40 comidas para los padres que llegan desde lejos, con sus hijos enfermos.<\/span><\/p>\n<p><span style=\"font-weight: 400; color: #000000;\">\u201cEn Bolivia, s\u00f3lo cuatro de los nueve departamentos tienen m\u00e9dicos onc\u00f3logos. Los pap\u00e1s con hijos con c\u00e1ncer de las otras cinco regiones sin especialistas tienen que migrar para buscar tratamiento\u201d, detalla, sin dejar de atender a quienes visitan la que se conoce como Casita Esperanza.<\/span><\/p>\n<p><span style=\"font-weight: 400; color: #000000;\">El c\u00e1ncer puso las vidas de Ana y M\u00f3nica a correr en la misma direcci\u00f3n. En los 12 a\u00f1os que la fundaci\u00f3n brinda ayuda a los ni\u00f1os enfermos y sus familiares, la directora tuvo que peregrinar para buscar ayuda y financiamiento, s\u00f3lo as\u00ed pudo mantener la casa abierta.<\/span><\/p>\n<p><span style=\"font-weight: 400; color: #000000;\">\u201cEn todo este tiempo, unas 270 familias pasaron por el albergue, eso sin contar los 12.000 almuerzos que dimos y seguimos sirviendo a los pap\u00e1s. Ahora tenemos un comedor en la misma casita\u201d, se\u00f1ala M\u00f3nica.<\/span><\/p>\n<p><iframe loading=\"lazy\" title=\"YouTube video player\" src=\"https:\/\/www.youtube.com\/embed\/i-3YHBvE0Yk?si=dZzvkbOIdEdqvdXV\" width=\"560\" height=\"315\" frameborder=\"0\" allowfullscreen=\"allowfullscreen\"><\/iframe><\/p>\n<p><span style=\"color: #000000;\"><b>La vida m\u00e1s all\u00e1 del c\u00e1ncer<\/b><\/span><\/p>\n<p><span style=\"font-weight: 400; color: #000000;\">\u00bfQu\u00e9 le espera a un ni\u00f1o que se hace joven despu\u00e9s de vencer el c\u00e1ncer? En el caso de Ana, esperar una oportunidad y aprovecharla. En el caso de M\u00f3nica, buscar que esa oportunidad se materialice.<\/span><\/p>\n<p><span style=\"font-weight: 400; color: #000000;\">\u201cTenemos un convenio muy bonito con Unifranz (Universidad Franz Tamayo), para que estos chicos puedan continuar con sus vidas, encontrar su misi\u00f3n m\u00e1s all\u00e1 del c\u00e1ncer. Con esta ayuda tenemos a una chiquita que ha salido psic\u00f3loga el a\u00f1o pasado, otra casi m\u00e9dica y otros chicos estudiando distintas carreras\u201d, apunta la directora de Nuestra Esperanza.<\/span><\/p>\n<p><span style=\"font-weight: 400; color: #000000;\">La \u201cchiquita\u201d de la que habla es Ana, quien hoy puede ofrecer la ayuda psicol\u00f3gica que en su momento no tuvo para, adem\u00e1s de sanar el cuerpo, curar la mente.<\/span><\/p>\n<p><span style=\"font-weight: 400; color: #000000;\">\u201cLa Fundaci\u00f3n Nuestra Esperanza tiene un convenio con la universidad. Gracias a Dios, me lleg\u00f3 la beca para estudiar y eleg\u00ed Psicolog\u00eda, que ya termin\u00e9. Escog\u00ed esta carrera porque tiene mucho que ver con el apoyo que debe recibir un paciente con c\u00e1ncer\u201d, justifica Ana.<\/span><\/p>\n<p><span style=\"font-weight: 400; color: #000000;\">La licenciada en Psicolog\u00eda es la segunda de cuatro hermanos. Mientras recib\u00eda tratamiento para superar la enfermedad, su madre esperaba al \u00faltimo de sus hijos. \u201cPr\u00e1cticamente mi hermanito ha crecido conmigo en el hospital\u201d, apunta quien pas\u00f3 internada todo un a\u00f1o, y otros dos entre hospitalizaciones y salidas medicadas.<\/span><\/p>\n<p><span style=\"font-weight: 400; color: #000000;\">La oportunidad de estudiar en la universidad le permiti\u00f3 proyectar su vida desde otra perspectiva. Con su familia, vive en R\u00edo Seco, por lo que eligi\u00f3 la sede de El Alto para seguir su carrera.<\/span><\/p>\n<p><span style=\"font-weight: 400; color: #000000;\">\u201cEn la universidad me sent\u00ed muy a gusto, me encant\u00f3 estudiar ah\u00ed, aunque al comenzar los estudios justo empez\u00f3 la pandemia y tuvimos muchos trabajos virtuales\u201d, recuerda sonriente, porque sabe que todo lo aprendido en la carrera hoy lo lleva a la pr\u00e1ctica, con la contenci\u00f3n que ofrece a gente que, como ella, est\u00e1 en la lucha por sobrevivir al c\u00e1ncer.<\/span><\/p>\n<p><span style=\"color: #000000;\"><b>Becas para quien las necesita<\/b><\/span><\/p>\n<p><span style=\"font-weight: 400; color: #000000;\">Como parte de su programa de responsabilidad social universitaria, el 2 de agosto de 2012, la Universidad Franz Tamayo cre\u00f3 la fundaci\u00f3n que lleva el mismo nombre, desde la que impulsa la educaci\u00f3n basada en valores con proyectos de ayuda social y fomento del talento humano.<\/span><\/p>\n<p><span style=\"font-weight: 400; color: #000000;\">A trav\u00e9s de esta instituci\u00f3n y Nuestra Esperanza, Ana result\u00f3 beneficiaria de una de las becas completas de estudios superiores en Unifranz. As\u00ed como ella, otros cinco chicos de su generaci\u00f3n pudieron ingresar a la universidad y est\u00e1n a puertas de obtener sus t\u00edtulos.<\/span><\/p>\n<p><span style=\"font-weight: 400; color: #000000;\">\u201cAhora mismo tenemos cinco sobrevivientes del c\u00e1ncer que est\u00e1n estudiando sus carreras universitarias en Unifranz, adem\u00e1s de Anita, que ya se recibi\u00f3 de psic\u00f3loga\u201d, detalla M\u00f3nica.<\/span><\/p>\n<p><span style=\"font-weight: 400; color: #000000;\">La Casita Esperanza y la Fundaci\u00f3n Unifranz comenzaron a llevar ayuda a los m\u00e1s vulnerables casi al mismo tiempo y consolidaron una alianza para trascender lo estrictamente m\u00e9dico y aportar al futuro de quienes sufrieron alg\u00fan tipo de c\u00e1ncer.<\/span><\/p>\n<p><span style=\"font-weight: 400; color: #000000;\">\u201cCon nuestro programa becamos a los chicos sobrevivientes de c\u00e1ncer en distintas carreras. Conocer historias como la de Ana para nosotros es un testimonio tan poderoso, porque tenemos la posibilidad de ofrecer formaci\u00f3n acad\u00e9mica y apoyo para el crecimiento no s\u00f3lo en el tema de salud, sino tambi\u00e9n en educaci\u00f3n\u201d, declara Mar\u00eda del Pilar Hidalgo Araoz, directora de la Fundaci\u00f3n Unifranz.<\/span><\/p>\n<p><span style=\"font-weight: 400; color: #000000;\">Desde que el programa entr\u00f3 en vigencia, 11 j\u00f3venes que pasaron por las salas de oncolog\u00eda se formaron en las cuatro sedes de Unifranz en el pa\u00eds.<\/span><\/p>\n<p><span style=\"font-weight: 400; color: #000000;\">La ruta contin\u00faa. Ana y M\u00f3nica seguir\u00e1n en tr\u00e1nsito por el sendero de la supervivencia y con su compromiso de llevar ayuda a quien lo necesite. En el camino no faltar\u00e1n instituciones como Unifranz y otros aliados que lleven a la acci\u00f3n los valores de vida, salud y educaci\u00f3n.<\/span><\/p>","protected":false},"excerpt":{"rendered":"<p>Por Fernando Garc\u00eda Torrez Una gota tras otra pronto forma dos hilos de sangre que caen a raudales; se escurren por la nariz y llegan a la boca. El pa\u00f1uelo limpia, se empapa y se enjuga, una y otra vez. Y sin notarlo, el l\u00edquido llena un recipiente. Ana tiene 12 a\u00f1os, y en unos &hellip; <a href=\"https:\/\/unifranz.edu.bo\/pt\/carreras\/vencer-el-cancer-sanar-la-mente-y-conservar-nuestra-esperanza\/\">Continued<\/a><\/p>","protected":false},"author":45,"featured_media":170217,"comment_status":"open","ping_status":"open","sticky":false,"template":"","format":"standard","meta":{"_acf_changed":false,"footnotes":""},"categories":[60,35,2566,1862,6394,1938,1782],"tags":[1016,3474,7760,236,7780,182,7778,242,7776],"class_list":["post-170175","post","type-post","status-publish","format-standard","has-post-thumbnail","hentry","category-blog","category-carreras","category-docente","category-educacion","category-educacion-superior","category-fundacion-unifranz","category-unifranz","tag-beca","tag-cancer-infantil","tag-esperanza","tag-fundacion-unifranz","tag-responsabilidad-social-universitaria","tag-rsu","tag-sanar-la-mente","tag-unifranz","tag-vencer-el-cancer"],"acf":[],"_links":{"self":[{"href":"https:\/\/unifranz.edu.bo\/pt\/wp-json\/wp\/v2\/posts\/170175","targetHints":{"allow":["GET"]}}],"collection":[{"href":"https:\/\/unifranz.edu.bo\/pt\/wp-json\/wp\/v2\/posts"}],"about":[{"href":"https:\/\/unifranz.edu.bo\/pt\/wp-json\/wp\/v2\/types\/post"}],"author":[{"embeddable":true,"href":"https:\/\/unifranz.edu.bo\/pt\/wp-json\/wp\/v2\/users\/45"}],"replies":[{"embeddable":true,"href":"https:\/\/unifranz.edu.bo\/pt\/wp-json\/wp\/v2\/comments?post=170175"}],"version-history":[{"count":6,"href":"https:\/\/unifranz.edu.bo\/pt\/wp-json\/wp\/v2\/posts\/170175\/revisions"}],"predecessor-version":[{"id":196736,"href":"https:\/\/unifranz.edu.bo\/pt\/wp-json\/wp\/v2\/posts\/170175\/revisions\/196736"}],"wp:featuredmedia":[{"embeddable":true,"href":"https:\/\/unifranz.edu.bo\/pt\/wp-json\/wp\/v2\/media\/170217"}],"wp:attachment":[{"href":"https:\/\/unifranz.edu.bo\/pt\/wp-json\/wp\/v2\/media?parent=170175"}],"wp:term":[{"taxonomy":"category","embeddable":true,"href":"https:\/\/unifranz.edu.bo\/pt\/wp-json\/wp\/v2\/categories?post=170175"},{"taxonomy":"post_tag","embeddable":true,"href":"https:\/\/unifranz.edu.bo\/pt\/wp-json\/wp\/v2\/tags?post=170175"}],"curies":[{"name":"wp","href":"https:\/\/api.w.org\/{rel}","templated":true}]}}