{"id":169532,"date":"2024-03-06T11:26:30","date_gmt":"2024-03-06T15:26:30","guid":{"rendered":"https:\/\/unifranz.edu.bo\/?p=169532"},"modified":"2024-03-06T12:39:30","modified_gmt":"2024-03-06T16:39:30","slug":"redes-sociales-ante-el-reto-de-garantizar-la-libre-expresion","status":"publish","type":"post","link":"https:\/\/unifranz.edu.bo\/pt\/carreras\/redes-sociales-ante-el-reto-de-garantizar-la-libre-expresion\/","title":{"rendered":"Redes sociales, ante el reto de garantizar la libre expresi\u00f3n"},"content":{"rendered":"<div>\n<p><span style=\"color: #000000;\">Por Lily Zurita<\/span><\/p>\n<p><span style=\"color: #000000;\">La evoluci\u00f3n de las redes sociales transform\u00f3 la forma en la que las personas se comunican y comparten informaci\u00f3n, convirti\u00e9ndola en un espacio vital para el ejercicio de la libertad de expresi\u00f3n y otros derechos.<\/span><\/p>\n<\/div>\n<div>\n<p><span style=\"color: #000000;\">Este fen\u00f3meno social, que permite a las personas de todas partes del mundo expresar libremente sus pensamientos y conectarse con audiencias diversas con facilidad, no est\u00e1 exento de desaf\u00edos legales y \u00e9ticos que plantean interrogantes sobre su alcance y limitaciones.\u00a0<\/span><\/p>\n<\/div>\n<div>\n<p><span style=\"color: #000000;\">Ronald Vargas Guti\u00e9rrez, abogado y docente de la carrera de Derecho de la Universidad Franz Tamayo, Unifranz, destaca que uno de los \u201cgrandes aportes\u201d de las redes sociales es su contribuci\u00f3n a la libertad de expresi\u00f3n, porque, hoy, voces antes marginadas encuentran un espacio para ser escuchadas.<\/span><\/p>\n<\/div>\n<div>\n<p><span style=\"color: #000000;\">\u201cLas redes sociales han tenido un notable impacto en el ejercicio de la libertad de expresi\u00f3n, debido a que constituyen un espacio de interacci\u00f3n masiva entre ciberciudadanos que trascienden las fronteras territoriales determinadas por los estados. En ese entendido, la libertad de expresi\u00f3n puede verse restringida o favorecida por el entorno material, virtual y el comportamiento de los usuarios de Internet\u201d, puntualiza.<\/span><\/p>\n<\/div>\n<div>\n<p><span style=\"color: #000000;\">En tanto, para la periodista Patricia Cusicanqui, de la Fundaci\u00f3n para el Periodismo, esta libertad no es absoluta porque es deber de las personas proteger el derecho a la honra, a la intimidad, y la presunci\u00f3n de inocencia, as\u00ed como el derecho a r\u00e9plica o a rectificaci\u00f3n.<\/span><\/p>\n<\/div>\n<div>\n<p><span style=\"color: #000000;\">\u201cEsto quiere decir que la m\u00e1xima ha de ser siempre ejercer nuestros derechos sin conculcar los derechos del resto\u201d, puntualiza la periodista.<\/span><\/p>\n<\/div>\n<div>\n<p><span style=\"color: #000000;\">El Internet y las redes sociales son un espacio m\u00e1s para la libertad de expresi\u00f3n. Por sus caracter\u00edsticas, seg\u00fan Cusicanqui, tienen mayor capacidad de difundir las ideas pese a las limitaciones econ\u00f3micas y tecnol\u00f3gicas a las que se enfrentan ciertos grupos poblacionales.<\/span><\/p>\n<\/div>\n<div>\n<p><span style=\"color: #000000;\">\u201cEs bueno que haya mayores canales para poder expresarse libremente sobre cualquier aspecto, pero siempre desde la \u00e9tica, la responsabilidad y el respeto a los derechos humanos. Esto se aplica para la ciudadan\u00eda en general y para las y los periodistas que, dicho sea de paso, han hallado en las redes sociales un excelente medio para ejercer la profesi\u00f3n\u201d, explica.<\/span><\/p>\n<\/div>\n<div><\/div>\n<div>\n<figure><img loading=\"lazy\" decoding=\"async\" src=\"https:\/\/static.eldeber.com.bo\/\/Files\/Sizes\/2024\/3\/6\/unifranz-_18462669_763x300.jpeg\" alt=\"Unifranz \" width=\"976\" height=\"549\" \/><figcaption><span style=\"color: #000000;\">Las redes sociales generan una situaci\u00f3n de igualdad entre las personas que forman parte de ellas<\/span><\/figcaption><\/figure>\n<\/div>\n<div>\n<p><span style=\"color: #000000;\"><b>Impacto positivo y negativo<\/b><\/span><\/p>\n<\/div>\n<div>\n<p><span style=\"color: #000000;\">Vargas se\u00f1ala que las RRSS tienen un impacto significativo en la sociedad. Desde el punto de vista positivo, menciona la facilidad en la creaci\u00f3n de cuentas y participaci\u00f3n en foros y espacios de debate o la posibilidad de remitir mensajes (im\u00e1genes, v\u00eddeos, m\u00fasica, texto y otros) a diferentes personas en tiempo real.<\/span><\/p>\n<\/div>\n<div>\n<p><span style=\"color: #000000;\">\u201cLas redes sociales generan una situaci\u00f3n de igualdad entre las personas que forman parte de ellas, ya que todos pueden participar con sus opiniones y apreciaciones, incluso desde el anonimato\u201d, especifica.<\/span><\/p>\n<\/div>\n<div>\n<p><span style=\"color: #000000;\">Tambi\u00e9n existen restricciones, como las limitaciones econ\u00f3micas para acceder a Internet o las restricciones impuestas por algunos gobiernos, como lo que sucede en Corea del Norte.<\/span><\/p>\n<\/div>\n<div>\n<p><span style=\"color: #000000;\">Adem\u00e1s, las normas de comportamiento en l\u00ednea pueden no ser consensuadas por todos los usuarios, lo que puede conducir a situaciones de censura y violaciones de la imagen y la dignidad de las personas.<\/span><\/p>\n<\/div>\n<div>\n<p><span style=\"color: #000000;\"><b>Desaf\u00edos legales y \u00e9ticos<\/b><\/span><\/p>\n<\/div>\n<div>\n<p><span style=\"color: #000000;\">Estas dificultades plantean desaf\u00edos legales y \u00e9ticos sobre qui\u00e9n tiene el poder de establecer normas en las redes sociales, si se necesitan nuevos l\u00edmites a la libertad de expresi\u00f3n en este entorno o si es justo que algunos estados limiten el acceso a estas plataformas y cu\u00e1les deben ser los criterios para censurar contenidos.<\/span><\/p>\n<\/div>\n<div>\n<p><span style=\"color: #000000;\">\u201cLa postura dominante arraigada en la sociedad considera que solo existe un productor de derecho, es decir el Estado, sin embargo, esta organizaci\u00f3n pol\u00edtica y jur\u00eddica encuentra sus l\u00edmites en el territorio que tiene, aspecto que no es un l\u00edmite para las redes sociales ya que las mismas trascienden fronteras\u201d, puntualiza el jurista.<\/span><\/p>\n<\/div>\n<div>\n<p><span style=\"color: #000000;\">En cuanto a la censura y regulaci\u00f3n, surge un dilema entre permitir la libre expresi\u00f3n de ideas o proteger a los usuarios de discursos de odio y contenidos da\u00f1inos. Vargas aboga por la prohibici\u00f3n de la censura previa como regla general, aunque reconoce la necesidad de establecer l\u00edmites en casos excepcionales, como la incitaci\u00f3n a la violencia o el odio.<\/span><\/p>\n<\/div>\n<div>\n<p><span style=\"color: #000000;\">Todo esto genera problemas \u00e9ticos relacionados a las redes sociales. \u00bfQui\u00e9n o qui\u00e9nes pueden elaborar las normas de conducta en las redes sociales? \u00bfSe requieren nuevos l\u00edmites a la libertad de expresi\u00f3n en las redes sociales? \u00bfEs justo que algunos Estados limiten el acceso a redes sociales a sus ciudadanos? \u00bfQu\u00e9 criterios deben seguirse para censurar los contenidos de los mensajes?<\/span><\/p>\n<\/div>\n<div>\n<p><span style=\"color: #000000;\">El abogado explica que es crucial comprender el concepto de libertad de expresi\u00f3n y sus l\u00edmites porque, seg\u00fan el marco legal internacional, este derecho puede estar sujeto a restricciones necesarias para proteger los derechos de los dem\u00e1s y mantener la seguridad nacional, el orden p\u00fablico y la moral p\u00fablica.<\/span><\/p>\n<\/div>\n<div>\n<p><span style=\"color: #000000;\">Cusicanqui, por su parte, sostiene que los individuos, como seres sociales, no pueden actuar sin \u00e9tica en el ecosistema medi\u00e1tico porque lo que dice y hace tiene impacto en el resto de la comunidad.<\/span><\/p>\n<\/div>\n<div>\n<p><span style=\"color: #000000;\">\u201cNo es \u00e9tico instrumentalizar los espacios que nos brinda la tecnolog\u00eda para diseminar el odio pol\u00edtico, religioso, racial o social, tampoco para devaluar la credibilidad de las instituciones (\u2026). A t\u00edtulo de libertad de expresi\u00f3n nadie puede ni tiene el derecho de afectar maliciosamente a terceros. Y creo que aqu\u00ed es sumamente importante trabajar en el desarrollo del pensamiento cr\u00edtico y en la autorregulaci\u00f3n\u201d, agrega.<\/span><\/p>\n<\/div>\n<div>\n<p><span style=\"color: #000000;\">En el \u00e1mbito jur\u00eddico, la libertad de expresi\u00f3n tiene l\u00edmites regulados por tratados y convenios internacionales en materia de Derechos Humanos, entre estos podemos mencionar la Convenci\u00f3n Americana de Derechos Humanos (Pacto de San Jos\u00e9) que en su art\u00edculo 13 permite censurar previamente espect\u00e1culos p\u00fablicos mediante ley para regular el acceso a ellos en resguardo de la moralidad de infantes y adolescentes. Por otro lado, establece limitantes a la propaganda, prohibiendo que la misma contenga mensajes en favor de la guerra, odio nacional, racial o religioso que inciten a la violencia o cualquier acci\u00f3n ilegal contra otras personas.<\/span><\/p>\n<\/div>\n<div>\n<p><span style=\"color: #000000;\">Otro instrumento internacional que delimita la libertad de expresi\u00f3n es el Pacto Internacional de Derechos Civiles y Pol\u00edticos, ratificado por Bolivia el 12 de agosto de 1982, que determina que el derecho a la libertad de expresi\u00f3n puede estar sujeto a restricciones necesarias para: a) asegurar el respeto a los derechos o a la reputaci\u00f3n de los dem\u00e1s y b) la protecci\u00f3n de la seguridad nacional, el orden p\u00fablico, la salud o la moral p\u00fablica.<\/span><\/p>\n<\/div>\n<div>\n<p><span style=\"color: #000000;\">Estas limitaciones se reflejan en la legislaci\u00f3n nacional, que incluye disposiciones contra la difamaci\u00f3n, el racismo y la discriminaci\u00f3n, contemplados en el C\u00f3digo Penal y otras normas vigentes.<\/span><\/p>\n<\/div>\n<div>\n<p><span style=\"color: #000000;\">Vargas afirma que es fundamental encontrar un equilibrio entre la protecci\u00f3n de la libertad de expresi\u00f3n y la regulaci\u00f3n de contenidos perjudiciales, garantizando as\u00ed un entorno en l\u00ednea seguro y democr\u00e1tico para todos los usuarios.<\/span><\/p>\n<\/div>\n<div>\n<p><span style=\"color: #000000;\">Si bien las redes sociales han ampliado el espacio para la libertad de expresi\u00f3n, su impacto en este \u00e1mbito es complejo y ambivalente. Abordar sus desaf\u00edos requiere un enfoque colaborativo que involucre a gobiernos, empresas, sociedad civil y usuarios individuales a fin de garantizar que estas plataformas sigan siendo un motor de inclusi\u00f3n y participaci\u00f3n democr\u00e1tica en la actual era digital.<\/span><\/p>\n<\/div>\n<div><\/div>\n<div><\/div>\n<div>\n<div class=\"related\"><\/div>\n<\/div>","protected":false},"excerpt":{"rendered":"<p>Por Lily Zurita La evoluci\u00f3n de las redes sociales transform\u00f3 la forma en la que las personas se comunican y comparten informaci\u00f3n, convirti\u00e9ndola en un espacio vital para el ejercicio de la libertad de expresi\u00f3n y otros derechos. Este fen\u00f3meno social, que permite a las personas de todas partes del mundo expresar libremente sus pensamientos &hellip; <a href=\"https:\/\/unifranz.edu.bo\/pt\/carreras\/redes-sociales-ante-el-reto-de-garantizar-la-libre-expresion\/\">Continued<\/a><\/p>","protected":false},"author":45,"featured_media":169534,"comment_status":"open","ping_status":"open","sticky":false,"template":"","format":"standard","meta":{"_acf_changed":false,"footnotes":""},"categories":[60,35,1886,2566,1862,1708,1782],"tags":[39,7772,681,242],"class_list":["post-169532","post","type-post","status-publish","format-standard","has-post-thumbnail","hentry","category-blog","category-carreras","category-derecho","category-docente","category-educacion","category-innovacion","category-unifranz","tag-derecho","tag-libre-expresion","tag-redes-sociales","tag-unifranz"],"acf":[],"_links":{"self":[{"href":"https:\/\/unifranz.edu.bo\/pt\/wp-json\/wp\/v2\/posts\/169532","targetHints":{"allow":["GET"]}}],"collection":[{"href":"https:\/\/unifranz.edu.bo\/pt\/wp-json\/wp\/v2\/posts"}],"about":[{"href":"https:\/\/unifranz.edu.bo\/pt\/wp-json\/wp\/v2\/types\/post"}],"author":[{"embeddable":true,"href":"https:\/\/unifranz.edu.bo\/pt\/wp-json\/wp\/v2\/users\/45"}],"replies":[{"embeddable":true,"href":"https:\/\/unifranz.edu.bo\/pt\/wp-json\/wp\/v2\/comments?post=169532"}],"version-history":[{"count":2,"href":"https:\/\/unifranz.edu.bo\/pt\/wp-json\/wp\/v2\/posts\/169532\/revisions"}],"predecessor-version":[{"id":169549,"href":"https:\/\/unifranz.edu.bo\/pt\/wp-json\/wp\/v2\/posts\/169532\/revisions\/169549"}],"wp:featuredmedia":[{"embeddable":true,"href":"https:\/\/unifranz.edu.bo\/pt\/wp-json\/wp\/v2\/media\/169534"}],"wp:attachment":[{"href":"https:\/\/unifranz.edu.bo\/pt\/wp-json\/wp\/v2\/media?parent=169532"}],"wp:term":[{"taxonomy":"category","embeddable":true,"href":"https:\/\/unifranz.edu.bo\/pt\/wp-json\/wp\/v2\/categories?post=169532"},{"taxonomy":"post_tag","embeddable":true,"href":"https:\/\/unifranz.edu.bo\/pt\/wp-json\/wp\/v2\/tags?post=169532"}],"curies":[{"name":"wp","href":"https:\/\/api.w.org\/{rel}","templated":true}]}}