{"id":166783,"date":"2024-03-01T21:58:33","date_gmt":"2024-03-02T01:58:33","guid":{"rendered":"https:\/\/unifranz.edu.bo\/?p=166783"},"modified":"2024-03-01T21:58:33","modified_gmt":"2024-03-02T01:58:33","slug":"cuidar-el-derecho-a-la-privacidad-en-tiempo-de-rrss-parte-de-uno-mismo","status":"publish","type":"post","link":"https:\/\/unifranz.edu.bo\/pt\/carreras\/cuidar-el-derecho-a-la-privacidad-en-tiempo-de-rrss-parte-de-uno-mismo\/","title":{"rendered":"Cuidar el derecho a la privacidad en tiempo de RRSS parte de uno mismo\u00a0"},"content":{"rendered":"<p><span style=\"font-weight: 400; color: #000000;\">\u00bfSe puede vivir sin redes sociales en la \u00e9poca actual? Imposible dicen algunos expertos, quienes tambi\u00e9n plantean que, as\u00ed como han llegado para facilitar la conexi\u00f3n entre individuos, las redes sociales conllevan serios riesgos para la seguridad y el derecho a la privacidad de los usuarios.\u00a0<\/span><\/p>\n<p><span style=\"font-weight: 400; color: #000000;\">Con un imparable crecimiento y m\u00e1s de 4.500 millones de usuarios, la variedad de redes sociales es tan amplia que se ajusta a los gustos y necesidades de casi cualquier usuario. Las motivaciones de uso son, tambi\u00e9n, variadas. Desde estar informado casi a tiempo real gracias a los tweets, hasta colgar las fotos de sus \u00faltimas vacaciones en Instagram, pasando por buscar trabajo en LinkedIn o jugar en plataformas online.\u00a0<\/span><\/p>\n<p><span style=\"font-weight: 400; color: #000000;\">Sin embargo, a medida que las personas comparten una gran cantidad de informaci\u00f3n personal en l\u00ednea, desde detalles sobre su vida diaria hasta fotograf\u00edas \u00edntimas, se exponen a una serie de amenazas, tales como el robo de identidad o el acoso cibern\u00e9tico.\u00a0\u00a0<\/span><\/p>\n<p><span style=\"font-weight: 400; color: #000000;\">Fabricio G\u00f3ngora Flores, docente de la carrera de Derecho de la Universidad Franz Tamayo, Unifranz, indica que todo accionar de los seres humanos, tanto en el \u00e1mbito p\u00fablico como privado, se encuentra registrado en bases de datos, tanto material y como digitalmente, aspecto que sin duda abarca a las redes sociales.<\/span><\/p>\n<p><span style=\"font-weight: 400; color: #000000;\">\u201cPese a los esfuerzos vanos de \u2018pol\u00edticas de privacidad\u2019, generados por las aplicaciones o plataformas, \u00e9stas no llegan a proteger ni garantizar el cumplimiento del mismo para el usuario. Por lo que la persona que ingresa a redes sociales, se encuentra totalmente expuesta y desprotegida\u201d, dice el acad\u00e9mico.<\/span><\/p>\n<p><span style=\"font-weight: 400; color: #000000;\">Seg\u00fan el jurista, los j\u00f3venes son los que quedan m\u00e1s expuestos ya que siguen tendencias, imitan acciones populares que se viralizan en las redes sociales, y muchas veces cometen el error de otorgar mayor informaci\u00f3n de la debida (ubicaci\u00f3n de domicilio o identidad personal) o exponer a menores de edad.<\/span><\/p>\n<p><span style=\"font-weight: 400; color: #000000;\">\u201cExiste una gran desinformaci\u00f3n en cuanto a la protecci\u00f3n de la privacidad y su efectivizaci\u00f3n a trav\u00e9s de la poca protecci\u00f3n jur\u00eddica nacional\u201d, puntualiza el abogado.<\/span><\/p>\n<p><span style=\"color: #000000;\"><b>\u2060<\/b><b>\u00bfC\u00f3mo proteger el derecho a la privacidad?<\/b><\/span><\/p>\n<p><span style=\"font-weight: 400; color: #000000;\">M\u00e1s all\u00e1 de los instrumentos jur\u00eddicos que puedan emplearse, la correcta protecci\u00f3n de la privacidad en la actualidad requiere m\u00e1s de un compromiso personal al momento de ingresar a la virtualidad.<\/span><\/p>\n<p><span style=\"font-weight: 400; color: #000000;\">\u201cSi bien es cierto que cada usuario se registra e ingresa informaci\u00f3n de manera voluntaria, no es menos importante recalcar que esa informaci\u00f3n proporcionada, no desaparece del almacenamiento en nubes de las diversas redes sociales\u201d, se\u00f1ala G\u00f3ngora.\u00a0<\/span><\/p>\n<p><span style=\"font-weight: 400; color: #000000;\">De ah\u00ed que, al momento de registrarse en cualquier red social y proporcionar sus datos personales, fotograf\u00edas y videos propios, las personas deben preguntarse a s\u00ed mismos si realmente es necesario otorgar su informaci\u00f3n personal o si existe un beneficio positivo en su vida.\u00a0<\/span><\/p>\n<p><span style=\"font-weight: 400; color: #000000;\">El jurista aclara que tampoco hay que dejarse guiar por las tendencias o modas que suelen afectar e influir de manera sistem\u00e1tica en los j\u00f3venes ya que, el hecho de que la informaci\u00f3n personal est\u00e9 tan f\u00e1cilmente disponible en l\u00ednea, representa un riesgo significativo para la privacidad de las personas, que puede ser aprovechado por terceros con malas intenciones, ya sea para perpetrar fraudes financieros o para acosar a individuos vulnerables.<\/span><\/p>\n<p><span style=\"font-weight: 400; color: #000000;\">Muchos usuarios no comprenden la magnitud de la cantidad de datos que comparten y c\u00f3mo pueden ser utilizados en su contra. Adem\u00e1s, las pol\u00edticas de privacidad de las plataformas de redes sociales pueden ser confusas y cambiantes, lo que dificulta que los usuarios tomen decisiones informadas sobre qu\u00e9 informaci\u00f3n compartir y con qui\u00e9n.<\/span><\/p>\n<p><span style=\"font-weight: 400; color: #000000;\">Por otro lado, las redes sociales tambi\u00e9n plantean desaf\u00edos \u00e9ticos en t\u00e9rminos de la recopilaci\u00f3n y el uso de datos por parte de las propias plataformas. El esc\u00e1ndalo de Cambridge Analytica (acusada de tratar de influenciar los resultados de las elecciones presidenciales de 2016 en EE.UU.) es solo un ejemplo de c\u00f3mo los datos recopilados en las redes sociales pueden ser utilizados para influir en procesos pol\u00edticos y electorales.<\/span><\/p>\n<p><span style=\"font-weight: 400; color: #000000;\">\u00bfC\u00f3mo protegerse? Asumiendo medidas proactivas que permitan proteger la privacidad en l\u00ednea, revisar y ajustar la configuraci\u00f3n de privacidad en las cuentas de redes sociales, limitar la cantidad de informaci\u00f3n personal que se comparte p\u00fablicamente y ser conscientes de las posibles implicaciones de sus acciones en l\u00ednea.<\/span><\/p>\n<figure id=\"attachment_166785\" aria-describedby=\"caption-attachment-166785\" style=\"width: 815px\" class=\"wp-caption aligncenter\"><img loading=\"lazy\" decoding=\"async\" class=\"wp-image-166785\" src=\"https:\/\/unifranz.edu.bo\/wp-content\/uploads\/2024\/03\/pexels-pixabay-267350-300x218.jpg\" alt=\"\" width=\"815\" height=\"592\" srcset=\"https:\/\/unifranz.edu.bo\/wp-content\/uploads\/2024\/03\/pexels-pixabay-267350-300x218.jpg 300w, https:\/\/unifranz.edu.bo\/wp-content\/uploads\/2024\/03\/pexels-pixabay-267350-1024x743.jpg 1024w, https:\/\/unifranz.edu.bo\/wp-content\/uploads\/2024\/03\/pexels-pixabay-267350-768x557.jpg 768w, https:\/\/unifranz.edu.bo\/wp-content\/uploads\/2024\/03\/pexels-pixabay-267350-1536x1114.jpg 1536w, https:\/\/unifranz.edu.bo\/wp-content\/uploads\/2024\/03\/pexels-pixabay-267350-2048x1486.jpg 2048w, https:\/\/unifranz.edu.bo\/wp-content\/uploads\/2024\/03\/pexels-pixabay-267350-18x12.jpg 18w\" sizes=\"auto, (max-width: 815px) 100vw, 815px\" \/><figcaption id=\"caption-attachment-166785\" class=\"wp-caption-text\"><span style=\"color: #000000;\">Cuidar el derecho a la privacidad en tiempo de RRSS parte de uno mismo.<\/span><\/figcaption><\/figure>\n<p><span style=\"color: #000000;\"><b>\u00bfC\u00f3mo vamos en Bolivia?<\/b><\/span><\/p>\n<p><span style=\"font-weight: 400; color: #000000;\">El derecho a la privacidad es la facultad de toda persona de solicitar o precautelar el resguardo, actualizaci\u00f3n, rectificaci\u00f3n o supresi\u00f3n de la informaci\u00f3n almacenada en cualquier medio f\u00edsico o electr\u00f3nico y que los mismos se encuentren vinculados a su vida, intimidad, honra, propia imagen y dignidad.<\/span><\/p>\n<p><span style=\"font-weight: 400; color: #000000;\">En Bolivia, la Constituci\u00f3n Pol\u00edtica garantiza este derecho: \u201clas bolivianas y los bolivianos tienen los siguientes derechos: a la privacidad, intimidad, honra, propia imagen y dignidad\u201d.\u00a0<\/span><\/p>\n<p><span style=\"font-weight: 400; color: #000000;\">Asimismo, una sentencia constitucional determina que \u201ctoda persona individual o colectiva que crea estar indebida o ilegalmente impedida de conocer, objetar la eliminaci\u00f3n o rectificaci\u00f3n de los datos registrados por cualquier medio f\u00edsico, electr\u00f3nico, magn\u00e9tico o inform\u00e1tico, en archivos o bancos de datos p\u00fablicos o privados, o que afecten a su derecho fundamental a la intimidad y privacidad personal o familiar, o a su propia imagen, honra y reputaci\u00f3n, podr\u00e1 interponer la Acci\u00f3n de Protecci\u00f3n de Privacidad\u201d.<\/span><\/p>\n<p><span style=\"font-weight: 400; color: #000000;\">El pa\u00eds cuenta con vasta normativa en cuanto al cuidado de la imagen de las personas, el secreto bancario, los delitos inform\u00e1ticos, la reserva de identidad en casos de menores de edad o los derechos de los usuarios; pero, no tiene una normativa espec\u00edfica de protecci\u00f3n de la privacidad en la actual era digital.<\/span><\/p>\n<p><span style=\"font-weight: 400; color: #000000;\">Para G\u00f3ngora, es necesario que el ordenamiento jur\u00eddico nacional implemente una normativa espec\u00edfica que garantice la protecci\u00f3n de la privacidad y que, probablemente, lo m\u00e1s importante es que los bolivianos valoren m\u00e1s su privacidad y puedan exigir su protecci\u00f3n cuando corresponda.<\/span><\/p>\n<p><span style=\"font-weight: 400; color: #000000;\">Las redes sociales online se han convertido en las favoritas de los cibernautas, pues permiten compartir ideas, intereses y afinidades a trav\u00e9s de fotograf\u00edas, videos, e im\u00e1genes. No obstante, en el intercambio de informaci\u00f3n personal, existen riesgos a la privacidad que muchas veces pasan inadvertidos para los usuarios.\u00a0<\/span><\/p>\n<p><span style=\"font-weight: 400; color: #000000;\">Diego Garc\u00eda Ricci, en su art\u00edculo \u201cEl derecho a la privacidad en las redes sociales en internet\u201d publicado por la Corte Interamericana de Derechos Humanos (CIDH), sostiene que dentro de los ambientes virtuales existe un derecho a la privacidad, el cual es reconocido por los medios sociales, pero que \u201cla forma de entender este derecho debe estar en sinton\u00eda con esta nueva era digital y su cumplimiento ser\u00e1 responsabilidad tanto de la sociedad en general como del propio Estado\u201d.<\/span><\/p>\n<p><span style=\"font-weight: 400; color: #000000;\">El derecho a la privacidad en la era digital es un tema complejo que involucra a usuarios, empresas y legisladores. Solo a trav\u00e9s de un esfuerzo conjunto para promover la conciencia y establecer est\u00e1ndares claros de protecci\u00f3n de datos se podr\u00e1 garantizar que los individuos disfruten de los beneficios de la conectividad digital sin comprometer su privacidad y seguridad personal.<\/span><\/p>","protected":false},"excerpt":{"rendered":"<p>\u00bfSe puede vivir sin redes sociales en la \u00e9poca actual? Imposible dicen algunos expertos, quienes tambi\u00e9n plantean que, as\u00ed como han llegado para facilitar la conexi\u00f3n entre individuos, las redes sociales conllevan serios riesgos para la seguridad y el derecho a la privacidad de los usuarios.\u00a0 Con un imparable crecimiento y m\u00e1s de 4.500 millones &hellip; <a href=\"https:\/\/unifranz.edu.bo\/pt\/carreras\/cuidar-el-derecho-a-la-privacidad-en-tiempo-de-rrss-parte-de-uno-mismo\/\">Continued<\/a><\/p>","protected":false},"author":45,"featured_media":166784,"comment_status":"open","ping_status":"open","sticky":false,"template":"","format":"standard","meta":{"_acf_changed":false,"footnotes":""},"categories":[60,35,1886,4280,6464,1686,1782],"tags":[39,7754,4994,242],"class_list":["post-166783","post","type-post","status-publish","format-standard","has-post-thumbnail","hentry","category-blog","category-carreras","category-derecho","category-justicia","category-rrss","category-tecnologia","category-unifranz","tag-derecho","tag-derecho-a-la-privacidad","tag-rrss","tag-unifranz"],"acf":[],"_links":{"self":[{"href":"https:\/\/unifranz.edu.bo\/pt\/wp-json\/wp\/v2\/posts\/166783","targetHints":{"allow":["GET"]}}],"collection":[{"href":"https:\/\/unifranz.edu.bo\/pt\/wp-json\/wp\/v2\/posts"}],"about":[{"href":"https:\/\/unifranz.edu.bo\/pt\/wp-json\/wp\/v2\/types\/post"}],"author":[{"embeddable":true,"href":"https:\/\/unifranz.edu.bo\/pt\/wp-json\/wp\/v2\/users\/45"}],"replies":[{"embeddable":true,"href":"https:\/\/unifranz.edu.bo\/pt\/wp-json\/wp\/v2\/comments?post=166783"}],"version-history":[{"count":1,"href":"https:\/\/unifranz.edu.bo\/pt\/wp-json\/wp\/v2\/posts\/166783\/revisions"}],"predecessor-version":[{"id":166786,"href":"https:\/\/unifranz.edu.bo\/pt\/wp-json\/wp\/v2\/posts\/166783\/revisions\/166786"}],"wp:featuredmedia":[{"embeddable":true,"href":"https:\/\/unifranz.edu.bo\/pt\/wp-json\/wp\/v2\/media\/166784"}],"wp:attachment":[{"href":"https:\/\/unifranz.edu.bo\/pt\/wp-json\/wp\/v2\/media?parent=166783"}],"wp:term":[{"taxonomy":"category","embeddable":true,"href":"https:\/\/unifranz.edu.bo\/pt\/wp-json\/wp\/v2\/categories?post=166783"},{"taxonomy":"post_tag","embeddable":true,"href":"https:\/\/unifranz.edu.bo\/pt\/wp-json\/wp\/v2\/tags?post=166783"}],"curies":[{"name":"wp","href":"https:\/\/api.w.org\/{rel}","templated":true}]}}