{"id":166750,"date":"2024-03-01T18:26:26","date_gmt":"2024-03-01T22:26:26","guid":{"rendered":"https:\/\/unifranz.edu.bo\/?p=166750"},"modified":"2024-03-01T18:26:26","modified_gmt":"2024-03-01T22:26:26","slug":"unifranz-distingue-la-excelencia-academica-de-los-futuros-profesionales-del-pais","status":"publish","type":"post","link":"https:\/\/unifranz.edu.bo\/pt\/blog\/unifranz-distingue-la-excelencia-academica-de-los-futuros-profesionales-del-pais\/","title":{"rendered":"Unifranz distingue la excelencia acad\u00e9mica de los futuros profesionales del pa\u00eds"},"content":{"rendered":"<p><span style=\"color: #000000;\">La Universidad Franz Tamayo (Unifranz), sede Santa Cruz, celebr\u00f3 el acto de reconocimiento a los estudiantes con los promedios m\u00e1s altos del segundo semestre del 2023, de las diferentes carreras. Este premio distingue la constancia, disciplina y compromiso de los futuros profesionales del pa\u00eds.<\/span><\/p>\n<p><span style=\"color: #000000;\">El vicerrector de Unifranz Santa Cruz, Carlos Dabdoub, destac\u00f3 la importancia de esta ceremonia, al asegurar que es una de las m\u00e1s importantes en la formaci\u00f3n universitaria, porque motiva a los estudiantes a seguir comprometidos con la excelencia acad\u00e9mica. Asimismo, ponder\u00f3 que las calificaciones m\u00e1s altas correspondan a estudiantes mujeres, quienes se preparan para liderar empresas y crear emprendimientos de gran impacto para la sociedad.<\/span><\/p>\n<p><span style=\"color: #000000;\">\u201cQuiero resaltar que la mayor\u00eda de los promedios m\u00e1s altos de este semestre han sido alcanzados por mujeres. En este acto aplaudimos la calidad, la capacidad y la idoneidad de nuestros mejores estudiantes, que est\u00e1n aprendiendo para la vida y no s\u00f3lo para un examen\u201d, expres\u00f3 el titular universitario.<\/span><\/p>\n<p><span style=\"color: #000000;\">Mar\u00eda de los \u00c1ngeles Condori, estudiante de la carrera de Ingenier\u00eda Comercial, alcanz\u00f3 un promedio de 99,86, que la hizo acreedora de la m\u00e1xima calificaci\u00f3n del segundo semestre de 2023. La joven asegur\u00f3 que a pesar de las diferentes dificultades que se le presentaron, logr\u00f3 cumplir su objetivo.<\/span><\/p>\n<p><img loading=\"lazy\" decoding=\"async\" class=\"alignnone wp-image-166755 size-large\" src=\"https:\/\/unifranz.edu.bo\/wp-content\/uploads\/2024\/03\/IMG_3660-1024x768.jpg\" alt=\"\" width=\"1024\" height=\"768\" srcset=\"https:\/\/unifranz.edu.bo\/wp-content\/uploads\/2024\/03\/IMG_3660-1024x768.jpg 1024w, https:\/\/unifranz.edu.bo\/wp-content\/uploads\/2024\/03\/IMG_3660-300x225.jpg 300w, https:\/\/unifranz.edu.bo\/wp-content\/uploads\/2024\/03\/IMG_3660-768x576.jpg 768w, https:\/\/unifranz.edu.bo\/wp-content\/uploads\/2024\/03\/IMG_3660-1536x1152.jpg 1536w, https:\/\/unifranz.edu.bo\/wp-content\/uploads\/2024\/03\/IMG_3660-2048x1535.jpg 2048w, https:\/\/unifranz.edu.bo\/wp-content\/uploads\/2024\/03\/IMG_3660-16x12.jpg 16w\" sizes=\"auto, (max-width: 1024px) 100vw, 1024px\" \/><\/p>\n<p><span style=\"color: #000000;\">\u201cEl semestre pasado so\u00f1\u00e9 con estar aqu\u00ed hablando del promedio m\u00e1s alto de toda la carrera, pero no imagin\u00e9 que estar\u00eda frente a ustedes, celebrando que tengo el mejor promedio de toda la universidad. Atraves\u00e9 diferentes dificultades personales, pero aprend\u00ed que con determinaci\u00f3n y constancia podemos llegar a cualquier lugar que nosotros queramos\u201d, afirm\u00f3 la futura profesional.<\/span><\/p>\n<p><span style=\"color: #000000;\">En la oportunidad, Condori tambi\u00e9n se refiri\u00f3 a la importancia de trabajar en equipo y de brindarse apoyo entre compa\u00f1eros cuando se atraviesa una situaci\u00f3n complicada.<\/span><\/p>\n<p><span style=\"color: #000000;\">\u201cLa adversidad tiene el efecto de despertar talentos que en la comodidad podr\u00edan permanecer dormidos. Es importante apoyarnos unos a otros y entender que juntos somos m\u00e1s poderosos, m\u00e1s a\u00fan en situaciones en las que somos m\u00e1s vulnerables\u201d, se\u00f1al\u00f3 Mar\u00eda de los \u00c1ngeles.<\/span><\/p>\n<p><span style=\"color: #000000;\">Con s\u00f3lo unos decimales menos, Javier Rozas, estudiante de Dise\u00f1o Gr\u00e1fico y Producci\u00f3n Cross Media, ocup\u00f3 el segundo lugar, con un promedio de 99,71; mientras que Valeria Barrios, de la misma carrera, consolid\u00f3 un 99,14.<\/span><\/p>\n<p><span style=\"color: #000000;\"><strong>Estudiantes de excelencia y de talla mundial<\/strong><\/span><\/p>\n<p><span style=\"color: #000000;\">La Internacionalizaci\u00f3n fue otro de los factores destacados por el vicerrector cruce\u00f1o, al se\u00f1alar que varios de los premiados se encuentran fuera del pa\u00eds, donde representan a la universidad. Durante uno o dos semestres, los estudiantes cursan diferentes asignaturas en universidades aliadas en el extranjero y se relacionan con otros j\u00f3venes y docentes. Esta acci\u00f3n genera un intercambio cultural y potencia sus competencias profesionales.<\/span><\/p>\n<p><span style=\"color: #000000;\">\u201cLa innovaci\u00f3n e Internacionalizaci\u00f3n son nuestros principales prop\u00f3sitos como universidad. Nos enorgullece que tres de los mejores estudiantes de diferentes carreras han trascendido las fronteras de Bolivia, convirti\u00e9ndose en embajadores Unifranz\u201d, apunt\u00f3 Dabdoub.<\/span><\/p>\n<p><img loading=\"lazy\" decoding=\"async\" class=\"alignnone wp-image-166756 size-large\" src=\"https:\/\/unifranz.edu.bo\/wp-content\/uploads\/2024\/03\/WhatsApp-Image-2024-03-01-at-18.25.01-1024x679.jpeg\" alt=\"\" width=\"1024\" height=\"679\" srcset=\"https:\/\/unifranz.edu.bo\/wp-content\/uploads\/2024\/03\/WhatsApp-Image-2024-03-01-at-18.25.01-1024x679.jpeg 1024w, https:\/\/unifranz.edu.bo\/wp-content\/uploads\/2024\/03\/WhatsApp-Image-2024-03-01-at-18.25.01-300x199.jpeg 300w, https:\/\/unifranz.edu.bo\/wp-content\/uploads\/2024\/03\/WhatsApp-Image-2024-03-01-at-18.25.01-768x509.jpeg 768w, https:\/\/unifranz.edu.bo\/wp-content\/uploads\/2024\/03\/WhatsApp-Image-2024-03-01-at-18.25.01-18x12.jpeg 18w, https:\/\/unifranz.edu.bo\/wp-content\/uploads\/2024\/03\/WhatsApp-Image-2024-03-01-at-18.25.01.jpeg 1080w\" sizes=\"auto, (max-width: 1024px) 100vw, 1024px\" \/><\/p>\n<p><span style=\"color: #000000;\">Juan de la Cruz M\u00e9ndez del R\u00edo, estudiante de la carrera de Periodismo, por estos d\u00edas estudia en la Universidad Diego Portales, de Santiago de Chile, gracias al programa Internacional\u00edzate. Este embajador Unifranz alcanz\u00f3 un promedio de 97, la nota m\u00e1s alta de su carrera en el semestre pasado.<\/span><\/p>\n<p><span style=\"color: #000000;\">\u201cMe siento feliz de alcanzar nuevamente el promedio m\u00e1s alto de mi carrera, porque en colegio no me iba muy bien en mis calificaciones, sin embargo, aqu\u00ed encontr\u00e9 mi prop\u00f3sito super\u00e1ndome cada vez m\u00e1s en la carrera que amo\u201d, se\u00f1al\u00f3 M\u00e9ndez del R\u00edo.<\/span><\/p>\n<p><span style=\"color: #000000;\">Si t\u00fa tambi\u00e9n quieres convertirte en un profesional de excelencia y de talla mundial, solicita m\u00e1s informaci\u00f3n en el siguiente enlace:<\/span> <a href=\"https:\/\/landings.unifranz.edu.bo\/inscripciones\">https:\/\/landings.unifranz.edu.bo\/inscripciones<\/a><\/p>","protected":false},"excerpt":{"rendered":"<p>La Universidad Franz Tamayo (Unifranz), sede Santa Cruz, celebr\u00f3 el acto de reconocimiento a los estudiantes con los promedios m\u00e1s altos del segundo semestre del 2023, de las diferentes carreras. Este premio distingue la constancia, disciplina y compromiso de los futuros profesionales del pa\u00eds. El vicerrector de Unifranz Santa Cruz, Carlos Dabdoub, destac\u00f3 la importancia &hellip; <a href=\"https:\/\/unifranz.edu.bo\/pt\/blog\/unifranz-distingue-la-excelencia-academica-de-los-futuros-profesionales-del-pais\/\">Continued<\/a><\/p>","protected":false},"author":33,"featured_media":166754,"comment_status":"open","ping_status":"open","sticky":false,"template":"","format":"standard","meta":{"_acf_changed":false,"footnotes":""},"categories":[2576,60,2322,2858,1930,2646],"tags":[450,7748,7744,4208,2470,5230,174,248,1650,278,7746],"class_list":["post-166750","post","type-post","status-publish","format-standard","has-post-thumbnail","hentry","category-unifranz-santa-cruz","category-blog","category-ingenieria-comercial-es","category-innovacion-en-educacion","category-periodismo","category-transformadores-del-futuro","tag-cuadro-de-honor","tag-ejemplos-de-vida","tag-estudiantes-de-excelencia","tag-estudiantes-unifranz","tag-excelencia","tag-historias-que-inspiran","tag-ingenieria-comercial","tag-internacionalizacion","tag-mejores-universidades-de-bolivia","tag-periodismo","tag-superacion"],"acf":[],"_links":{"self":[{"href":"https:\/\/unifranz.edu.bo\/pt\/wp-json\/wp\/v2\/posts\/166750","targetHints":{"allow":["GET"]}}],"collection":[{"href":"https:\/\/unifranz.edu.bo\/pt\/wp-json\/wp\/v2\/posts"}],"about":[{"href":"https:\/\/unifranz.edu.bo\/pt\/wp-json\/wp\/v2\/types\/post"}],"author":[{"embeddable":true,"href":"https:\/\/unifranz.edu.bo\/pt\/wp-json\/wp\/v2\/users\/33"}],"replies":[{"embeddable":true,"href":"https:\/\/unifranz.edu.bo\/pt\/wp-json\/wp\/v2\/comments?post=166750"}],"version-history":[{"count":1,"href":"https:\/\/unifranz.edu.bo\/pt\/wp-json\/wp\/v2\/posts\/166750\/revisions"}],"predecessor-version":[{"id":166757,"href":"https:\/\/unifranz.edu.bo\/pt\/wp-json\/wp\/v2\/posts\/166750\/revisions\/166757"}],"wp:featuredmedia":[{"embeddable":true,"href":"https:\/\/unifranz.edu.bo\/pt\/wp-json\/wp\/v2\/media\/166754"}],"wp:attachment":[{"href":"https:\/\/unifranz.edu.bo\/pt\/wp-json\/wp\/v2\/media?parent=166750"}],"wp:term":[{"taxonomy":"category","embeddable":true,"href":"https:\/\/unifranz.edu.bo\/pt\/wp-json\/wp\/v2\/categories?post=166750"},{"taxonomy":"post_tag","embeddable":true,"href":"https:\/\/unifranz.edu.bo\/pt\/wp-json\/wp\/v2\/tags?post=166750"}],"curies":[{"name":"wp","href":"https:\/\/api.w.org\/{rel}","templated":true}]}}