{"id":166749,"date":"2024-03-01T18:11:41","date_gmt":"2024-03-01T22:11:41","guid":{"rendered":"https:\/\/unifranz.edu.bo\/?p=166749"},"modified":"2024-03-01T18:11:41","modified_gmt":"2024-03-01T22:11:41","slug":"cero-discriminacion-la-diversidad-se-celebra-con-inclusion-y-respeto-de-derechos","status":"publish","type":"post","link":"https:\/\/unifranz.edu.bo\/pt\/carreras\/cero-discriminacion-la-diversidad-se-celebra-con-inclusion-y-respeto-de-derechos\/","title":{"rendered":"Cero discriminaci\u00f3n: la diversidad se celebra con inclusi\u00f3n y respeto de derechos\u00a0"},"content":{"rendered":"<p><span style=\"font-weight: 400; color: #000000;\">La igualdad y el respeto por la diversidad son pilares fundamentales de una sociedad justa. El precepto de la cero discriminaci\u00f3n impulsa un cambio cultural hacia la inclusi\u00f3n y el reconocimiento de los derechos de todas las personas, independientemente de su origen, g\u00e9nero, orientaci\u00f3n sexual, religi\u00f3n o cualquier otra caracter\u00edstica.<\/span><\/p>\n<p><span style=\"font-weight: 400; color: #000000;\">La cero discriminaci\u00f3n es mucho m\u00e1s que una consigna. Se trata de un llamado a la acci\u00f3n para erradicar los prejuicios, estereotipos y pr\u00e1cticas discriminatorias que a\u00fan persisten en la sociedad. Reconoce que todas las personas tienen el mismo valor, merecen igualdad de oportunidades y trato justo en el trabajo, la educaci\u00f3n, la salud o la participaci\u00f3n en la comunidad.<\/span><\/p>\n<p><span style=\"font-weight: 400; color: #000000;\">\u201cLos principios de igualdad y no discriminaci\u00f3n son una parte fundamental de los derechos humanos. El derecho a ser tratado con igual consideraci\u00f3n y con respeto, as\u00ed como no recibir tratos discriminatorios se ubica en el centro del ejercicio de los derechos humanos (\u2026)\u201d, asegura Claudia Flores, responsable de la Unidad de Pueblos Ind\u00edgenas de la Defensor\u00eda del Pueblo.<\/span><\/p>\n<p><span style=\"font-weight: 400; color: #000000;\">En tanto, la directora de la carrera de Psicolog\u00eda de la Universidad Franz Tamayo, Unifranz, Liudmila Loayza, afirma que en un mundo donde las personas son tan diferentes como \u00fanicas, buscar la cero discriminaci\u00f3n es una obligaci\u00f3n, porque ninguna persona puede ser apartada por su condici\u00f3n socioecon\u00f3mica, enfermedad, condici\u00f3n con la que vive, orientaci\u00f3n sexual, raza, religi\u00f3n o forma de pensar.\u00a0<\/span><\/p>\n<p><span style=\"font-weight: 400; color: #000000;\">\u201cTodos somos \u00fanicos y por eso tenemos derecho a una vida libre de discriminaci\u00f3n con dignidad, autonom\u00eda y confidencialidad. Es importante la toma de conciencia por parte de toda la poblaci\u00f3n de que, al ser diferentes, ninguno es mejor que otro\u201d, dice Loayza.\u00a0<\/span><\/p>\n<p><span style=\"font-weight: 400; color: #000000;\">El movimiento contra toda forma de discriminaci\u00f3n, que naci\u00f3 en 2014 con la proclamaci\u00f3n del \u201cD\u00eda de la Cero Discriminaci\u00f3n por parte de la ONU, encuentra su fuerza en la solidaridad y la colaboraci\u00f3n mutua entre individuos, organizaciones y gobiernos comprometidos con los derechos humanos y la justicia social, puntualiza la acad\u00e9mica.\u00a0\u00a0<\/span><\/p>\n<p><span style=\"color: #000000;\"><b>Avances en el pa\u00eds<\/b><\/span><\/p>\n<p><span style=\"font-weight: 400; color: #000000;\">\u00bfCu\u00e1les son los avances logrados a una d\u00e9cada de su promulgaci\u00f3n? La responsable de Pueblos Ind\u00edgenas de la Defensor\u00eda del Pueblo sostiene que, aunque falta todav\u00eda mucho por avanzar, el pa\u00eds cuenta con un amplio marco normativo que proh\u00edbe y condena la discriminaci\u00f3n que se funde en raz\u00f3n de sexo, orientaci\u00f3n sexual, edad, color de piel, identidad cultural, identidad de g\u00e9nero, origen, cultura, nacionalidad, idioma, credo o afiliaci\u00f3n.\u00a0<\/span><\/p>\n<p><span style=\"font-weight: 400; color: #000000;\">\u201cContamos con los preceptos constitucionales contenidos en la CPE, se encuentra en vigencia la Ley 045 contra el racismo y toda forma de discriminaci\u00f3n, la Ley N\u00b01978 que eleva a ese mismo rango la Convenci\u00f3n Internacional sobre la Eliminaci\u00f3n de todas las Formas de Discriminaci\u00f3n Racial. Adem\u00e1s, el pa\u00eds cuenta con un Comit\u00e9 Nacional Contra el Racismo y Discriminaci\u00f3n que tiene entre sus miembros a la Defensor\u00eda del Pueblo\u201d, agrega Flores.\u00a0\u00a0<\/span><\/p>\n<p><span style=\"font-weight: 400; color: #000000;\">Por su parte, Loayza reflexiona que \u201cya sea desafiando los estereotipos, apoyando a quienes son discriminados o abogando por pol\u00edticas inclusivas, en el pa\u00eds podemos contribuir a construir un mundo donde todos puedan vivir libres de discriminaci\u00f3n y disfrutar plenamente de sus derechos\u201d.<\/span><\/p>\n<p><span style=\"color: #000000;\"><b>La cero discriminaci\u00f3n se aprende desde ni\u00f1os\u00a0<\/b><\/span><\/p>\n<p><span style=\"font-weight: 400; color: #000000;\">Una cultura que no discrimina forma ni\u00f1os que tampoco discriminan. Los ni\u00f1os son personas que est\u00e1n en formaci\u00f3n y asimilaci\u00f3n constante de nuevos contenidos que se transmiten a nivel familiar y social.\u00a0<\/span><\/p>\n<p><span style=\"font-weight: 400; color: #000000;\">\u201cLos ni\u00f1os aprenden las cosas de dos formas, una porque se les ense\u00f1a y se les explica y otra, porque siguen el ejemplo. La familia, la escuela y la universidad son espacios propicios donde, a trav\u00e9s de la educaci\u00f3n inclusiva y de un razonamiento acorde a la edad, se explica que todos los seres humanos somos iguales, pese a que podemos tener condiciones distintas\u201d, se\u00f1ala Loayza<\/span><\/p>\n<p><span style=\"font-weight: 400; color: #000000;\">La ni\u00f1ez es la mejor etapa para ense\u00f1ar este valor humano de solidaridad, de respeto, de compasi\u00f3n que coadyuva en la cero discriminaci\u00f3n.<\/span><\/p>\n<p><span style=\"font-weight: 400; color: #000000;\">La cero discriminaci\u00f3n no es solo un objetivo a alcanzar, sino un principio fundamental que debe guiar nuestras acciones y decisiones en cada aspecto de la vida. Al trabajar juntos para promover la igualdad y la inclusi\u00f3n, podemos construir un futuro m\u00e1s justo y solidario para todos, finaliza la acad\u00e9mica <\/span><\/p>","protected":false},"excerpt":{"rendered":"<p>La igualdad y el respeto por la diversidad son pilares fundamentales de una sociedad justa. El precepto de la cero discriminaci\u00f3n impulsa un cambio cultural hacia la inclusi\u00f3n y el reconocimiento de los derechos de todas las personas, independientemente de su origen, g\u00e9nero, orientaci\u00f3n sexual, religi\u00f3n o cualquier otra caracter\u00edstica. La cero discriminaci\u00f3n es mucho &hellip; <a href=\"https:\/\/unifranz.edu.bo\/pt\/carreras\/cero-discriminacion-la-diversidad-se-celebra-con-inclusion-y-respeto-de-derechos\/\">Continued<\/a><\/p>","protected":false},"author":45,"featured_media":166752,"comment_status":"open","ping_status":"open","sticky":false,"template":"","format":"standard","meta":{"_acf_changed":false,"footnotes":""},"categories":[60,35,7736,1862,5338,1782],"tags":[7738,7740,7742,242],"class_list":["post-166749","post","type-post","status-publish","format-standard","has-post-thumbnail","hentry","category-blog","category-carreras","category-cero-discriminacion","category-educacion","category-inclusion","category-unifranz","tag-cero-discriminacion","tag-dia-de-la-inclusion","tag-respeto-por-la-diversidad","tag-unifranz"],"acf":[],"_links":{"self":[{"href":"https:\/\/unifranz.edu.bo\/pt\/wp-json\/wp\/v2\/posts\/166749","targetHints":{"allow":["GET"]}}],"collection":[{"href":"https:\/\/unifranz.edu.bo\/pt\/wp-json\/wp\/v2\/posts"}],"about":[{"href":"https:\/\/unifranz.edu.bo\/pt\/wp-json\/wp\/v2\/types\/post"}],"author":[{"embeddable":true,"href":"https:\/\/unifranz.edu.bo\/pt\/wp-json\/wp\/v2\/users\/45"}],"replies":[{"embeddable":true,"href":"https:\/\/unifranz.edu.bo\/pt\/wp-json\/wp\/v2\/comments?post=166749"}],"version-history":[{"count":1,"href":"https:\/\/unifranz.edu.bo\/pt\/wp-json\/wp\/v2\/posts\/166749\/revisions"}],"predecessor-version":[{"id":166753,"href":"https:\/\/unifranz.edu.bo\/pt\/wp-json\/wp\/v2\/posts\/166749\/revisions\/166753"}],"wp:featuredmedia":[{"embeddable":true,"href":"https:\/\/unifranz.edu.bo\/pt\/wp-json\/wp\/v2\/media\/166752"}],"wp:attachment":[{"href":"https:\/\/unifranz.edu.bo\/pt\/wp-json\/wp\/v2\/media?parent=166749"}],"wp:term":[{"taxonomy":"category","embeddable":true,"href":"https:\/\/unifranz.edu.bo\/pt\/wp-json\/wp\/v2\/categories?post=166749"},{"taxonomy":"post_tag","embeddable":true,"href":"https:\/\/unifranz.edu.bo\/pt\/wp-json\/wp\/v2\/tags?post=166749"}],"curies":[{"name":"wp","href":"https:\/\/api.w.org\/{rel}","templated":true}]}}