{"id":165141,"date":"2024-02-23T16:08:56","date_gmt":"2024-02-23T20:08:56","guid":{"rendered":"https:\/\/unifranz.edu.bo\/?p=165141"},"modified":"2024-09-24T12:56:40","modified_gmt":"2024-09-24T16:56:40","slug":"como-la-figura-paterna-influye-en-la-autoestima-y-salud-mental-de-los-hijos","status":"publish","type":"post","link":"https:\/\/unifranz.edu.bo\/pt\/blog\/como-la-figura-paterna-influye-en-la-autoestima-y-salud-mental-de-los-hijos\/","title":{"rendered":"\u00bfC\u00f3mo la figura paterna influye en la autoestima y salud mental de los hijos?"},"content":{"rendered":"<p><span style=\"font-weight: 400; color: #000000;\">En un mundo donde el enfoque en la crianza de los hijos hace \u00e9nfasis en la figura materna, expertos en psicolog\u00eda y desarrollo infantil destacan que la imagen paterna tambi\u00e9n desempe\u00f1a un papel esencial en la salud mental de los hijos.<\/span><\/p>\n<p><span style=\"font-weight: 400; color: #000000;\">La presencia activa y comprometida de ambos padres en la vida de los hijos tiene un impacto significativo en su bienestar emocional y psicol\u00f3gico, indica Gabriela Trive\u00f1o, docente de la carrera de Psicolog\u00eda de la Universidad Franz Tamayo, Unifranz.\u00a0<\/span><\/p>\n<p><span style=\"font-weight: 400; color: #000000;\">\u201cLa interacci\u00f3n con el padre no solo proporciona un modelo de comportamiento para los ni\u00f1os, sino que tambi\u00e9n les brinda una sensaci\u00f3n de seguridad, estabilidad y autoestima\u201d, puntualiza.<\/span><\/p>\n<p><span style=\"font-weight: 400; color: #000000;\">Hasta los 10 a\u00f1os, Andrea era \u201cla ni\u00f1a de sus ojos\u201d de su padre. A pesar que ella ten\u00eda dos hermanos menores, su padre se desviv\u00eda por ella, jugaban horas interminables en el parque, con las barbies o los rompecabezas y le ayudaba con las tareas escolares. Poco tiempo despu\u00e9s, ese padre que hab\u00eda idealizado como \u201cel mejor del mundo\u201d se puso distante y, de un d\u00eda para el otro, dej\u00f3 la casa, cargado de un par de maletas y uno que otro recuerdo.\u00a0<\/span><\/p>\n<p><span style=\"font-weight: 400; color: #000000;\">Para Andrea, \u00e9se fue uno de los momentos m\u00e1s tristes de su vida, pero no el m\u00e1s doloroso. Desde ese d\u00eda, ella volvi\u00f3 a verlo s\u00f3lo un par de veces m\u00e1s. No estuvo en su graduaci\u00f3n del colegio ni en su colaci\u00f3n de grado, tampoco en su boda o en el bautismo de sus hijas. Hoy, a sus 33 a\u00f1os, divorcio de por medio, esta joven madre cree que gran parte de sus malas decisiones estuvieron marcadas por la ausencia de la figura de su pap\u00e1.\u00a0<\/span><\/p>\n<p><span style=\"font-weight: 400; color: #000000;\">\u201cEstoy hablando de un padre bueno; uno que me diera consejos cuando lo necesitaba, que me hubiera apoyado en lo que yo quer\u00eda estudiar. Necesitaba un pap\u00e1 que est\u00e9 conmigo, que me aconseje para que no me equivoque. Creo que cuando me cas\u00e9, lo que estaba buscando era reemplazar el cari\u00f1o perdido de mi pap\u00e1\u201d, reflexiona.<\/span><\/p>\n<p><span style=\"font-weight: 400; color: #000000;\">La Organizaci\u00f3n de las Naciones Unidas para la Educaci\u00f3n, la Ciencia y la Cultura (Unesco) asegura que los padres tienen vital importancia en el desarrollo integral de los ni\u00f1os y ni\u00f1as, puesto que son \u201clos primeros educadores, camaradas y compa\u00f1eros de juego del ni\u00f1o\u201d.\u00a0<\/span><\/p>\n<p><span style=\"color: #000000;\"><span style=\"font-weight: 400;\">\u201cEsta interacci\u00f3n es fundamental para que el aprendizaje sea eficaz y, al respecto, la ayuda a los padres desfavorecidos es especialmente \u00fatil para fomentar el aprendizaje de los ni\u00f1os de corta edad, pues no se tiene la certeza de que el apego del ni\u00f1o al adulto que se cuida de \u00e9l es condici\u00f3n <\/span><i><span style=\"font-weight: 400;\">sine qua non<\/span><\/i><span style=\"font-weight: 400;\"> para un desarrollo armonioso\u201d, indica el organismo internacional.\u00a0<\/span><\/span><\/p>\n<p><span style=\"font-weight: 400; color: #000000;\">Al respecto, Trive\u00f1o sostiene que, m\u00e1s que la figura masculina, la figura de un padre o de quien cumpla esa funci\u00f3n es importante porque transmite la ley.<\/span><\/p>\n<p><span style=\"font-weight: 400; color: #000000;\">\u201cLos ni\u00f1os no vienen al mundo sabiendo distinguir el mal del bien, lo correcto de lo incorrecto, lo moral de lo inmoral. Hace falta otro, ll\u00e1mese padre, que transmita esa ley en la crianza, de dos maneras; con su ejemplo y haciendo que el ni\u00f1o la cumpla\u201d, dice la acad\u00e9mica.<\/span><\/p>\n<p><span style=\"font-weight: 400; color: #000000;\">Mar\u00eda L\u00f3pez, psic\u00f3loga infantil de nacionalidad espa\u00f1ola, explica que \u00abla relaci\u00f3n padre-hijo es crucial para el desarrollo emocional saludable de los ni\u00f1os. Los padres no solo act\u00faan como protectores, sino que tambi\u00e9n desempe\u00f1an un papel vital en el fomento de la autonom\u00eda, la resiliencia y la capacidad para establecer relaciones saludables en la vida adulta\u00bb.<\/span><\/p>\n<p><span style=\"font-weight: 400; color: #000000;\">El padre tambi\u00e9n representa un ideal al que los ni\u00f1os aspiran llegar. El padre no es necesariamente el padre biol\u00f3gico, hay padres adoptivos, hay padrastros o abuelos que hacen de padres.<\/span><\/p>\n<p><span style=\"font-weight: 400; color: #000000;\">Los ni\u00f1os que tienen una relaci\u00f3n cercana con sus padres tienden a mostrar un mejor rendimiento acad\u00e9mico, tienen menos probabilidades de involucrarse en comportamientos de riesgo como la delincuencia juvenil y tienen una mayor capacidad para manejar el estr\u00e9s y los desaf\u00edos de la vida.<\/span><\/p>\n<p><span style=\"font-weight: 400; color: #000000;\">\u201cEl padre tiene mucho valor. La funci\u00f3n paterna permite, adem\u00e1s, un ordenamiento del mundo simb\u00f3lico del ni\u00f1o que es muy necesario para el logro de aprendizajes significativos en \u00e9l\u201d, agrega, por su parte, la docente universitaria.<\/span><\/p>\n<p><span style=\"font-weight: 400; color: #000000;\">Para Trive\u00f1o, siendo el padre un ideal y modelo a seguir, tiene gran importancia tanto para los hijos varones como para las mujeres.\u00a0<\/span><\/p>\n<p><span style=\"font-weight: 400; color: #000000;\">\u201cLa funci\u00f3n materna como la paterna representan ideales de c\u00f3mo querr\u00e1n ser los hijos y, sobre todo, el tipo de relaci\u00f3n que tienen los padres entre ellos y con otros puede funcionar como un modelo del tipo de relaci\u00f3n y din\u00e1mica afectiva a futuro\u201d, manifiesta.\u00a0<\/span><\/p>\n<p><span style=\"font-weight: 400; color: #000000;\">Fomentar una relaci\u00f3n s\u00f3lida entre padres e hijos, desde una edad temprana, puede sentar las bases para una vida adulta satisfactoria y equilibrada.\u00a0\u00a0<\/span><\/p>\n<p><span style=\"font-weight: 400; color: #000000;\">La figura del padre desempe\u00f1a un papel crucial en el desarrollo emocional, social y cognitivo de los hijos. Promover una paternidad activa y comprometida no solo beneficia a los ni\u00f1os individualmente, sino que tambi\u00e9n contribuye positivamente a la salud mental y el bienestar familiar en su conjunto.<\/span><\/p>\n<figure id=\"attachment_165147\" aria-describedby=\"caption-attachment-165147\" style=\"width: 833px\" class=\"wp-caption aligncenter\"><img loading=\"lazy\" decoding=\"async\" class=\"wp-image-165147\" src=\"https:\/\/unifranz.edu.bo\/wp-content\/uploads\/2024\/02\/341832fea3-300x196.jpeg\" alt=\"\" width=\"833\" height=\"544\" srcset=\"https:\/\/unifranz.edu.bo\/wp-content\/uploads\/2024\/02\/341832fea3-300x196.jpeg 300w, https:\/\/unifranz.edu.bo\/wp-content\/uploads\/2024\/02\/341832fea3-768x502.jpeg 768w, https:\/\/unifranz.edu.bo\/wp-content\/uploads\/2024\/02\/341832fea3-18x12.jpeg 18w, https:\/\/unifranz.edu.bo\/wp-content\/uploads\/2024\/02\/341832fea3.jpeg 1000w\" sizes=\"auto, (max-width: 833px) 100vw, 833px\" \/><figcaption id=\"caption-attachment-165147\" class=\"wp-caption-text\"><span style=\"color: #000000;\"><em>La presencia activa y comprometida de ambos padres en la vida de los hijos tiene un impacto significativo en su bienestar emocional y psicol\u00f3gico.<\/em><\/span><\/figcaption><\/figure>\n<p><span style=\"color: #000000;\"><b>\u00bfFunci\u00f3n paterna devaluada?<\/b><\/span><\/p>\n<p><span style=\"font-weight: 400; color: #000000;\">Trive\u00f1o aclara que la funciones paterna y materna no est\u00e1n determinadas por la biolog\u00eda, ya que son funciones que se cumplen en determinados momentos de la vida.\u00a0<\/span><\/p>\n<p><span style=\"font-weight: 400; color: #000000;\">\u201cUna madre soltera, as\u00ed como un padre soltero, ejercer\u00e1n ambas funciones en determinados momentos en la vida de los hijos\u201d, puntualiza.<\/span><\/p>\n<p><span style=\"font-weight: 400; color: #000000;\">La funci\u00f3n paterna ha sido devaluada progresivamente, indica Mar\u00eda Calvo Charro, en un informe para el Instituto Internacional sobre la Familia de Espa\u00f1a.\u00a0<\/span><\/p>\n<p><span style=\"font-weight: 400; color: #000000;\">Seg\u00fan la experta, el modelo social ideal y dominante ahora es el consistente en la relaci\u00f3n madre-hijo. Y el padre se considera prescindible o es valorado y aceptado en la medida en que sea una especie de segunda madre.\u00a0<\/span><\/p>\n<p><span style=\"font-weight: 400; color: #000000;\">En la misma l\u00ednea, la profesora de estudios de la mujer del Wellesley College, Rosanna Hertz, afirma con rotundidad que los padres simplemente no son necesarios. El n\u00facleo familiar es el constituido por la madre y el hijo.\u00a0\u00a0<\/span><\/p>\n<p><span style=\"font-weight: 400; color: #000000;\">La funci\u00f3n materna y la funci\u00f3n paterna no son iguales ni intercambiables ya que las dos figuras son indispensables, para el equilibrado desarrollo de la personalidad y para una correcta socializaci\u00f3n, dice Calvo.\u00a0\u00a0<\/span><\/p>\n<p><span style=\"font-weight: 400; color: #000000;\">\u201cLos ni\u00f1os necesitan modelos masculinos para convertirse en hombres. A partir de los 7 a\u00f1os los ni\u00f1os prefieren la compa\u00f1\u00eda de hombres. Sin embargo, pasan la mayor parte del tiempo de su vida rodeados de mujeres\u201d, explica.\u00a0<\/span><\/p>\n<p><span style=\"font-weight: 400; color: #000000;\">Adem\u00e1s, necesitan personas que les ofrezcan modelos saludables y virtuosos de conducta, donde el papel del padre es esencial, al igual que en la adolescencia cuando necesitan modelos de referencia, que los acompa\u00f1en en la aventura de buscar sentido a sus vidas y les transmitan valores. <\/span><\/p>","protected":false},"excerpt":{"rendered":"<p>En un mundo donde el enfoque en la crianza de los hijos hace \u00e9nfasis en la figura materna, expertos en psicolog\u00eda y desarrollo infantil destacan que la imagen paterna tambi\u00e9n desempe\u00f1a un papel esencial en la salud mental de los hijos. La presencia activa y comprometida de ambos padres en la vida de los hijos &hellip; <a href=\"https:\/\/unifranz.edu.bo\/pt\/blog\/como-la-figura-paterna-influye-en-la-autoestima-y-salud-mental-de-los-hijos\/\">Continued<\/a><\/p>","protected":false},"author":45,"featured_media":165146,"comment_status":"open","ping_status":"open","sticky":false,"template":"","format":"standard","meta":{"_acf_changed":false,"footnotes":""},"categories":[60,2186,2566,1862,1708,2194,6466,1782],"tags":[5850,2948,7616,3086,240,2944,242],"class_list":["post-165141","post","type-post","status-publish","format-standard","has-post-thumbnail","hentry","category-blog","category-carreras-es","category-docente","category-educacion","category-innovacion","category-psicologia","category-salud-mental","category-unifranz","tag-autoestima","tag-carrera-de-psicologia","tag-figura-paterna","tag-hijos","tag-psicologia","tag-salud-mental","tag-unifranz"],"acf":[],"_links":{"self":[{"href":"https:\/\/unifranz.edu.bo\/pt\/wp-json\/wp\/v2\/posts\/165141","targetHints":{"allow":["GET"]}}],"collection":[{"href":"https:\/\/unifranz.edu.bo\/pt\/wp-json\/wp\/v2\/posts"}],"about":[{"href":"https:\/\/unifranz.edu.bo\/pt\/wp-json\/wp\/v2\/types\/post"}],"author":[{"embeddable":true,"href":"https:\/\/unifranz.edu.bo\/pt\/wp-json\/wp\/v2\/users\/45"}],"replies":[{"embeddable":true,"href":"https:\/\/unifranz.edu.bo\/pt\/wp-json\/wp\/v2\/comments?post=165141"}],"version-history":[{"count":1,"href":"https:\/\/unifranz.edu.bo\/pt\/wp-json\/wp\/v2\/posts\/165141\/revisions"}],"predecessor-version":[{"id":165148,"href":"https:\/\/unifranz.edu.bo\/pt\/wp-json\/wp\/v2\/posts\/165141\/revisions\/165148"}],"wp:featuredmedia":[{"embeddable":true,"href":"https:\/\/unifranz.edu.bo\/pt\/wp-json\/wp\/v2\/media\/165146"}],"wp:attachment":[{"href":"https:\/\/unifranz.edu.bo\/pt\/wp-json\/wp\/v2\/media?parent=165141"}],"wp:term":[{"taxonomy":"category","embeddable":true,"href":"https:\/\/unifranz.edu.bo\/pt\/wp-json\/wp\/v2\/categories?post=165141"},{"taxonomy":"post_tag","embeddable":true,"href":"https:\/\/unifranz.edu.bo\/pt\/wp-json\/wp\/v2\/tags?post=165141"}],"curies":[{"name":"wp","href":"https:\/\/api.w.org\/{rel}","templated":true}]}}