{"id":165111,"date":"2024-02-23T13:17:41","date_gmt":"2024-02-23T17:17:41","guid":{"rendered":"https:\/\/unifranz.edu.bo\/?p=165111"},"modified":"2024-02-23T13:17:41","modified_gmt":"2024-02-23T17:17:41","slug":"abogados-con-perfil-internacional","status":"publish","type":"post","link":"https:\/\/unifranz.edu.bo\/pt\/noticias\/abogados-con-perfil-internacional\/","title":{"rendered":"Abogados con perfil internacional, el objetivo de los juristas del futuro"},"content":{"rendered":"<p><span style=\"font-weight: 400; color: #000000;\">En el cambiante panorama global, las fronteras ya no son un l\u00edmite para las pr\u00e1cticas laborales y acad\u00e9micas. La internacionalizaci\u00f3n es crucial para equipar a los profesionales con las habilidades necesarias para operar en este entorno din\u00e1mico.<\/span><\/p>\n<p><span style=\"font-weight: 400; color: #000000;\">\u201cEn t\u00e9rminos de internacionalizaci\u00f3n, hay competencias que se pueden adquirir: la primera es la ling\u00fc\u00edstica, y la segunda, que tengan una visi\u00f3n distinta de la realidad. Entonces, la transici\u00f3n del mundo estudiantil al laboral dejar\u00e1 de ser un choque y pasar\u00e1 de la teor\u00eda a la pr\u00e1ctica\u201d, afirma David Julien, director ejecutivo de la Organizaci\u00f3n Universitaria Interamericana (OUI-IOHE, por sus siglas en ingl\u00e9s).<\/span><\/p>\n<p><span style=\"font-weight: 400; color: #000000;\">Desde esta red internacional se busca construir v\u00ednculos globales entres sus miembros, para fortalecer la movilidad acad\u00e9mica. \u201cLa internacionalizaci\u00f3n permite trabajar la adaptaci\u00f3n al cambio, a nuevos paradigmas y prepara al estudiante para el trabajo\u201d, a\u00f1ade Julien.<\/span><\/p>\n<p><span style=\"color: #000000;\"><b>La movilidad acad\u00e9mica internacional<\/b><\/span><\/p>\n<p><span style=\"font-weight: 400; color: #000000;\">Emanuel Castro y Laura Candia, ambos estudiantes de Derecho de Unifranz,\u00a0 aprovecharon la movilidad internacional en diferentes momentos de su formaci\u00f3n. En el segundo semestre de 2023, por ejemplo, Emanuel estudi\u00f3 durante un periodo acad\u00e9mico en la Universidad de Boyac\u00e1, en Colombia.<\/span><\/p>\n<p><span style=\"font-weight: 400; color: #000000;\">\u201cEstudiar Derecho en otro pa\u00eds es como abrir un nuevo cap\u00edtulo. Se aprende no s\u00f3lo desde un punto de vista acad\u00e9mico, sino tambi\u00e9n desde una perspectiva cultural y social\u201d, sostiene.<\/span><\/p>\n<p><span style=\"font-weight: 400; color: #000000;\">En el caso de Laura, se prepara para vivir una experiencia de internacionalizaci\u00f3n en la Universidad de Mendoza, Argentina.<\/span><\/p>\n<p><span style=\"font-weight: 400; color: #000000;\">\u201cEstoy emocionada por enfrentar este desaf\u00edo. La universidad me ha proporcionado las herramientas necesarias para destacar en un entorno legal internacional\u201d, afirma la futura abogada.<\/span><\/p>\n<p><span style=\"font-weight: 400; color: #000000;\">El jefe de la carrera de Derecho de Unifranz La Paz, Alberto Salamanca, comparte su perspectiva sobre este nuevo enfoque educativo, del que destaca que no se trata de una tendencia, sino de una necesidad en la formaci\u00f3n.<\/span><\/p>\n<p><span style=\"font-weight: 400; color: #000000;\">\u201cLa internacionalizaci\u00f3n no es simplemente una tendencia, es una necesidad. La globalizaci\u00f3n, los tratados internacionales y la evoluci\u00f3n del panorama econ\u00f3mico demandan abogados preparados para abordar desaf\u00edos tanto nacionales como internacionales\u201d, indica el profesional.<\/span><\/p>\n<p><span style=\"font-weight: 400; color: #000000;\">La legislaci\u00f3n, antes limitada a las fronteras territoriales de cada Estado, ahora se entrelaza con tratados y acuerdos de car\u00e1cter internacional. Salamanca apunta la importancia de comprender el marco legal local y tambi\u00e9n las din\u00e1micas globales que influyen en la profesi\u00f3n.<\/span><\/p>\n<p><span style=\"font-weight: 400; color: #000000;\">Unifranz adopta un enfoque integral para fomentar la internacionalizaci\u00f3n. Desde programas de intercambio estudiantil hasta la co-docencia con universidades asociadas; la instituci\u00f3n busca ampliar las perspectivas de sus estudiantes y prepararlos para un mundo legal interconectado.<\/span><\/p>\n<p><span style=\"font-weight: 400; color: #000000;\">Universidad Franz Tamayo respalda su compromiso con programas de movilidad estudiantil, docente y para investigadores. Adem\u00e1s, colabora con redes internacionales y estableci\u00f3 conexiones con m\u00e1s de 500 universidades y 3.765 empresas e instituciones en m\u00e1s de 10 pa\u00edses.<\/span><\/p>\n<p><span style=\"font-weight: 400;\"><span style=\"color: #000000;\">En el coraz\u00f3n de esta visi\u00f3n est\u00e1 el principio de que la educaci\u00f3n debe trascender las fronteras. Es as\u00ed que Unifranz no s\u00f3lo forma abogados, tambi\u00e9n cultiva ciudadanos del mundo capaces de navegar por los desaf\u00edos legales contempor\u00e1neos.<\/span><\/span><\/p>","protected":false},"excerpt":{"rendered":"<p>En el cambiante panorama global, las fronteras ya no son un l\u00edmite para las pr\u00e1cticas laborales y acad\u00e9micas. La internacionalizaci\u00f3n es crucial para equipar a los profesionales con las habilidades necesarias para operar en este entorno din\u00e1mico. \u201cEn t\u00e9rminos de internacionalizaci\u00f3n, hay competencias que se pueden adquirir: la primera es la ling\u00fc\u00edstica, y la segunda, &hellip; <a href=\"https:\/\/unifranz.edu.bo\/pt\/noticias\/abogados-con-perfil-internacional\/\">Continued<\/a><\/p>","protected":false},"author":27,"featured_media":165115,"comment_status":"open","ping_status":"open","sticky":false,"template":"","format":"standard","meta":{"_acf_changed":false,"footnotes":""},"categories":[60,35,1886,2566,1862,45,1608,29,1782],"tags":[39,386,1422,248,41,242],"class_list":["post-165111","post","type-post","status-publish","format-standard","has-post-thumbnail","hentry","category-blog","category-carreras","category-derecho","category-docente","category-educacion","category-eventos","category-internacionalizacion","category-noticias","category-unifranz","tag-derecho","tag-estudiantes","tag-innovacion-en-educacion","tag-internacionalizacion","tag-la-paz","tag-unifranz"],"acf":[],"_links":{"self":[{"href":"https:\/\/unifranz.edu.bo\/pt\/wp-json\/wp\/v2\/posts\/165111","targetHints":{"allow":["GET"]}}],"collection":[{"href":"https:\/\/unifranz.edu.bo\/pt\/wp-json\/wp\/v2\/posts"}],"about":[{"href":"https:\/\/unifranz.edu.bo\/pt\/wp-json\/wp\/v2\/types\/post"}],"author":[{"embeddable":true,"href":"https:\/\/unifranz.edu.bo\/pt\/wp-json\/wp\/v2\/users\/27"}],"replies":[{"embeddable":true,"href":"https:\/\/unifranz.edu.bo\/pt\/wp-json\/wp\/v2\/comments?post=165111"}],"version-history":[{"count":1,"href":"https:\/\/unifranz.edu.bo\/pt\/wp-json\/wp\/v2\/posts\/165111\/revisions"}],"predecessor-version":[{"id":165116,"href":"https:\/\/unifranz.edu.bo\/pt\/wp-json\/wp\/v2\/posts\/165111\/revisions\/165116"}],"wp:featuredmedia":[{"embeddable":true,"href":"https:\/\/unifranz.edu.bo\/pt\/wp-json\/wp\/v2\/media\/165115"}],"wp:attachment":[{"href":"https:\/\/unifranz.edu.bo\/pt\/wp-json\/wp\/v2\/media?parent=165111"}],"wp:term":[{"taxonomy":"category","embeddable":true,"href":"https:\/\/unifranz.edu.bo\/pt\/wp-json\/wp\/v2\/categories?post=165111"},{"taxonomy":"post_tag","embeddable":true,"href":"https:\/\/unifranz.edu.bo\/pt\/wp-json\/wp\/v2\/tags?post=165111"}],"curies":[{"name":"wp","href":"https:\/\/api.w.org\/{rel}","templated":true}]}}