{"id":158590,"date":"2024-02-09T14:34:06","date_gmt":"2024-02-09T18:34:06","guid":{"rendered":"https:\/\/unifranz.edu.bo\/?p=158590"},"modified":"2024-02-09T14:34:06","modified_gmt":"2024-02-09T18:34:06","slug":"el-drama-de-vivir-cansado-que-es-el-sindrome-de-fatiga-cronica","status":"publish","type":"post","link":"https:\/\/unifranz.edu.bo\/pt\/carreras\/el-drama-de-vivir-cansado-que-es-el-sindrome-de-fatiga-cronica\/","title":{"rendered":"El drama de vivir cansado, \u00bfqu\u00e9 es el S\u00edndrome de Fatiga Cr\u00f3nica?"},"content":{"rendered":"<p><span style=\"font-weight: 400; color: #000000;\">El cuerpo pesa y la mente tambi\u00e9n, las actividades diarias se convierten en un suplicio y los dolores de cabeza empeoran las cosas, todos nos hemos sentido as\u00ed alguna vez en nuestras vidas; sin embargo, en la mayor\u00eda de las ocasiones estos padecimientos se disipan luego de un buen descanso, pero para entre el 0,3% y el 0,5% de las personas esto no es as\u00ed.<\/span><\/p>\n<p><span style=\"font-weight: 400; color: #000000;\">El S\u00edndrome de la Fatiga Cr\u00f3nica (SFC), tambi\u00e9n conocida como Enc\u00e9falomielitis Mi\u00e1lgica es un padecimiento que se caracteriza por la presencia de fatiga tanto f\u00edsica, como mental, que es bastante intensa y debilitante para el paciente. Esta fatiga persiste seis o m\u00e1s meses y es adem\u00e1s oscilante; quiere decir que a veces es m\u00e1s fuerte y a veces se debilita, adem\u00e1s interfiere con las actividades habituales.<\/span><\/p>\n<p><span style=\"font-weight: 400; color: #000000;\">\u201cEs una enfermedad compleja, cr\u00f3nica y de cuyas causas se conoce poco, es muy probable que sea consecuencia de un problema inflamatorio del sistema nervioso central de origen viral o autoinmune, no disminuye si la persona reposa y siempre empeora con el ejercicio. Se asocia tambi\u00e9n a otras alteraciones o manifestaciones sist\u00e9micas generales f\u00edsicas y neuropsicol\u00f3gicas\u201d, explica Valentina Jord\u00e1n, docente de la carrera de Medicina de la Universidad Franz Tamayo, Unifranz.\u00a0<\/span><\/p>\n<p><span style=\"font-weight: 400; color: #000000;\">La experta se\u00f1ala que la gran mayor\u00eda de los pacientes que padecen fatiga cr\u00f3nica presentan estos s\u00edntomas primarios:<\/span><\/p>\n<ul>\n<li style=\"font-weight: 400;\" aria-level=\"1\"><span style=\"color: #000000;\"><b>Cansancio f\u00edsico y mental de manera persistente<\/b><span style=\"font-weight: 400;\">:\u00a0padecer la SFC supone experimentar una fatiga que no mejora ni habiendo dormido durante toda la noche. A su vez, esta sensaci\u00f3n surge sin haber realizado ninguna actividad previa, siendo un estado duradero e invariable en el paciente.<\/span><\/span><\/li>\n<li style=\"font-weight: 400;\" aria-level=\"1\"><span style=\"color: #000000;\"><b>Intolerancia ortost\u00e1tica<\/b><span style=\"font-weight: 400;\">: es la dificultad para permanecer en posici\u00f3n de pie debido a una disfunci\u00f3n del sistema nervioso aut\u00f3nomo. Ante este acto, los enfermos pueden sentir aturdimiento, mareo o sensaci\u00f3n de desmayo. Tambi\u00e9n podr\u00edan tener cambios en la visi\u00f3n, llegando a ver borroso.<\/span><\/span><\/li>\n<li style=\"font-weight: 400;\" aria-level=\"1\"><span style=\"color: #000000;\"><b>Malestar o fatiga post esfuerzo<\/b><span style=\"font-weight: 400;\">: realizar cualquier actividad puede contribuir al empeoramiento de los s\u00edntomas de la fatiga cr\u00f3nica, lo que puede derivar en una \u2018crisis\u2019, que obliga a los enfermos a estar en cama durante varios d\u00edas o incluso semanas.<\/span><\/span><\/li>\n<li style=\"font-weight: 400;\" aria-level=\"1\"><span style=\"color: #000000;\"><b>Problemas para conciliar el sue\u00f1o<\/b><span style=\"font-weight: 400;\">: las personas con SFC pueden tener dificultad para permanecer dormidas.<\/span><\/span><\/li>\n<li style=\"font-weight: 400;\" aria-level=\"1\"><span style=\"color: #000000;\"><b>Problemas de memoria o de la capacidad de concentraci\u00f3n<\/b><span style=\"font-weight: 400;\">: quienes sufren este s\u00edndrome coinciden en que tienen impedimentos para poner atenci\u00f3n a las cosas, recordar algo o pensar r\u00e1pido.<\/span><\/span><\/li>\n<\/ul>\n<p><span style=\"font-weight: 400; color: #000000;\">Jord\u00e1n agrega que los s\u00edntomas pueden imitar los de muchas otras enfermedades, como por ejemplo los trastornos del sue\u00f1o, que pueden ocasionar fatiga.\u00a0<\/span><\/p>\n<p><span style=\"font-weight: 400; color: #000000;\">\u201cUn trastorno del sue\u00f1o existente como una apnea obstructiva o un s\u00edndrome de piernas inquietas, que altera el descanso y que no est\u00e9 diagnosticado, puede causar fatiga. Otros problemas m\u00e9dicos tambi\u00e9n causan fatiga como s\u00edntoma com\u00fan, son varias enfermedades como por ejemplo la anemia, la diabetes y la baja actividad de la tiroides. Los laboratorios pueden verificar la existencia del inicio de algunos de estos problemas m\u00e9dicos sospechosos y esclarecer el diagn\u00f3stico\u201d, puntualiza.<\/span><\/p>\n<p><span style=\"font-weight: 400; color: #000000;\">Por otro lado, la fatiga es un s\u00edntoma muy diverso en problemas de salud mental como la depresi\u00f3n y la ansiedad cr\u00f3nica.<\/span><\/p>\n<p><span style=\"font-weight: 400; color: #000000;\">\u201cEs frecuente que las personas con Encefalomielitis Mialgica tengan otros problemas de salud mental, al mismo tiempo, como trastornos de sue\u00f1o, s\u00edndrome de colon irritable o fibromialgia. Hay tantos s\u00edntomas que tienen en com\u00fan esta enfermedad y la fibromialgia que algunos investigadores consideran que ambos son distintos aspectos de la misma enfermedad\u201d, puntualiza la acad\u00e9mica.<\/span><\/p>\n<p>&nbsp;<\/p>\n<figure id=\"attachment_158597\" aria-describedby=\"caption-attachment-158597\" style=\"width: 887px\" class=\"wp-caption alignnone\"><img loading=\"lazy\" decoding=\"async\" class=\"wp-image-158597\" src=\"https:\/\/unifranz.edu.bo\/wp-content\/uploads\/2024\/02\/9729bed0f1-300x209.jpeg\" alt=\"\" width=\"887\" height=\"618\" srcset=\"https:\/\/unifranz.edu.bo\/wp-content\/uploads\/2024\/02\/9729bed0f1-300x209.jpeg 300w, https:\/\/unifranz.edu.bo\/wp-content\/uploads\/2024\/02\/9729bed0f1-768x535.jpeg 768w, https:\/\/unifranz.edu.bo\/wp-content\/uploads\/2024\/02\/9729bed0f1-18x12.jpeg 18w, https:\/\/unifranz.edu.bo\/wp-content\/uploads\/2024\/02\/9729bed0f1.jpeg 1000w\" sizes=\"auto, (max-width: 887px) 100vw, 887px\" \/><figcaption id=\"caption-attachment-158597\" class=\"wp-caption-text\"><\/span><\/em> <em><span style=\"color: #000000;\">El S\u00edndrome de la Fatiga Cr\u00f3nica, conocida como Enc\u00e9falomielitis Mi\u00e1lgica es un padecimiento que se caracteriza por la presencia de fatiga f\u00edsica, como mental.<\/span><\/em><\/figcaption><\/figure>\n<p>&nbsp;<\/p>\n<p><span style=\"color: #000000;\"><b>\u00bfCu\u00e1l es la causa del SFC y c\u00f3mo se trata?<\/b><\/span><\/p>\n<p><span style=\"font-weight: 400; color: #000000;\">Jord\u00e1n indica que, en este padecimiento, se han evidenciado cambios inflamatorios de posible origen viral o autoinmune, que pueden provenir de una infecci\u00f3n viral en regiones del cerebro como la am\u00edgdala cerebral del l\u00f3bulo temporal, el t\u00e1lamo, el n\u00facleo caudado, el globus pallidum, en el mesenc\u00e9falo.<\/span><\/p>\n<p><span style=\"font-weight: 400; color: #000000;\">\u201cEn pacientes con s\u00edndrome de fatiga cr\u00f3nica y con problemas cognitivos predominantes, estos cambios pueden explicar las alteraciones en la actividad motora y la motivaci\u00f3n que presentan. Los cambios cerebrales tambi\u00e9n pueden aparecer en el t\u00e1lamo y la corteza cingulada en individuos que presentan dolores como s\u00edntomas predominantes y, en el hipocampo, en pacientes con depresi\u00f3n severa. Por lo tanto, es importante hacer estudios muy avanzados de imagenolog\u00eda cerebral para determinar las causas\u201d, apunta.<\/span><\/p>\n<p><span style=\"font-weight: 400; color: #000000;\">La doctora indica que es importante se\u00f1alar que estos s\u00edntomas deben durar, al menos, seis meses y ocurrir como m\u00ednimo la mitad del tiempo con una intensidad moderada o grave para ser diagnosticada como SFC.<\/span><\/p>\n<p><span style=\"font-weight: 400; color: #000000;\">\u201cOtro dato importante es que, hoy, sabemos que es una enfermedad heterog\u00e9nea y multifactorial y que un alto porcentaje de pacientes presentan s\u00edntomas psiqui\u00e1tricos, especialmente de depresi\u00f3n mayor que va en torno del 50 a 80% en estos pacientes. Esto no est\u00e1 implicado en su causa y, por lo tanto, el tratamiento de antidepresivos no cura el s\u00edndrome de fatiga cr\u00f3nica, pero s\u00ed soluciona otras molestias que el paciente tambi\u00e9n refiere\u201d, agrega.<\/span><\/p>\n<p><span style=\"font-weight: 400; color: #000000;\">A pesar de esto, la expectativa de vida del paciente con SFC no se ve tan afectada, pero s\u00ed hay una reducci\u00f3n y un impedimento sustancial en la habilidad para hacer actividades ocupacionales sociales o personales.\u00a0<\/span><\/p>\n<p><span style=\"font-weight: 400; color: #000000;\">\u201c En el plano mental eso influye mucho y da depresi\u00f3n, ansiedad, crisis de p\u00e1nico, sentimientos de impotencia, d\u00e9ficit en la concentraci\u00f3n e, incluso, ideas de suicidio; por eso no es raro que el paciente comience consultando a un psiquiatra como una de las primeras opciones al pensar que esto es una depresi\u00f3n. El cuadro es tan incapacitante que impide desarrollar una actividad laboral o acad\u00e9mica, algunas veces, hasta en un 85% de los pacientes\u201d, agrega la doctora.<\/span><\/p>\n<p><span style=\"font-weight: 400; color: #000000;\">El Centro para el Control y Prevenci\u00f3n de Enfermedades (CDC) de Estados Unidos advierte que no hay una cura o un tratamiento aprobado para el SFC. Sin embargo, algunos de los s\u00edntomas pueden ser tratados o manejados. El tratamiento puede dar alivio de esos s\u00edntomas a algunos pacientes, pero no a otros. Hay otras estrategias que pueden resultar \u00fatiles, como aprender nuevas formas de manejar la actividad.<\/span><\/p>\n<p><span style=\"font-weight: 400; color: #000000;\">\u201cLos pacientes, sus familias y los proveedores de atenci\u00f3n m\u00e9dica necesitan trabajar juntos para decidir cu\u00e1l de los s\u00edntomas causa m\u00e1s problemas. Ese es el que debe tratarse primero. Tambi\u00e9n deben analizar los posibles beneficios y perjuicios de cualquier plan de tratamiento, incluso de los medicamentos y otras terapias\u201d, apunta la organizaci\u00f3n.<\/span><\/p>","protected":false},"excerpt":{"rendered":"<p>El cuerpo pesa y la mente tambi\u00e9n, las actividades diarias se convierten en un suplicio y los dolores de cabeza empeoran las cosas, todos nos hemos sentido as\u00ed alguna vez en nuestras vidas; sin embargo, en la mayor\u00eda de las ocasiones estos padecimientos se disipan luego de un buen descanso, pero para entre el 0,3% &hellip; <a href=\"https:\/\/unifranz.edu.bo\/pt\/carreras\/el-drama-de-vivir-cansado-que-es-el-sindrome-de-fatiga-cronica\/\">Continued<\/a><\/p>","protected":false},"author":45,"featured_media":158596,"comment_status":"open","ping_status":"open","sticky":false,"template":"","format":"standard","meta":{"_acf_changed":false,"footnotes":""},"categories":[60,35,2566,1862,1946,1782],"tags":[49,240,7501,242],"class_list":["post-158590","post","type-post","status-publish","format-standard","has-post-thumbnail","hentry","category-blog","category-carreras","category-docente","category-educacion","category-medicina","category-unifranz","tag-medicina","tag-psicologia","tag-sindrome-de-fatiga-cronica","tag-unifranz"],"acf":[],"_links":{"self":[{"href":"https:\/\/unifranz.edu.bo\/pt\/wp-json\/wp\/v2\/posts\/158590","targetHints":{"allow":["GET"]}}],"collection":[{"href":"https:\/\/unifranz.edu.bo\/pt\/wp-json\/wp\/v2\/posts"}],"about":[{"href":"https:\/\/unifranz.edu.bo\/pt\/wp-json\/wp\/v2\/types\/post"}],"author":[{"embeddable":true,"href":"https:\/\/unifranz.edu.bo\/pt\/wp-json\/wp\/v2\/users\/45"}],"replies":[{"embeddable":true,"href":"https:\/\/unifranz.edu.bo\/pt\/wp-json\/wp\/v2\/comments?post=158590"}],"version-history":[{"count":1,"href":"https:\/\/unifranz.edu.bo\/pt\/wp-json\/wp\/v2\/posts\/158590\/revisions"}],"predecessor-version":[{"id":158600,"href":"https:\/\/unifranz.edu.bo\/pt\/wp-json\/wp\/v2\/posts\/158590\/revisions\/158600"}],"wp:featuredmedia":[{"embeddable":true,"href":"https:\/\/unifranz.edu.bo\/pt\/wp-json\/wp\/v2\/media\/158596"}],"wp:attachment":[{"href":"https:\/\/unifranz.edu.bo\/pt\/wp-json\/wp\/v2\/media?parent=158590"}],"wp:term":[{"taxonomy":"category","embeddable":true,"href":"https:\/\/unifranz.edu.bo\/pt\/wp-json\/wp\/v2\/categories?post=158590"},{"taxonomy":"post_tag","embeddable":true,"href":"https:\/\/unifranz.edu.bo\/pt\/wp-json\/wp\/v2\/tags?post=158590"}],"curies":[{"name":"wp","href":"https:\/\/api.w.org\/{rel}","templated":true}]}}