{"id":158395,"date":"2024-02-07T14:16:16","date_gmt":"2024-02-07T18:16:16","guid":{"rendered":"https:\/\/unifranz.edu.bo\/?p=158395"},"modified":"2024-02-07T15:51:58","modified_gmt":"2024-02-07T19:51:58","slug":"computacion-espacial-que-posibilidades-abre-esta-tecnologia-a-la-educacion","status":"publish","type":"post","link":"https:\/\/unifranz.edu.bo\/pt\/blog\/computacion-espacial-que-posibilidades-abre-esta-tecnologia-a-la-educacion\/","title":{"rendered":"Computaci\u00f3n espacial, qu\u00e9 posibilidades abre esta tecnolog\u00eda a la educaci\u00f3n"},"content":{"rendered":"<p><span style=\"color: #000000;\">Por Manuel Filomeno<\/span><\/p>\n<p><span style=\"font-weight: 400; color: #000000;\">Con un precio casi prohibitivo, Apple lanz\u00f3 hace unos d\u00edas su producto m\u00e1s revolucionario de los \u00faltimos tiempos, las Vision Pro, unas gafas de realidad mixta que permiten a su usuario, no solo navegar la realidad virtual, sino interactuar con el exterior al mismo tiempo; algo que la firma de Cupertino ha llamado \u201cComputaci\u00f3n Espacial\u201d.<\/span><\/p>\n<p><span style=\"font-weight: 400; color: #000000;\">Esta tecnolog\u00eda, desarrollada por lo menos en seis a\u00f1os, plantea un mundo de oportunidades para la educaci\u00f3n, as\u00ed como para el entretenimiento, la productividad y el desarrollo de nuevas aplicaciones, explica el ingeniero Juan Carlos Cuellar Sonco, docente de la carrera de Ingenier\u00eda de Sistemas de la Universidad Franz Tamayo, Unifranz.<\/span><\/p>\n<p><span style=\"font-weight: 400; color: #000000;\">\u201cEste dispositivo tiene un gran potencial educativo debido al car\u00e1cter mixto de su tecnolog\u00eda, que permite interactuar tanto con la realidad virtual como la realidad aumentada y lo que sucede a nuestro alrededor, permitiendo aplicaciones en arquitectura, medicina, programaci\u00f3n, y otras \u00e1reas del conocimiento\u201d, explica el experto.<\/span><\/p>\n<p><span style=\"font-weight: 400; color: #000000;\">Las nuevas \u00abgafas\u00bb son presentadas por\u00a0la compa\u00f1\u00eda\u00a0como\u00a0\u00abuna revolucionaria computadora\u00a0espacial\u00a0que fusiona el contenido digital con el mundo f\u00edsico a la perfecci\u00f3n y permite a los usuarios mantenerse presentes y en contacto con otras personas\u00bb.<\/span><\/p>\n<p><span style=\"font-weight: 400; color: #000000;\">Las Vision Pro son lentes de realidad virtual\u00a0que cuentan con un sistema operativo\u00a0y buscan ser\u00a0una especie de computadora con\u00a0un espacio de pantalla infinito. En todo este entorno se permite acceso a las mismas apps y programas que en una m\u00e1quina de escritorio.<\/span><\/p>\n<p><span style=\"font-weight: 400; color: #000000;\">Entre sus principales cualidades, la tecnolog\u00eda de los lentes permite que cuando otra persona se acerca al usuario en el mundo real, \u00e9ste\u00a0pueda ver a esa persona en la pantalla virtual.\u00a0<\/span><\/p>\n<p><span style=\"font-weight: 400; color: #000000;\">En ese caso, la persona podr\u00e1 ver normalmente los ojos del usuario, ya que la pantalla negra que los cubre\u00a0se desvanece cuando hay alguien cerca.<\/span><\/p>\n<p><span style=\"font-weight: 400; color: #000000;\">Los lentes tienen 256 GB de almacenamiento y la tecnolog\u00eda de seguimiento ocular del visor puede funcionar monitoreando solo un ojo dominante, para las personas que no tienen el uso completo de ambos ojos.<\/span><\/p>\n<p><span style=\"font-weight: 400; color: #000000;\">\u201cEs una herramienta poderosa la que nos est\u00e1n proponiendo en cuanto a lo que es la computaci\u00f3n espacial, que no es RA o RV, sino un mundo computacional virtual y las aplicaciones de esta tecnolog\u00eda no tienen l\u00edmites, como todos los dispositivos en el \u00e1rea inform\u00e1tica, sus l\u00edmites solo los pone la creatividad de la persona que vaya a utilizarla\u201d, indica Cuellar.<\/span><\/p>\n<p><span style=\"font-weight: 400; color: #000000;\">De acuerdo con el experto, lo que se busca con esta tecnolog\u00eda es llevar la experiencia del usuario a un mundo inmersivo donde personas de todo el mundo est\u00e1n interconectados y pueden trabajar colaborativamente como si estuvieran en la misma habitaci\u00f3n.<\/span><\/p>\n<p><span style=\"font-weight: 400; color: #000000;\">Esto nos va a permitir establecer comunicaci\u00f3n, conocimiento, ciencia, investigaci\u00f3n con todo el mundo. \u00c9se es el objetivo, interrelacionar a todos en una sola \u00e1rea de trabajo virtual. Medicina, tecnolog\u00eda, marketing, arquitectura e ingenier\u00edas y la ciencia en general van a ser beneficiadas con esta tecnolog\u00eda. Esto nos va a permitir visualizar sin tener que estar f\u00edsicamente en el lugar, entonces habilidades o posibilidades las tiene\u201d, apunta.<\/span><\/p>\n<p><span style=\"font-weight: 400; color: #000000;\">Por ejemplo, las Vision Pro pueden ser utilizadas en simuladores m\u00e9dicos, laboratorios, como recurso de conexi\u00f3n en el aprendizaje ciberf\u00edsico, entre otras aplicaciones.<\/span><\/p>\n<p><span style=\"font-weight: 400; color: #000000;\">Sin embargo, el ingeniero de sistemas se\u00f1ala que, actualmente, existe una gran limitaci\u00f3n que es el costo de los equipos.<\/span><\/p>\n<p><span style=\"color: #000000;\"><span style=\"font-weight: 400;\">Seg\u00fan el tarifario oficial de la compa\u00f1\u00eda tecnol\u00f3gica, el precio base de las Vision Pro ya alcanza el de un veh\u00edculo b\u00e1sico, se\u00f1ala Cuellar, pero a esto hay que a\u00f1adir la <\/span><i><span style=\"font-weight: 400;\">suite <\/span><\/i><span style=\"font-weight: 400;\">de perif\u00e9ricos y accesorios necesarios para su uso \u00f3ptimo, como estuches, bater\u00edas extra, filtros, ajustes y almacenamiento adicional, los cuales elevan a\u00fan m\u00e1s el costo.\u00a0\u00a0<\/span><\/span><\/p>\n<figure id=\"attachment_158399\" aria-describedby=\"caption-attachment-158399\" style=\"width: 821px\" class=\"wp-caption aligncenter\"><img loading=\"lazy\" decoding=\"async\" class=\"wp-image-158399\" src=\"https:\/\/unifranz.edu.bo\/wp-content\/uploads\/2024\/02\/f756003162-300x200.jpeg\" alt=\"\" width=\"821\" height=\"547\" srcset=\"https:\/\/unifranz.edu.bo\/wp-content\/uploads\/2024\/02\/f756003162-300x200.jpeg 300w, https:\/\/unifranz.edu.bo\/wp-content\/uploads\/2024\/02\/f756003162-768x512.jpeg 768w, https:\/\/unifranz.edu.bo\/wp-content\/uploads\/2024\/02\/f756003162-18x12.jpeg 18w, https:\/\/unifranz.edu.bo\/wp-content\/uploads\/2024\/02\/f756003162.jpeg 1000w\" sizes=\"auto, (max-width: 821px) 100vw, 821px\" \/><figcaption id=\"caption-attachment-158399\" class=\"wp-caption-text\"><em><span style=\"color: #000000;\">Plantea un mundo de oportunidades para la educaci\u00f3n, as\u00ed como para el entretenimiento, la productividad y el desarrollo de nuevas aplicaciones<\/span><\/em><\/figcaption><\/figure>\n<p><span style=\"font-weight: 400; color: #000000;\">Cuellar se\u00f1ala que estos costos hacen complicado para los usuarios comunes acceder a esta tecnolog\u00eda al momento, sobre todo en el caso de las instituciones educativas.<\/span><\/p>\n<p><span style=\"font-weight: 400; color: #000000;\">\u201cSus aplicaciones educativas tienen un gran potencial, sin embargo, estamos limitados por el tema del precio, que es sumamente alto, pero esto no significa que se pueda avanzar en el desarrollo de aplicaciones educativas con el futuro en mente\u201d, explica.<\/span><\/p>\n<p><span style=\"font-weight: 400; color: #000000;\">A pesar de estas limitaciones, Cuellar indica que la tecnolog\u00eda que estos lentes utilizan no es nueva, aunque s\u00ed de mejor calidad y definici\u00f3n, por lo que es muy probable que eso impulse al mercado a implementar las novedades que traen a sus propios dispositivos.<\/span><\/p>\n<p><span style=\"font-weight: 400; color: #000000;\">\u201cLos lentes Quest, principales competidores de las Vision Pro, ya integran varias de las tecnolog\u00edas que tienen y cuestan tan solo 500 d\u00f3lares, quien sabe si con el avance tecnol\u00f3gico estos precios se puedan reducir a\u00fan m\u00e1s, haci\u00e9ndolas m\u00e1s accesibles para las instituciones educativas que quieran utilizarlas\u201d, culmina.<\/span><\/p>","protected":false},"excerpt":{"rendered":"<p>Por Manuel Filomeno Con un precio casi prohibitivo, Apple lanz\u00f3 hace unos d\u00edas su producto m\u00e1s revolucionario de los \u00faltimos tiempos, las Vision Pro, unas gafas de realidad mixta que permiten a su usuario, no solo navegar la realidad virtual, sino interactuar con el exterior al mismo tiempo; algo que la firma de Cupertino ha &hellip; <a href=\"https:\/\/unifranz.edu.bo\/pt\/blog\/computacion-espacial-que-posibilidades-abre-esta-tecnologia-a-la-educacion\/\">Continued<\/a><\/p>","protected":false},"author":45,"featured_media":158396,"comment_status":"open","ping_status":"open","sticky":false,"template":"","format":"standard","meta":{"_acf_changed":false,"footnotes":""},"categories":[60,2566,1862,1708,2858,1686,2856,3378,1782],"tags":[7477,53,5466,242],"class_list":["post-158395","post","type-post","status-publish","format-standard","has-post-thumbnail","hentry","category-blog","category-docente","category-educacion","category-innovacion","category-innovacion-en-educacion","category-tecnologia","category-transformacion-digital-es","category-transformacion-en-educacion","category-unifranz","tag-computacion-espacial","tag-educacion","tag-tecnologia-educativa","tag-unifranz"],"acf":[],"_links":{"self":[{"href":"https:\/\/unifranz.edu.bo\/pt\/wp-json\/wp\/v2\/posts\/158395","targetHints":{"allow":["GET"]}}],"collection":[{"href":"https:\/\/unifranz.edu.bo\/pt\/wp-json\/wp\/v2\/posts"}],"about":[{"href":"https:\/\/unifranz.edu.bo\/pt\/wp-json\/wp\/v2\/types\/post"}],"author":[{"embeddable":true,"href":"https:\/\/unifranz.edu.bo\/pt\/wp-json\/wp\/v2\/users\/45"}],"replies":[{"embeddable":true,"href":"https:\/\/unifranz.edu.bo\/pt\/wp-json\/wp\/v2\/comments?post=158395"}],"version-history":[{"count":4,"href":"https:\/\/unifranz.edu.bo\/pt\/wp-json\/wp\/v2\/posts\/158395\/revisions"}],"predecessor-version":[{"id":158404,"href":"https:\/\/unifranz.edu.bo\/pt\/wp-json\/wp\/v2\/posts\/158395\/revisions\/158404"}],"wp:featuredmedia":[{"embeddable":true,"href":"https:\/\/unifranz.edu.bo\/pt\/wp-json\/wp\/v2\/media\/158396"}],"wp:attachment":[{"href":"https:\/\/unifranz.edu.bo\/pt\/wp-json\/wp\/v2\/media?parent=158395"}],"wp:term":[{"taxonomy":"category","embeddable":true,"href":"https:\/\/unifranz.edu.bo\/pt\/wp-json\/wp\/v2\/categories?post=158395"},{"taxonomy":"post_tag","embeddable":true,"href":"https:\/\/unifranz.edu.bo\/pt\/wp-json\/wp\/v2\/tags?post=158395"}],"curies":[{"name":"wp","href":"https:\/\/api.w.org\/{rel}","templated":true}]}}