{"id":158390,"date":"2024-02-07T12:41:31","date_gmt":"2024-02-07T16:41:31","guid":{"rendered":"https:\/\/unifranz.edu.bo\/?p=158390"},"modified":"2024-02-07T15:52:32","modified_gmt":"2024-02-07T19:52:32","slug":"15-de-los-bolivianos-pasan-mas-de-6-horas-al-dia-en-redes-sociales-segun-estudio","status":"publish","type":"post","link":"https:\/\/unifranz.edu.bo\/pt\/blog\/15-de-los-bolivianos-pasan-mas-de-6-horas-al-dia-en-redes-sociales-segun-estudio\/","title":{"rendered":"15% de los bolivianos pasan m\u00e1s de 6 horas al d\u00eda en redes sociales, seg\u00fan estudio"},"content":{"rendered":"<p><span style=\"color: #000000;\">Por Manuel Filomeno<\/span><\/p>\n<p><span style=\"color: #000000;\">Las redes sociales son parte de nuestras vidas, muchas personas las utilizan para informarse, entretenerse o mantenerse en contacto con sus amigos y seres queridos, sin embargo, el consumo excesivo de estas puede tener serias consecuencias.<\/span><\/p>\n<p><span style=\"color: #000000;\">De acuerdo con el estudio sobre consumos culturales en Cochabamba, La Paz y Santa Cruz, realizado por el Centro de Estudios de la Realidad Econ\u00f3mica y Social (Ceres) y el Center for International Private Enterprise (CIPE), los bolivianos invierten en redes sociales entre 1 hora y m\u00e1s de 6 horas al d\u00eda.<\/span><\/p>\n<p><span style=\"color: #000000;\">La encuesta fue realizada en las tres principales \u00e1reas metropolitanas de Bolivia en un total de 900 casos, con 300 entrevistas en cada una de las tres \u00e1reas metropolitanas.<\/span><\/p>\n<p><span style=\"color: #000000;\">\u201cEn cuanto a la cantidad de tiempo por d\u00eda que invierten los bolivianos en redes sociales, el 19% afirm\u00f3 que las usa menos de 1 hora al d\u00eda, el 31% estableci\u00f3 que utiliza las redes sociales de 1 a 2 horas por d\u00eda, otro 21 % afirm\u00f3 usarlas de 2 a 4 horas al d\u00eda y el 15% asevera pasar m\u00e1s de 6 horas al d\u00eda en redes sociales\u201d, se\u00f1ala la encuesta.<\/span><\/p>\n<p><span style=\"color: #000000;\">El estudio adem\u00e1s da cuenta de que las redes sociales m\u00e1s usadas por los bolivianos son Facebook (74%), Tiktok (40%) e Instagram (34%). Las menos populares son Twitter (14%) y Snapchat (11%)<\/span><\/p>\n<p><span style=\"color: #000000;\">De acuerdo con el estudio, el 93% de las personas de 18 a 32 a\u00f1os tiene una cuenta de Facebook, mientras que entre las personas de 33 a 57 a\u00f1os el porcentaje que tiene una cuenta es del 78% y el porcentaje entre las personas de 58 a\u00f1os o m\u00e1s es del 29%.\u00a0<\/span><\/p>\n<p><span style=\"color: #000000;\">En el caso de la segunda red social m\u00e1s consumida, Tiktok, el 66% de la poblaci\u00f3n de 18 a 32 a\u00f1os la usan, un 31% de las personas de 33 a 57 a\u00f1os tienen una cuenta, lo mismo que un\u00a0 7% de las personas de 58 a\u00f1os o m\u00e1s. Instagram, la tercera red social m\u00e1s utilizada, tiene como consumidores al 57% de las personas de 18 a 32 a\u00f1os, el 24% de las personas de 33 a 57 a\u00f1os y un 7% de las personas de 58 a\u00f1os o m\u00e1s a\u00f1os.<\/span><\/p>\n<p><span style=\"color: #000000;\">Los datos tambi\u00e9n muestran que el 79% de la poblaci\u00f3n usa Facebook todos o casi todos los d\u00edas, el 82% consume Tiktok diariamente y 52% de la poblaci\u00f3n usa Instagram todos o casi todos los d\u00edas.\u00a0<\/span><\/p>\n<p><span style=\"color: #000000;\">El comportamiento de los bolivianos en las redes se desarrolla de la siguiente manera: La mayor\u00eda tiene una actividad m\u00e1s pasiva que activa, ocupando en su mayor\u00eda el rol de consumidor que de productor. El 65% observa los contenidos sin hacer comentarios, el 24% comenta, comparte, participa y opina frente a contenidos y el 6% publica, edita, crea, construye y\/o recicla contenidos<\/span><\/p>\n<p><span style=\"color: #000000;\">El alto consumo, un posible problema<\/span><\/p>\n<p><span style=\"color: #000000;\">Seg\u00fan la Organizaci\u00f3n Mundial de la Salud (OMS) el uso excesivo de las tecnolog\u00edas o Internet tiene la misma consecuencia que una droga. De esta forma se ha determinado que la adicci\u00f3n a Internet y el uso excesivo de las nuevas tecnolog\u00edas como smartphones o tablets entre otros, se califica ya como enfermedad.<\/span><\/p>\n<p><span style=\"color: #000000;\">\u201cHay que educar para ense\u00f1ar a protegerse, porque estos peligros en Internet van a seguir existiendo.\u00a0Al parecer no toda la sociedad ha comprendido el impacto que el uso excesivo de RRSS tiene en la personalidad del individuo y en el desarrollo infantil y adolescente\u201d, sostiene Edwin Pocoaca, docente de la carrera de Psicolog\u00eda de la Universidad Franz Tamayo, Unifranz.<\/span><\/p>\n<p><span style=\"color: #000000;\">El uso de las tecnolog\u00edas ha generado cambios sociales que muestran un crecimiento tecnol\u00f3gico con muchos beneficios. Al mismo han surgido diversos tipos de dificultades con relaci\u00f3n a la tecnolog\u00eda como la ciberadicci\u00f3n, el cibercrimen.<\/span><\/p>\n<p><span style=\"color: #000000;\">\u201cEn relaci\u00f3n al uso excesivo e indebido de RRSS se ha incrementado\u00a0la aparici\u00f3n de\u00a0trastornos de sue\u00f1o, fatiga, ansiedad, estr\u00e9s, depresi\u00f3n y problemas de autoestima. Es decir que el\u00a0uso excesivo de las redes sociales alimenta los problemas de salud mental\u201d, dice el experto.<\/span><\/p>\n<p><span style=\"color: #000000;\">En diciembre de 2023,\u00a0el Parlamento Europeo lanz\u00f3 una alerta sobre la \u00abnaturaleza adictiva\u00bb de las redes sociales, plataformas de \u2018streaming\u2019, videojuegos en l\u00ednea y comercio electr\u00f3nico y exigi\u00f3 la adopci\u00f3n de normas para evitar que esos servicios perjudiquen a los ni\u00f1os.<\/span><\/p>\n<p><span style=\"color: #000000;\">En tanto, en Estados Unidos, a partir del 1 de marzo de este a\u00f1o, Utah se constituir\u00e1 en el primer estado de este pa\u00eds que limita el uso de redes sociales a menores de edad porque los j\u00f3venes que no superen los 18 a\u00f1os necesitar\u00e1n el consentimiento de alg\u00fan tutor legal para abrir diferentes aplicaciones, lo que puede impactar de forma considerable el acceso a redes como TikTok o Instagram.<\/span><\/p>\n<p><span style=\"color: #000000;\">Gastos en redes e internet<\/span><\/p>\n<p><span style=\"color: #000000;\">La encuesta se\u00f1ala que el internet y las redes sociales son productos de consumo que reflejan un mayor gasto. Un 35% de los bolivianos gast\u00f3 de 501 a 2000 Bs. seguido de un 24% que gast\u00f3 de 101 a 500 Bs. y de un elevado 20% que gast\u00f3 m\u00e1s de 2000 bolivianos en el \u00faltimo a\u00f1o.<\/span><\/p>\n<p><span style=\"color: #000000;\">\u201cHoy en d\u00eda el uso del internet es algo indispensable para la mayor\u00eda de la poblaci\u00f3n, ya sea como medio de entretenimiento o como medio de trabajo. Lo que es evidente es que los bolivianos est\u00e1n dispuestos a gastar m\u00e1s en internet que en otros tipos de consumos\u201d, explica.<\/span><\/p>\n<p><span style=\"color: #000000;\">En relaci\u00f3n a la edad, las personas de 33 a 57 a\u00f1os gastan m\u00e1s en internet, un 23% gast\u00f3 de 101 a 500 Bs., un 38% de 501 a 2000 Bs. y un 21% gast\u00f3 m\u00e1s de 2000 bs.\u00a0<\/span><\/p>\n<p><span style=\"color: #000000;\">Los j\u00f3venes de 18 a 32 a\u00f1os tambi\u00e9n gastan bastante en internet, 26% gast\u00f3 de 101 a 500 Bs., 31% de 501 a 2000 Bs. y 21% m\u00e1s de 2000 Bs. Las personas de 58 a\u00f1os o m\u00e1s, a pesar de ser las que menos gastan en comparaci\u00f3n a los otros grupos etarios, igualmente invierten bastante en internet, 21% gast\u00f3 de 101 a 500 Bs., 35% de 501 a 2000 Bs. y 11% m\u00e1s de 2000 Bs.<\/span><\/p>","protected":false},"excerpt":{"rendered":"<p>Por Manuel Filomeno Las redes sociales son parte de nuestras vidas, muchas personas las utilizan para informarse, entretenerse o mantenerse en contacto con sus amigos y seres queridos, sin embargo, el consumo excesivo de estas puede tener serias consecuencias. De acuerdo con el estudio sobre consumos culturales en Cochabamba, La Paz y Santa Cruz, realizado &hellip; <a href=\"https:\/\/unifranz.edu.bo\/pt\/blog\/15-de-los-bolivianos-pasan-mas-de-6-horas-al-dia-en-redes-sociales-segun-estudio\/\">Continued<\/a><\/p>","protected":false},"author":45,"featured_media":158391,"comment_status":"open","ping_status":"open","sticky":false,"template":"","format":"standard","meta":{"_acf_changed":false,"footnotes":""},"categories":[60,2566,2996,1686,1782],"tags":[7469,7467,1310,7471,681,4994,7475,7473,242],"class_list":["post-158390","post","type-post","status-publish","format-standard","has-post-thumbnail","hentry","category-blog","category-docente","category-informacion","category-tecnologia","category-unifranz","tag-bolivianos","tag-consumo-de-redes-sociales","tag-facebook","tag-instagram","tag-redes-sociales","tag-rrss","tag-titok","tag-twitter","tag-unifranz"],"acf":[],"_links":{"self":[{"href":"https:\/\/unifranz.edu.bo\/pt\/wp-json\/wp\/v2\/posts\/158390","targetHints":{"allow":["GET"]}}],"collection":[{"href":"https:\/\/unifranz.edu.bo\/pt\/wp-json\/wp\/v2\/posts"}],"about":[{"href":"https:\/\/unifranz.edu.bo\/pt\/wp-json\/wp\/v2\/types\/post"}],"author":[{"embeddable":true,"href":"https:\/\/unifranz.edu.bo\/pt\/wp-json\/wp\/v2\/users\/45"}],"replies":[{"embeddable":true,"href":"https:\/\/unifranz.edu.bo\/pt\/wp-json\/wp\/v2\/comments?post=158390"}],"version-history":[{"count":2,"href":"https:\/\/unifranz.edu.bo\/pt\/wp-json\/wp\/v2\/posts\/158390\/revisions"}],"predecessor-version":[{"id":158405,"href":"https:\/\/unifranz.edu.bo\/pt\/wp-json\/wp\/v2\/posts\/158390\/revisions\/158405"}],"wp:featuredmedia":[{"embeddable":true,"href":"https:\/\/unifranz.edu.bo\/pt\/wp-json\/wp\/v2\/media\/158391"}],"wp:attachment":[{"href":"https:\/\/unifranz.edu.bo\/pt\/wp-json\/wp\/v2\/media?parent=158390"}],"wp:term":[{"taxonomy":"category","embeddable":true,"href":"https:\/\/unifranz.edu.bo\/pt\/wp-json\/wp\/v2\/categories?post=158390"},{"taxonomy":"post_tag","embeddable":true,"href":"https:\/\/unifranz.edu.bo\/pt\/wp-json\/wp\/v2\/tags?post=158390"}],"curies":[{"name":"wp","href":"https:\/\/api.w.org\/{rel}","templated":true}]}}