{"id":155813,"date":"2024-01-11T22:24:52","date_gmt":"2024-01-12T02:24:52","guid":{"rendered":"https:\/\/unifranz.edu.bo\/?p=155813"},"modified":"2024-01-11T22:24:52","modified_gmt":"2024-01-12T02:24:52","slug":"futuro-equitativo-demanda-la-promocion-de-una-educacion-inclusiva","status":"publish","type":"post","link":"https:\/\/unifranz.edu.bo\/pt\/carreras\/futuro-equitativo-demanda-la-promocion-de-una-educacion-inclusiva\/","title":{"rendered":"Un futuro equitativo demanda la promoci\u00f3n de una educaci\u00f3n inclusiva\u00a0"},"content":{"rendered":"<p><span style=\"font-weight: 400; color: #000000;\">En un mundo donde la diversidad es una realidad innegable, la importancia de la educaci\u00f3n inclusiva se destaca como un pilar fundamental para construir sociedades equitativas y sostenibles.\u00a0<\/span><\/p>\n<p><span style=\"font-weight: 400; color: #000000;\">La educaci\u00f3n inclusiva se basa en el reconocimiento de la diversidad de los estudiantes y en la necesidad de adaptar el sistema educativo para que todas las personas puedan aprender y participar plenamente.\u00a0<\/span><\/p>\n<p><span style=\"font-weight: 400; color: #000000;\">Para la Organizaci\u00f3n de las Naciones Unidas para la Educaci\u00f3n, la Ciencia y la Cultura (Unesco) cada educando es tan importante como cualquier otro, pero eso no quita que millones de personas en todo el mundo sigan excluidas de la educaci\u00f3n por razones de g\u00e9nero, orientaci\u00f3n sexual, origen \u00e9tnico o social, lengua, religi\u00f3n, nacionalidad, situaci\u00f3n econ\u00f3mica o discapacidad.\u00a0<\/span><\/p>\n<p><span style=\"font-weight: 400; color: #000000;\">\u201cLa educaci\u00f3n inclusiva se esfuerza en identificar y eliminar todas las barreras que impiden acceder a la educaci\u00f3n y trabaja en todos los \u00e1mbitos, desde el plan de estudio hasta la pedagog\u00eda y la ense\u00f1anza\u201d, asegura el organismo internacional.<\/span><\/p>\n<p><span style=\"font-weight: 400; color: #000000;\">La inclusi\u00f3n educativa no s\u00f3lo es un derecho, sino tambi\u00e9n una herramienta poderosa para el desarrollo integral de las personas y la promoci\u00f3n de una convivencia respetuosa. Se fundamenta en la idea de ofrecer oportunidades educativas a todos, independientemente de sus diferencias. No se trata simplemente de integrar a estudiantes con discapacidades, sino de crear entornos educativos que celebren la diversidad en todas sus formas.<\/span><\/p>\n<p><span style=\"font-weight: 400; color: #000000;\">\u201cLa educaci\u00f3n inclusiva es un proceso que busca asegurar que todos los estudiantes, independientemente de sus diferencias, tengan acceso a una educaci\u00f3n de calidad. Esto incluye a los estudiantes con discapacidades, estudiantes de origen socioecon\u00f3mico bajo, estudiantes migrantes, estudiantes LGBTIQ+ y otros que pueden ser marginados o excluidos del sistema educativo\u201d, indica, por su parte, Ariel Villarroel, experto de la Jefatura de Ense\u00f1anza Aprendizaje (JEA) de la Universidad Franz Tamayo, Unifranz.<\/span><\/p>\n<p><span style=\"color: #000000;\"><b>Beneficios de la educaci\u00f3n inclusiva<\/b><\/span><\/p>\n<p><span style=\"font-weight: 400; color: #000000;\">Uno de los principales beneficios de la educaci\u00f3n inclusiva es la construcci\u00f3n de sociedades m\u00e1s justas y tolerantes. Al fomentar la convivencia y el respeto desde las aulas, se sientan las bases para comunidades que valoran y aprecian las diferencias, enriqueciendo as\u00ed el tejido social.<\/span><\/p>\n<p><span style=\"font-weight: 400; color: #000000;\">Adem\u00e1s, la educaci\u00f3n inclusiva contribuye al desarrollo personal y acad\u00e9mico de todos los estudiantes. Al adaptar los m\u00e9todos de ense\u00f1anza para satisfacer las necesidades individuales, se crea un ambiente propicio para el aprendizaje significativo. Esto no s\u00f3lo beneficia a aquellos con discapacidades, sino que mejora la experiencia educativa de todos los estudiantes.<\/span><\/p>\n<p><span style=\"font-weight: 400; color: #000000;\">La inclusi\u00f3n tambi\u00e9n tiene un impacto positivo en el mundo laboral. Al fomentar la igualdad desde la educaci\u00f3n, se prepara a las nuevas generaciones para un futuro donde la diversidad y la colaboraci\u00f3n son esenciales.\u00a0<\/span><\/p>\n<p><span style=\"font-weight: 400; color: #000000;\">Las habilidades sociales desarrolladas en entornos inclusivos, como la empat\u00eda y la comprensi\u00f3n, son vitales en el \u00e1mbito laboral y contribuyen al \u00e9xito profesional.<\/span><\/p>\n<p>&nbsp;<\/p>\n<figure id=\"attachment_155815\" aria-describedby=\"caption-attachment-155815\" style=\"width: 881px\" class=\"wp-caption alignnone\"><img loading=\"lazy\" decoding=\"async\" class=\"wp-image-155815\" src=\"https:\/\/unifranz.edu.bo\/wp-content\/uploads\/2024\/01\/JO\u0301VENES-1-1-300x200.jpg\" alt=\"\" width=\"881\" height=\"587\" srcset=\"https:\/\/unifranz.edu.bo\/wp-content\/uploads\/2024\/01\/JO\u0301VENES-1-1-300x200.jpg 300w, https:\/\/unifranz.edu.bo\/wp-content\/uploads\/2024\/01\/JO\u0301VENES-1-1-1024x683.jpg 1024w, https:\/\/unifranz.edu.bo\/wp-content\/uploads\/2024\/01\/JO\u0301VENES-1-1-768x512.jpg 768w, https:\/\/unifranz.edu.bo\/wp-content\/uploads\/2024\/01\/JO\u0301VENES-1-1-1536x1024.jpg 1536w, https:\/\/unifranz.edu.bo\/wp-content\/uploads\/2024\/01\/JO\u0301VENES-1-1-2048x1365.jpg 2048w, https:\/\/unifranz.edu.bo\/wp-content\/uploads\/2024\/01\/JO\u0301VENES-1-1-18x12.jpg 18w\" sizes=\"auto, (max-width: 881px) 100vw, 881px\" \/><figcaption id=\"caption-attachment-155815\" class=\"wp-caption-text\"><\/span> <span style=\"color: #000000;\">Un futuro equitativo demanda la promoci\u00f3n de una educaci\u00f3n inclusiva<\/span><\/figcaption><\/figure>\n<p><span style=\"color: #000000;\"><b>Retos y oportunidades<\/b><\/span><\/p>\n<p><span style=\"font-weight: 400; color: #000000;\">Villarroel asegura que la educaci\u00f3n inclusiva tiene en la actualidad muchos retos, pero tambi\u00e9n oportunidades y menciona nueve:<\/span><\/p>\n<ul>\n<li style=\"font-weight: 400;\" aria-level=\"1\"><span style=\"font-weight: 400; color: #000000;\">Formar a los maestros sobre c\u00f3mo ense\u00f1ar a estudiantes con diferentes necesidades.<\/span><\/li>\n<li style=\"font-weight: 400;\" aria-level=\"1\"><span style=\"font-weight: 400; color: #000000;\">Desarrollar materiales educativos que sean accesibles para todos los estudiantes.<\/span><\/li>\n<li style=\"font-weight: 400;\" aria-level=\"1\"><span style=\"font-weight: 400; color: #000000;\">Crear un ambiente escolar seguro y acogedor para todos los estudiantes.<\/span><\/li>\n<li style=\"font-weight: 400;\" aria-level=\"1\"><span style=\"font-weight: 400; color: #000000;\">Trabajar con las familias de los estudiantes para apoyar su aprendizaje.<\/span><\/li>\n<li style=\"font-weight: 400;\" aria-level=\"1\"><span style=\"font-weight: 400; color: #000000;\">Ofrecer programas de apoyo para estudiantes con discapacidad<\/span><\/li>\n<li style=\"font-weight: 400;\" aria-level=\"1\"><span style=\"font-weight: 400; color: #000000;\">Adaptar el curr\u00edculo a las necesidades de todos los estudiantes.<\/span><\/li>\n<li style=\"font-weight: 400;\" aria-level=\"1\"><span style=\"font-weight: 400; color: #000000;\">Eliminar las barreras que impiden el acceso y la participaci\u00f3n de todos los estudiantes en el sistema educativo.<\/span><\/li>\n<li style=\"font-weight: 400;\" aria-level=\"1\"><span style=\"font-weight: 400; color: #000000;\">Garantizar que todos los estudiantes reciban una educaci\u00f3n de calidad que les permita alcanzar su m\u00e1ximo potencial.<\/span><\/li>\n<li style=\"font-weight: 400;\" aria-level=\"1\"><span style=\"font-weight: 400; color: #000000;\">Promover el respeto y la comprensi\u00f3n de la diversidad.<\/span><\/li>\n<\/ul>\n<p><span style=\"font-weight: 400; color: #000000;\">\u201cAl tomar estas medidas, las escuelas pueden ayudar a crear un sistema educativo en el que todos los estudiantes se sientan bienvenidos, valorados y aceptados\u201d, agrega.<\/span><\/p>\n<p><span style=\"font-weight: 400; color: #000000;\">En el pa\u00eds existe una amplia normativa que instituye la inclusividad en la educaci\u00f3n. La Constituci\u00f3n Pol\u00edtica del Estado (Art. 77) establece que \u201cla educaci\u00f3n constituye una funci\u00f3n suprema y primera responsabilidad financiera del Estado, que tiene la obligaci\u00f3n indeclinable de sostenerla, garantizarla y gestionarla\u201d.<\/span><\/p>\n<p><span style=\"font-weight: 400; color: #000000;\">En tanto, la Ley de Educaci\u00f3n Avelino Si\u00f1ani \u2013 Elizardo P\u00e9rez refuerza el precepto del derecho humano de acceder a una educaci\u00f3n de calidad, sin discriminaci\u00f3n, independientemente de su condici\u00f3n o situaci\u00f3n.\u00a0<\/span><\/p>\n<p><span style=\"font-weight: 400; color: #000000;\">Villarroel reflexiona que, a pocos d\u00edas de la celebraci\u00f3n del D\u00eda Internacional de la Educaci\u00f3n (24 de enero), es crucial recordar que la educaci\u00f3n inclusiva no es s\u00f3lo un objetivo, sino un compromiso continuo.\u00a0<\/span><\/p>\n<p><span style=\"font-weight: 400; color: #000000;\">\u201cLas instituciones educativas, los gobiernos y la sociedad en su conjunto deben trabajar juntos para eliminar barreras y garantizar que todos tengan acceso a una educaci\u00f3n de calidad, independientemente de sus circunstancias\u201d, manifiesta.<\/span><\/p>\n<p><span style=\"font-weight: 400; color: #000000;\">La educaci\u00f3n inclusiva no solo transforma vidas, sino que tambi\u00e9n moldea el futuro de nuestras comunidades. Al abrazar la diversidad en las aulas, estamos construyendo cimientos s\u00f3lidos para un mundo donde cada individuo puede alcanzar su m\u00e1ximo potencial.\u00a0 <\/span><\/p>","protected":false},"excerpt":{"rendered":"<p>En un mundo donde la diversidad es una realidad innegable, la importancia de la educaci\u00f3n inclusiva se destaca como un pilar fundamental para construir sociedades equitativas y sostenibles.\u00a0 La educaci\u00f3n inclusiva se basa en el reconocimiento de la diversidad de los estudiantes y en la necesidad de adaptar el sistema educativo para que todas las &hellip; <a href=\"https:\/\/unifranz.edu.bo\/pt\/carreras\/futuro-equitativo-demanda-la-promocion-de-una-educacion-inclusiva\/\">Continued<\/a><\/p>","protected":false},"author":45,"featured_media":155814,"comment_status":"open","ping_status":"open","sticky":false,"template":"","format":"standard","meta":{"_acf_changed":false,"footnotes":""},"categories":[60,35,2566,1862,1708,2858,1782],"tags":[5706,7135,242],"class_list":["post-155813","post","type-post","status-publish","format-standard","has-post-thumbnail","hentry","category-blog","category-carreras","category-docente","category-educacion","category-innovacion","category-innovacion-en-educacion","category-unifranz","tag-educacion-inclusiva","tag-futuro-equitativo","tag-unifranz"],"acf":[],"_links":{"self":[{"href":"https:\/\/unifranz.edu.bo\/pt\/wp-json\/wp\/v2\/posts\/155813","targetHints":{"allow":["GET"]}}],"collection":[{"href":"https:\/\/unifranz.edu.bo\/pt\/wp-json\/wp\/v2\/posts"}],"about":[{"href":"https:\/\/unifranz.edu.bo\/pt\/wp-json\/wp\/v2\/types\/post"}],"author":[{"embeddable":true,"href":"https:\/\/unifranz.edu.bo\/pt\/wp-json\/wp\/v2\/users\/45"}],"replies":[{"embeddable":true,"href":"https:\/\/unifranz.edu.bo\/pt\/wp-json\/wp\/v2\/comments?post=155813"}],"version-history":[{"count":1,"href":"https:\/\/unifranz.edu.bo\/pt\/wp-json\/wp\/v2\/posts\/155813\/revisions"}],"predecessor-version":[{"id":155816,"href":"https:\/\/unifranz.edu.bo\/pt\/wp-json\/wp\/v2\/posts\/155813\/revisions\/155816"}],"wp:featuredmedia":[{"embeddable":true,"href":"https:\/\/unifranz.edu.bo\/pt\/wp-json\/wp\/v2\/media\/155814"}],"wp:attachment":[{"href":"https:\/\/unifranz.edu.bo\/pt\/wp-json\/wp\/v2\/media?parent=155813"}],"wp:term":[{"taxonomy":"category","embeddable":true,"href":"https:\/\/unifranz.edu.bo\/pt\/wp-json\/wp\/v2\/categories?post=155813"},{"taxonomy":"post_tag","embeddable":true,"href":"https:\/\/unifranz.edu.bo\/pt\/wp-json\/wp\/v2\/tags?post=155813"}],"curies":[{"name":"wp","href":"https:\/\/api.w.org\/{rel}","templated":true}]}}