{"id":155804,"date":"2024-01-11T22:05:28","date_gmt":"2024-01-12T02:05:28","guid":{"rendered":"https:\/\/unifranz.edu.bo\/?p=155804"},"modified":"2024-01-11T22:05:28","modified_gmt":"2024-01-12T02:05:28","slug":"como-elegir-la-carrera-universitaria-correcta","status":"publish","type":"post","link":"https:\/\/unifranz.edu.bo\/pt\/blog\/como-elegir-la-carrera-universitaria-correcta\/","title":{"rendered":"\u00bfC\u00f3mo elegir la carrera universitaria correcta?"},"content":{"rendered":"<div>\n<p><span style=\"color: #000000;\">En el crucial paso hacia la vida universitaria, elegir la carrera adecuada se convierte en una decisi\u00f3n que afectar\u00e1 el futuro profesional y personal de cada estudiante. M\u00e1s all\u00e1 de la frase \u00abelige la carrera que quieras\u00bb, se hace indispensable un proceso de reflexi\u00f3n y decisi\u00f3n informada.<\/span><\/p>\n<\/div>\n<div>\n<p><span style=\"color: #000000;\">Gabriela sali\u00f3 bachiller el pasado a\u00f1o. Su sue\u00f1o es estudiar Medicina, pero los test de orientaci\u00f3n vocacional que realiz\u00f3 en el colegio dieron como resultado que sus aptitudes est\u00e1n m\u00e1s dirigidas a las ciencias sociales, como Psicolog\u00eda o Derecho.<\/span><\/p>\n<\/div>\n<div>\n<p><span style=\"color: #000000;\">La joven siente que est\u00e1 en una encrucijada porque sus pap\u00e1s dejaron la elecci\u00f3n en sus manos. Si bien quiere cumplir con su sue\u00f1o, no quiere equivocarse en su decisi\u00f3n. El tiempo corre en su contra, porque la mayor\u00eda de las universidades ya iniciaron inscripciones.<\/span><\/p>\n<\/div>\n<div>\n<p><span style=\"color: #000000;\">Medicina, Odontolog\u00eda, Bioqu\u00edmica y Farmacia, Enfermer\u00eda, Psicolog\u00eda, Derecho, Econom\u00eda o Ingenier\u00eda de Sistemas, entre otros, son un abanico de oportunidades que se abren a los ojos de los futuros universitarios.<\/span><\/p>\n<\/div>\n<div>\n<p><span style=\"color: #000000;\">\u00bfCu\u00e1l elegir? Para tomar la decisi\u00f3n correcta, es necesario que el estudiante analice cu\u00e1l es su vocaci\u00f3n y reconozca sus intereses, habilidades y cu\u00e1les son sus perspectivas de desarrollo laboral a mediano y largo plazo, asegura Ariel Quispe, pedagogo y responsable de la Jefatura de Ense\u00f1anza Aprendizaje (JEA) de la Universidad Franz Tamayo, Unifranz.<\/span><\/p>\n<\/div>\n<div>\n<p><span style=\"color: #000000;\">El primer paso, seg\u00fan el acad\u00e9mico, es realizar una\u00a0<b>introspecci\u00f3n profunda<\/b>, donde el estudiante debe reconocer sus intereses, competencias y metas profesionales a mediano y largo plazo. Este proceso personal es esencial para entender las motivaciones que impulsar\u00e1n su trayectoria acad\u00e9mica y profesional.<\/span><\/p>\n<\/div>\n<div>\n<p><span style=\"color: #000000;\">Posteriormente, se debe tomar una\u00a0<b>decisi\u00f3n informada<\/b>\u00a0que implica revisar detalladamente los planes de estudio de las carreras de inter\u00e9s, as\u00ed como dialogar con familiares y amigos que ya est\u00e9n cursando esas carreras. La elecci\u00f3n no debe basarse \u00fanicamente en opiniones externas, sino en un an\u00e1lisis propio y profundo.<\/span><\/p>\n<\/div>\n<div>\n<p><span style=\"color: #000000;\">Existen, sin embargo, algunos aspectos que se deben considerar al momento de realizar esta evaluaci\u00f3n ya que, hoy en d\u00eda, los estudiantes pertenecen a generaciones con prioridades diferentes, que van m\u00e1s all\u00e1 del salario o las horas de trabajo.<\/span><\/p>\n<\/div>\n<div>\n<p><span style=\"color: #000000;\">\u201cActualmente, los estudiantes que est\u00e1n ingresando a las universidades pertenecen a la generaci\u00f3n Z y pronto asistir\u00e1n los de la generaci\u00f3n Alfa. Es necesario indicar que las personas pertenecientes a estas generaciones tienen otras prioridades, tales como el ambiente laboral, las oportunidades de crecimiento, el reconocimiento, medio ambiente y redes sociales, entre otras\u201d, dice Quispe.<\/span><\/p>\n<\/div>\n<div>\n<p><span style=\"color: #000000;\">Tambi\u00e9n es esencial considerar aspectos como aspiraciones personales, demanda laboral, flexibilidad, adaptabilidad y otros elementos del entorno laboral moderno.<\/span><\/p>\n<\/div>\n<div>\n<p><span style=\"color: #000000;\"><b>Ikigai y prop\u00f3sito de vida<\/b><\/span><\/p>\n<\/div>\n<div>\n<p><span style=\"color: #000000;\">Para Quispe, el concepto japon\u00e9s de Ikigai se presenta como una gu\u00eda valiosa para encontrar el prop\u00f3sito de vida.<\/span><\/p>\n<\/div>\n<div>\n<p><span style=\"color: #000000;\">Ikigai es un concepto que significa raz\u00f3n de vivir o raz\u00f3n de ser. Se trata de la combinaci\u00f3n de las palabras japonesas\u00a0<i>iki<\/i>, que se traduce como vida y\u00a0<i>gai<\/i>, que se traduce como valor. Se basa en cuatro nociones principales: lo que amas (tu pasi\u00f3n); lo que necesita el mundo (tu misi\u00f3n); en lo que eres bueno (tu vocaci\u00f3n); y por lo que te pueden pagar (tu profesi\u00f3n).<\/span><\/p>\n<\/div>\n<div>\n<p><span style=\"color: #000000;\">El prop\u00f3sito de vida es resultado de la intersecci\u00f3n entre lo que te apasiona hacer y en lo que eres bueno. Empero, no tiene por qu\u00e9 haber un \u00fanico y perfecto prop\u00f3sito, ya que los intereses y valores, as\u00ed como el deseo de mejorar, evolucionan con el tiempo.<\/span><\/p>\n<\/div>\n<div>\n<p><span style=\"color: #000000;\">\u00a0\u201cEl objetivo es que el estudiante encuentre su prop\u00f3sito de vida. La misi\u00f3n ser\u00e1 la intersecci\u00f3n de lo que ama hacer y lo que el mundo necesita, la pasi\u00f3n ser\u00e1 la intersecci\u00f3n entre lo que es bueno y lo que ama hacer y la vocaci\u00f3n ser\u00e1 la intersecci\u00f3n entre lo que el mundo necesita y por lo que le pueden pagar\u201d, explica el acad\u00e9mico.<\/span><\/p>\n<\/div>\n<div>\n<p><span style=\"color: #000000;\">Un test vocacional podr\u00eda mostrar algunas opciones o algunas tendencias o \u00e1reas de formaci\u00f3n, pero, solamente con reflexi\u00f3n y an\u00e1lisis se llegar\u00e1 a una decisi\u00f3n informada.<\/span><\/p>\n<\/div>\n<div>\n<figure><img loading=\"lazy\" decoding=\"async\" src=\"https:\/\/static.eldeber.com.bo\/\/Files\/Sizes\/2024\/1\/11\/unifranz-_474668716_763x300.png\" alt=\"Unifranz \" width=\"976\" height=\"549\" \/><figcaption><span style=\"color: #000000;\">El prop\u00f3sito de vida es resultado de la intersecci\u00f3n entre lo que te apasiona hacer y en lo que eres bueno<\/span><\/p>\n<\/figcaption><\/figure>\n<\/div>\n<div>\n<p><span style=\"color: #000000;\"><b>Elecci\u00f3n propia y desarrollo de competencias<\/b><\/span><\/p>\n<\/div>\n<div>\n<p><span style=\"color: #000000;\">Aunque muchos padres buscan orientar a sus hijos en la elecci\u00f3n de carrera, es fundamental que el estudiante sea el que tome la decisi\u00f3n. Experimentar y afrontar las consecuencias de las elecciones fortalece no s\u00f3lo la formaci\u00f3n profesional sino tambi\u00e9n el desarrollo de competencias blandas.<\/span><\/p>\n<\/div>\n<div>\n<p><span style=\"color: #000000;\">\u201cMuchos padres tienen la mejor de las intenciones al orientar a sus hijos en torno a la elecci\u00f3n de una carrera universitaria. Sin embargo, si el estudiante elige lo que su padre, madre o alg\u00fan familiar desea, podr\u00eda descubrir que en alg\u00fan momento de la carrera lo que eligi\u00f3 no lo satisface del todo y optar\u00e1 por un cambio de carrera, por eso es necesario que sea el estudiante quien tome la decisi\u00f3n sobre qu\u00e9 estudiar, pero que tambi\u00e9n sepa que no todas las asignaturas le gustar\u00e1n y que debe afrontar las consecuencias y responsabilidades de esa elecci\u00f3n\u201d, puntualiza el pedagogo.<\/span><\/p>\n<\/div>\n<div>\n<p><span style=\"color: #000000;\">La edad tampoco es determinante para conocer el prop\u00f3sito de vida. Reconocer las fortalezas y oportunidades de mejora al salir del colegio, as\u00ed como distinguir aptitudes, actitudes y pasiones, son pasos esenciales para encontrar el lugar en el que convergen las cosas que nos gusta hacer y las cosas que se nos dan especialmente bien, como dir\u00eda Ken Robinson, en su obra El Elemento.<\/span><\/p>\n<\/div>\n<div>\n<p><span style=\"color: #000000;\">Para Quispe, \u201cla edad es relativa, pues una persona no necesariamente conoce su prop\u00f3sito de vida a los 16, 17 o 18 a\u00f1os, sin embargo, es importante que un estudiante reconozca las fortalezas y oportunidades de mejora con las cuales sale del colegio, pero tambi\u00e9n es necesario que distinga sus aptitudes, actitudes y pasiones\u201d.<\/span><\/p>\n<\/div>\n<div>\n<p><span style=\"color: #000000;\"><b>Orientaci\u00f3n vocacional<\/b><\/span><\/p>\n<\/div>\n<div>\n<p><span style=\"color: #000000;\">La orientaci\u00f3n vocacional brinda un espectro de posibilidades y ayuda al estudiante a discernir sobre su elecci\u00f3n a trav\u00e9s de una decisi\u00f3n informada. Es un recurso valioso para explorar inclinaciones y afinidades.<\/span><\/p>\n<\/div>\n<div>\n<p><span style=\"color: #000000;\">La realizaci\u00f3n de un test vocacional pretende ayudar a la persona a conocer su orientaci\u00f3n profesional y saber, de primera mano, cu\u00e1les son los trabajos en los que podr\u00eda destacar.<\/span><\/p>\n<\/div>\n<div>\n<p><span style=\"color: #000000;\">Es fundamental conocer qu\u00e9 tipos de trabajo se adaptan mejor a cada persona por su car\u00e1cter o gustos. Las cualidades de cada uno hacen que seamos capaces de realizar mejor unos trabajos o tareas que otros.<\/span><\/p>\n<\/div>\n<div>\n<p><span style=\"color: #000000;\">Elegir la carrera universitaria adecuada es un proceso en constante evoluci\u00f3n. La reflexi\u00f3n continua y el autoconocimiento son las herramientas clave para tomar decisiones que no s\u00f3lo impulsen el crecimiento profesional, sino que tambi\u00e9n brinden satisfacci\u00f3n personal a lo largo del camino acad\u00e9mico y laboral.<\/span><\/p>\n<\/div>","protected":false},"excerpt":{"rendered":"<p>En el crucial paso hacia la vida universitaria, elegir la carrera adecuada se convierte en una decisi\u00f3n que afectar\u00e1 el futuro profesional y personal de cada estudiante. M\u00e1s all\u00e1 de la frase \u00abelige la carrera que quieras\u00bb, se hace indispensable un proceso de reflexi\u00f3n y decisi\u00f3n informada. Gabriela sali\u00f3 bachiller el pasado a\u00f1o. Su sue\u00f1o &hellip; <a href=\"https:\/\/unifranz.edu.bo\/pt\/blog\/como-elegir-la-carrera-universitaria-correcta\/\">Continued<\/a><\/p>","protected":false},"author":45,"featured_media":155805,"comment_status":"open","ping_status":"open","sticky":false,"template":"","format":"standard","meta":{"_acf_changed":false,"footnotes":""},"categories":[60,2186,2566,1862,1708,2858,1782],"tags":[90,3364,7131,242],"class_list":["post-155804","post","type-post","status-publish","format-standard","has-post-thumbnail","hentry","category-blog","category-carreras-es","category-docente","category-educacion","category-innovacion","category-innovacion-en-educacion","category-unifranz","tag-carrera","tag-carrera-universitaria","tag-como-elegirla","tag-unifranz"],"acf":[],"_links":{"self":[{"href":"https:\/\/unifranz.edu.bo\/pt\/wp-json\/wp\/v2\/posts\/155804","targetHints":{"allow":["GET"]}}],"collection":[{"href":"https:\/\/unifranz.edu.bo\/pt\/wp-json\/wp\/v2\/posts"}],"about":[{"href":"https:\/\/unifranz.edu.bo\/pt\/wp-json\/wp\/v2\/types\/post"}],"author":[{"embeddable":true,"href":"https:\/\/unifranz.edu.bo\/pt\/wp-json\/wp\/v2\/users\/45"}],"replies":[{"embeddable":true,"href":"https:\/\/unifranz.edu.bo\/pt\/wp-json\/wp\/v2\/comments?post=155804"}],"version-history":[{"count":1,"href":"https:\/\/unifranz.edu.bo\/pt\/wp-json\/wp\/v2\/posts\/155804\/revisions"}],"predecessor-version":[{"id":155806,"href":"https:\/\/unifranz.edu.bo\/pt\/wp-json\/wp\/v2\/posts\/155804\/revisions\/155806"}],"wp:featuredmedia":[{"embeddable":true,"href":"https:\/\/unifranz.edu.bo\/pt\/wp-json\/wp\/v2\/media\/155805"}],"wp:attachment":[{"href":"https:\/\/unifranz.edu.bo\/pt\/wp-json\/wp\/v2\/media?parent=155804"}],"wp:term":[{"taxonomy":"category","embeddable":true,"href":"https:\/\/unifranz.edu.bo\/pt\/wp-json\/wp\/v2\/categories?post=155804"},{"taxonomy":"post_tag","embeddable":true,"href":"https:\/\/unifranz.edu.bo\/pt\/wp-json\/wp\/v2\/tags?post=155804"}],"curies":[{"name":"wp","href":"https:\/\/api.w.org\/{rel}","templated":true}]}}