{"id":155546,"date":"2024-01-05T13:27:13","date_gmt":"2024-01-05T17:27:13","guid":{"rendered":"https:\/\/unifranz.edu.bo\/?p=155546"},"modified":"2024-01-05T13:27:13","modified_gmt":"2024-01-05T17:27:13","slug":"internado-rotatorio-a-la-colombiana-vivian-paso-su-ultima-etapa-de-formacion-para-graduarse-de-bioquimica-y-farmacia","status":"publish","type":"post","link":"https:\/\/unifranz.edu.bo\/pt\/blog\/internado-rotatorio-a-la-colombiana-vivian-paso-su-ultima-etapa-de-formacion-para-graduarse-de-bioquimica-y-farmacia\/","title":{"rendered":"Internado rotatorio a la colombiana, Vivian pas\u00f3 su \u00faltima etapa de formaci\u00f3n para graduarse de Bioqu\u00edmica y Farmacia"},"content":{"rendered":"<p><span style=\"color: #000000;\">Vivian Ochoa hizo su internado rotatorio en el Hospital Universitario San Rafael de Tunja, Colombia gracias al programa de Internacionalizaci\u00f3n de la Universidad Franz Tamayo, Unifranz. En este tiempo adquiri\u00f3 destrezas en investigaci\u00f3n cient\u00edfica, seguimiento farmacoterap\u00e9utico hospitalario, se rode\u00f3 de expertos en laboratorio y gan\u00f3 experiencia en el manejo de equipos de alta tecnolog\u00eda.<\/span><\/p>\n<p><span style=\"color: #000000;\">\u201cMi experiencia de internacionalizaci\u00f3n me ayud\u00f3 a crecer y a superarme a m\u00ed misma. El conocer a personas de diferentes pa\u00edses ampli\u00f3 mi visi\u00f3n del mundo, conociendo otras culturas y relacion\u00e1ndome con j\u00f3venes que tambi\u00e9n est\u00e1n iniciando sus carreras como bioqu\u00edmicos farmac\u00e9uticos\u201d, dijo Ochoa.<\/span><\/p>\n<p><span style=\"color: #000000;\">El programa Internacional\u00edzate de Unifranz, abre las puertas a los estudiantes para que tengan la oportunidad de ingresar a un mercado laboral globalizado, obtener relaciones con profesionales altamente capacitados y reforzar su visi\u00f3n intercultural. Unifranz ejecuta el proyecto a fin de que los j\u00f3venes cursen un semestre en una de las universidades del mundo con las que se tienen suscritos m\u00e1s de 70 convenios.<\/span><\/p>\n<p><img loading=\"lazy\" decoding=\"async\" class=\"alignnone wp-image-155549 size-large\" src=\"https:\/\/unifranz.edu.bo\/wp-content\/uploads\/2024\/01\/WhatsApp-Image-2023-12-29-at-11.51.49-819x1024.jpeg\" alt=\"\" width=\"819\" height=\"1024\" srcset=\"https:\/\/unifranz.edu.bo\/wp-content\/uploads\/2024\/01\/WhatsApp-Image-2023-12-29-at-11.51.49-819x1024.jpeg 819w, https:\/\/unifranz.edu.bo\/wp-content\/uploads\/2024\/01\/WhatsApp-Image-2023-12-29-at-11.51.49-240x300.jpeg 240w, https:\/\/unifranz.edu.bo\/wp-content\/uploads\/2024\/01\/WhatsApp-Image-2023-12-29-at-11.51.49-768x960.jpeg 768w, https:\/\/unifranz.edu.bo\/wp-content\/uploads\/2024\/01\/WhatsApp-Image-2023-12-29-at-11.51.49-1229x1536.jpeg 1229w, https:\/\/unifranz.edu.bo\/wp-content\/uploads\/2024\/01\/WhatsApp-Image-2023-12-29-at-11.51.49-10x12.jpeg 10w, https:\/\/unifranz.edu.bo\/wp-content\/uploads\/2024\/01\/WhatsApp-Image-2023-12-29-at-11.51.49.jpeg 1280w\" sizes=\"auto, (max-width: 819px) 100vw, 819px\" \/><\/p>\n<p><span style=\"color: #000000;\">\u201cCon la internacionalizaci\u00f3n tienes una visi\u00f3n nueva y m\u00e1s amplia de tu carrera profesional. Aprendes metodolog\u00edas de estudio distintas a las que tenemos en Bolivia que te ayudan a la formaci\u00f3n. Adem\u00e1s, te permite generar una red de contactos, amigos y colegas que el d\u00eda de ma\u00f1ana podr\u00e1n facilitarte una oportunidad laboral. Ahora, las mismas empresas buscan profesionales de otros pa\u00edses\u201d, se\u00f1al\u00f3 Mar\u00eda Fernanda Oll\u00e9, coordinadora nacional de movilidad internacional de la Unifranz.<\/span><\/p>\n<p><span style=\"color: #000000;\">Las competencias del profesional en Bioqu\u00edmica y Farmacia de Unifranz le permite desarrollar terapias g\u00e9nicas, medicamentos biotecnol\u00f3gicos y t\u00e9cnicas de modificaci\u00f3n gen\u00e9tica. Identifica trastornos y enfermedades a trav\u00e9s de pruebas bioqu\u00edmicas y an\u00e1lisis cl\u00ednicos.<\/span><\/p>\n<p><span style=\"color: #000000;\">Adem\u00e1s, realiza el seguimiento farmacoterap\u00e9utico hospitalario y gestiona la distribuci\u00f3n de productos en la industria farmac\u00e9utica, conocimientos que potencia realizando su internado rotatorio a trav\u00e9s de la experiencia de Internacionalizaci\u00f3n.<\/span><\/p>\n<p><span style=\"color: #000000;\"><strong>Tres consejos para vivir con \u00e9xito la Internacionalizaci\u00f3n<\/strong><\/span><\/p>\n<p><span style=\"color: #000000;\">La internacionalizaci\u00f3n forma parte del ADN de Unifranz, que despleg\u00f3 un esfuerzo para estrechar lazos con universidades en los cinco continentes. Ochoa brinda algunos consejos para aquellos j\u00f3venes que est\u00e1n por vivir esta experiencia.<\/span><\/p>\n<p><span style=\"color: #000000;\">\u201cPrimero, no tengan miedo de aventurarse a algo nuevo, dejen que la vida los sorprenda. Segundo, disfruten cada momento, salgan a conocer nuevos lugares y personas, no desaprovechen ninguna oportunidad. Y tercero, cu\u00eddense siempre, es bueno ser aventurero, pero tambi\u00e9n ser cuidadoso, sobre todo en las ciudades que uno no conoce muy bien\u201d, precis\u00f3 Oll\u00e9.<\/span><\/p>\n<p><span style=\"color: #000000;\">Vivian no desaprovech\u00f3 ninguna oportunidad y se aventur\u00f3 a conocer diferentes atractivos tur\u00edsticos como Villa de Leyva, Raquira y Duitama, municipios que pertenecen al departamento de Boyac\u00e1 y se caracterizan por sus hermosos paisajes naturales y su calidad de trabajos artesanales. Tambi\u00e9n recorri\u00f3 las calles de Santa Marta y disfrut\u00f3 de las playas de Cartagena.<\/span><\/p>\n<p><img loading=\"lazy\" decoding=\"async\" class=\"alignnone wp-image-155550 size-large\" src=\"https:\/\/unifranz.edu.bo\/wp-content\/uploads\/2024\/01\/WhatsApp-Image-2023-12-29-at-11.52.05-1024x1024.jpeg\" alt=\"\" width=\"1024\" height=\"1024\" srcset=\"https:\/\/unifranz.edu.bo\/wp-content\/uploads\/2024\/01\/WhatsApp-Image-2023-12-29-at-11.52.05-1024x1024.jpeg 1024w, https:\/\/unifranz.edu.bo\/wp-content\/uploads\/2024\/01\/WhatsApp-Image-2023-12-29-at-11.52.05-300x300.jpeg 300w, https:\/\/unifranz.edu.bo\/wp-content\/uploads\/2024\/01\/WhatsApp-Image-2023-12-29-at-11.52.05-768x768.jpeg 768w, https:\/\/unifranz.edu.bo\/wp-content\/uploads\/2024\/01\/WhatsApp-Image-2023-12-29-at-11.52.05-12x12.jpeg 12w, https:\/\/unifranz.edu.bo\/wp-content\/uploads\/2024\/01\/WhatsApp-Image-2023-12-29-at-11.52.05.jpeg 1200w\" sizes=\"auto, (max-width: 1024px) 100vw, 1024px\" \/><\/p>\n<p><span style=\"color: #000000;\"><strong>Intercambio cultural<\/strong><\/span><\/p>\n<p><span style=\"color: #000000;\">El programa de Internacionalizaci\u00f3n no s\u00f3lo forma profesionales de clase mundial, sino tambi\u00e9n, crea y fortalece v\u00ednculos interculturales. Estudiantes de distintas universidades del mundo coinciden en una sola ciudad durante uno o dos semestres para complementar su carrera profesional y, en paralelo, exponen sus costumbres y tradiciones de los pa\u00edses de los que llegan.<\/span><\/p>\n<p><span style=\"color: #000000;\">\u201cYo soy amante de la gastronom\u00eda boliviana y me di el gusto de cocinar asaditos y tranca pecho, dos platos que me encantan y que les hice probar a mis compa\u00f1eros. Este tipo de experiencia genera algo muy fuerte como ciudadanos del mundo y nos permite establecer lazos para toda la vida con los futuros colegas\u201d, mencion\u00f3 Ochoa.<\/span><\/p>\n<p><span style=\"color: #000000;\">Tambi\u00e9n se refiri\u00f3 a la an\u00e9cdota del que se convirti\u00f3 en el primer sismo que vivi\u00f3 en su vida. Relata que eran aproximadamente las 12 del mediod\u00eda y se encontraba en el hospital junto a sus compa\u00f1eras, cuando de pronto sinti\u00f3 una especie de mareo y vio como los casilleros que ten\u00eda enfrente empezaron a temblar, recuerda escuchar la voz de la jefa de laboratorio pidiendo que evac\u00faen el edificio.<\/span><\/p>\n<p><span style=\"color: #000000;\">\u201cEl sismo fue de 5,7 grados en la escala de Richter, pero doy gracias que no provoc\u00f3 da\u00f1os estructurales muy graves ni ning\u00fan herido. Fue una experiencia totalmente nueva para m\u00ed, para la que ahora ya s\u00e9 c\u00f3mo actuar de manera inmediata en caso vuelva a estar en un escenario similar\u201d, resalt\u00f3 la joven.<\/span><\/p>\n<p><span style=\"color: #000000;\">Encuentra m\u00e1s informaci\u00f3n de la carrera de Bioqu\u00edmica y Farmacia y del programa de Internacionalizaci\u00f3n en el siguiente enlace:<\/span> <a href=\"https:\/\/ux.unifranz.edu.bo\/\">https:\/\/ux.unifranz.edu.bo\/<\/a><\/p>\n<p><img loading=\"lazy\" decoding=\"async\" class=\"alignnone wp-image-155551 size-large\" src=\"https:\/\/unifranz.edu.bo\/wp-content\/uploads\/2024\/01\/WhatsApp-Image-2023-12-29-at-11.51.52-1024x768.jpeg\" alt=\"\" width=\"1024\" height=\"768\" srcset=\"https:\/\/unifranz.edu.bo\/wp-content\/uploads\/2024\/01\/WhatsApp-Image-2023-12-29-at-11.51.52-1024x768.jpeg 1024w, https:\/\/unifranz.edu.bo\/wp-content\/uploads\/2024\/01\/WhatsApp-Image-2023-12-29-at-11.51.52-300x225.jpeg 300w, https:\/\/unifranz.edu.bo\/wp-content\/uploads\/2024\/01\/WhatsApp-Image-2023-12-29-at-11.51.52-768x576.jpeg 768w, https:\/\/unifranz.edu.bo\/wp-content\/uploads\/2024\/01\/WhatsApp-Image-2023-12-29-at-11.51.52-16x12.jpeg 16w, https:\/\/unifranz.edu.bo\/wp-content\/uploads\/2024\/01\/WhatsApp-Image-2023-12-29-at-11.51.52.jpeg 1280w\" sizes=\"auto, (max-width: 1024px) 100vw, 1024px\" \/><\/p>","protected":false},"excerpt":{"rendered":"<p>Vivian Ochoa hizo su internado rotatorio en el Hospital Universitario San Rafael de Tunja, Colombia gracias al programa de Internacionalizaci\u00f3n de la Universidad Franz Tamayo, Unifranz. En este tiempo adquiri\u00f3 destrezas en investigaci\u00f3n cient\u00edfica, seguimiento farmacoterap\u00e9utico hospitalario, se rode\u00f3 de expertos en laboratorio y gan\u00f3 experiencia en el manejo de equipos de alta tecnolog\u00eda. \u201cMi &hellip; <a href=\"https:\/\/unifranz.edu.bo\/pt\/blog\/internado-rotatorio-a-la-colombiana-vivian-paso-su-ultima-etapa-de-formacion-para-graduarse-de-bioquimica-y-farmacia\/\">Continued<\/a><\/p>","protected":false},"author":33,"featured_media":155548,"comment_status":"open","ping_status":"open","sticky":false,"template":"","format":"standard","meta":{"_acf_changed":false,"footnotes":""},"categories":[1948,60,1608],"tags":[888,310,1170,1650,7057,7059],"class_list":["post-155546","post","type-post","status-publish","format-standard","has-post-thumbnail","hentry","category-bioquimica-y-farmacia","category-blog","category-internacionalizacion","tag-bioquimica-y-farmacia-es","tag-colombia","tag-internado-rotatorio","tag-mejores-universidades-de-bolivia","tag-programa-de-internacionalizacion","tag-universidades-con-intercambio-internacional"],"acf":[],"_links":{"self":[{"href":"https:\/\/unifranz.edu.bo\/pt\/wp-json\/wp\/v2\/posts\/155546","targetHints":{"allow":["GET"]}}],"collection":[{"href":"https:\/\/unifranz.edu.bo\/pt\/wp-json\/wp\/v2\/posts"}],"about":[{"href":"https:\/\/unifranz.edu.bo\/pt\/wp-json\/wp\/v2\/types\/post"}],"author":[{"embeddable":true,"href":"https:\/\/unifranz.edu.bo\/pt\/wp-json\/wp\/v2\/users\/33"}],"replies":[{"embeddable":true,"href":"https:\/\/unifranz.edu.bo\/pt\/wp-json\/wp\/v2\/comments?post=155546"}],"version-history":[{"count":1,"href":"https:\/\/unifranz.edu.bo\/pt\/wp-json\/wp\/v2\/posts\/155546\/revisions"}],"predecessor-version":[{"id":155552,"href":"https:\/\/unifranz.edu.bo\/pt\/wp-json\/wp\/v2\/posts\/155546\/revisions\/155552"}],"wp:featuredmedia":[{"embeddable":true,"href":"https:\/\/unifranz.edu.bo\/pt\/wp-json\/wp\/v2\/media\/155548"}],"wp:attachment":[{"href":"https:\/\/unifranz.edu.bo\/pt\/wp-json\/wp\/v2\/media?parent=155546"}],"wp:term":[{"taxonomy":"category","embeddable":true,"href":"https:\/\/unifranz.edu.bo\/pt\/wp-json\/wp\/v2\/categories?post=155546"},{"taxonomy":"post_tag","embeddable":true,"href":"https:\/\/unifranz.edu.bo\/pt\/wp-json\/wp\/v2\/tags?post=155546"}],"curies":[{"name":"wp","href":"https:\/\/api.w.org\/{rel}","templated":true}]}}