{"id":155479,"date":"2024-01-03T15:28:06","date_gmt":"2024-01-03T19:28:06","guid":{"rendered":"https:\/\/unifranz.edu.bo\/?p=155479"},"modified":"2024-01-03T15:28:06","modified_gmt":"2024-01-03T19:28:06","slug":"economia-creativa-acelera-el-progreso-global-y-regional","status":"publish","type":"post","link":"https:\/\/unifranz.edu.bo\/pt\/blog\/economia-creativa-acelera-el-progreso-global-y-regional\/","title":{"rendered":"Econom\u00eda creativa acelera el progreso global y regional"},"content":{"rendered":"<div>\n<p><span style=\"color: #000000;\">En una era donde la creatividad se erige como la materia prima esencial, contrarrestando antiguos paradigmas de gesti\u00f3n y extracci\u00f3n de recursos,\u00a0<strong>la<\/strong><strong>\u00a0econom\u00eda creativa se posiciona como el catalizador del progreso global.\u00a0<\/strong><\/span><\/p>\n<\/div>\n<div>\n<p><span style=\"color: #000000;\">En este escenario, la humanidad se encuentra inmersa en un ritmo acelerado que demanda revertir los pasivos generados, especialmente el impacto clim\u00e1tico y la explotaci\u00f3n desmedida de recursos naturales.<\/span><\/p>\n<\/div>\n<div>\n<p><span style=\"color: #000000;\">\u201cNos comemos el planeta a dos veces la velocidad que deb\u00edamos. Y, adem\u00e1s, eso ha ocasionado unas luchas por el poder para explotar los recursos que ha hecho que la corrupci\u00f3n sea nuestro principal enemigo\u201d, indica Rolando L\u00f3pez, estratega de gesti\u00f3n y transformaci\u00f3n empresarial y vicerrector de la Universidad Franz Tamayo, Unifranz Cochabamba.\u00a0<\/span><\/p>\n<\/div>\n<div>\n<p><span style=\"color: #000000;\">La conciencia de la finitud de los recursos naturales y la necesidad de encontrar soluciones sostenibles ha llevado a una reflexi\u00f3n profunda sobre la<strong>\u00a0importancia de la educaci\u00f3n como activo clave<\/strong>. La mente humana, el \u00aboro gris\u00bb, se presenta como el recurso m\u00e1s valioso, capaz de impulsar la transformaci\u00f3n y generar soluciones innovadoras.<\/span><\/p>\n<\/div>\n<div>\n<p><span style=\"color: #000000;\">L\u00f3pez asegura que el ser humano es capaz de transformarse y\u00a0<strong>transformar su entorno<\/strong>, en momentos de inspiraci\u00f3n y desesperaci\u00f3n. \u201cEso hace que entendamos que la educaci\u00f3n sea el mayor activo para revertir los pasivos, y el oro gris, es decir la mente humana, sea hoy el mayor activo, tal vez no codiciado, pero que s\u00ed deber\u00eda ser explotado\u201d.<\/span><\/p>\n<\/div>\n<div>\n<p><span style=\"color: #000000;\"><strong>Econom\u00eda creativa<\/strong><\/span><\/p>\n<\/div>\n<div>\n<p><span style=\"color: #000000;\">La econom\u00eda creativa surge de dos corrientes principales: la anglosajona, representada por instituciones como Harvard, y la econom\u00eda naranja, impulsada desde la regi\u00f3n latinoamericana. Ambas corrientes convergen en la creaci\u00f3n de<strong>\u00a0un tejido econ\u00f3mico basado en la creatividad<\/strong>, la cultura y la tecnolog\u00eda.<\/span><\/p>\n<\/div>\n<div>\n<p><span style=\"color: #000000;\">Creatividad, habilidades, ingenio y talento, tanto individual como colectivo, son los ingredientes fundamentales de la econom\u00eda creativa, que es\u00a0<strong>capaz de generar productos y servicios que fusionan valores econ\u00f3micos y culturales<\/strong>\u00a0que, en interacci\u00f3n con la innovaci\u00f3n y la tecnolog\u00eda, generan puestos de trabajo, ingresos, desarrollo econ\u00f3mico local y ganancias, cuyo principal poder tiene su fundamento en la propiedad intelectual.<\/span><\/p>\n<\/div>\n<div>\n<p><span style=\"color: #000000;\">La econom\u00eda creativa abarca la\u00a0cultura\u00a0(arte, entretenimiento, gastronom\u00eda, arquitectura, dise\u00f1o, moda y publicidad, entre otros) y el\u00a0conocimiento (investigaci\u00f3n y desarrollo, educaci\u00f3n, inform\u00e1tica, telecomunicaciones, alta tecnolog\u00eda, rob\u00f3tica y nanotecnolog\u00eda o inteligencia artificial, entre otros).<\/span><iframe loading=\"lazy\" title=\"Cochabamba impulsa la econom\u00eda creativa como un eje de transformaci\u00f3n.\" src=\"https:\/\/www.youtube.com\/embed\/pryxMQhSv7s\" width=\"853\" height=\"480\" frameborder=\"0\" allowfullscreen=\"allowfullscreen\" data-mce-fragment=\"1\"><\/iframe><\/p>\n<\/div>\n<div>\n<p><span style=\"color: #000000;\"><strong>Impulso desde el IPEE<\/strong><\/span><\/p>\n<\/div>\n<div>\n<p><span style=\"color: #000000;\">L\u00f3pez destaca que, en la capital del Valle, el Instituto de Progreso Econ\u00f3mico Empresarial (IPEE), centro de pensamiento estrat\u00e9gico de Unifranz, en colaboraci\u00f3n con entidades gubernamentales y empresariales locales, ha mapeado la huella creativa de Cochabamba, buscando soluciones a los retos econ\u00f3micos actuales.\u00a0<\/span><\/p>\n<\/div>\n<div>\n<p><span style=\"color: #000000;\">La iniciativa ha involucrado a diversas instituciones, como la Federaci\u00f3n de Empresarios Privados de Cochabamba y la C\u00e1mara de Comercio e Industria de esa ciudad, demostrando que la colaboraci\u00f3n es clave para el \u00e9xito.<\/span><\/p>\n<\/div>\n<div>\n<p><span style=\"color: #000000;\"><strong>Sacar del anonimato a los emprendedores creativos<\/strong>\u00a0para hacerlos agentes VIP, visibiliz\u00e1ndolos, integr\u00e1ndolos y promovi\u00e9ndolos era el desaf\u00edo. El Censo de Econom\u00eda Naranja permiti\u00f3 dar ese gran paso.\u00a0<\/span><\/p>\n<\/div>\n<div>\n<p><span style=\"color: #000000;\">\u201cLos integramos a trav\u00e9s de ese cl\u00faster que hemos llamado Ecosistema Tur\u00edstico para Salud y Educaci\u00f3n \u2018for export\u2019 (\u2026) y los promovimos a trav\u00e9s del Emprendefest, que era una mezcla de academia y fiesta, porque en el fondo se encontraba gente que sabe que ha desarrollado la econom\u00eda creativa en Latinoam\u00e9rica, que est\u00e1 en organismos reguladores y financiadores, y, principalmente, los emprendedores (\u2026)\u201d, sostiene L\u00f3pez.<\/span><\/p>\n<\/div>\n<div>\n<p><span style=\"color: #000000;\">El enfoque estrat\u00e9gico del IPEE se ha centrado en transformar la educaci\u00f3n, llevando el conocimiento de la mente a la acci\u00f3n y fomentando un aprendizaje con sentido. La universidad ha liderado un cambio hacia la econom\u00eda creativa, inspirando a otras instituciones a seguir este camino.<\/span><\/p>\n<\/div>\n<div>\n<p><span style=\"color: #000000;\">El Censo de Econom\u00eda Naranja permiti\u00f3 conocer cu\u00e1ntos cochabambinos se dedican a hacer econom\u00eda creativa. El resultado no s\u00f3lo es positivo sino alentador porque\u00a0<strong>facilit\u00f3 su identificaci\u00f3n y\u00a0 formaci\u00f3n\u00a0<\/strong>a fin de iniciar el proceso de transformaci\u00f3n de la base econ\u00f3mica de Cochabamba hacia la econom\u00eda creativa.<\/span><\/p>\n<\/div>\n<div>\n<p><span style=\"color: #000000;\">\u201cNo solamente hicimos el censo, sino un mapping donde geolocalizamos y referenciamos toda la informaci\u00f3n en un software\u201d, asegura L\u00f3pez.\u00a0\u00a0<\/span><\/p>\n<\/div>\n<div>\n<p><span style=\"color: #000000;\">\u201cTodo tiene que ver con nuestro prop\u00f3sito como universidad. Transformar la educaci\u00f3n es transformar la forma de aprender. Eso quiere decir que el conocimiento pasivo que reside en la mente\u00a0<strong>hay que trasladarlo al conocimiento de las manos, del pensar y saber al hacer<\/strong>. Y eso le llamamos aprendizaje significativo, el que deja huella interna; pero el que deja huella externa es el aprendizaje con sentido, el capaz de transformar el entorno\u201d, agrega el acad\u00e9mico.<\/span><\/p>\n<\/div>\n<div>\n<p><span style=\"color: #000000;\">Cochabamba se posiciona como un ejemplo de ciudad inteligente, impulsada por la creatividad y la tecnolog\u00eda.\u00a0<\/span><\/p>\n<\/div>\n<div>\n<p><span style=\"color: #000000;\">El despertar del talento creativo ha dado paso a una industria sostenible basada en el turismo, la gastronom\u00eda, el arte y la tecnolog\u00eda. Este modelo, inicialmente dise\u00f1ado para Cochabamba, est\u00e1 dispuesto a inspirar y<strong>\u00a0adaptarse a cualquier regi\u00f3n del pa\u00eds<\/strong>\u00a0que busque desarrollar su talento y econom\u00eda de manera innovadora.<\/span><\/p>\n<\/div>","protected":false},"excerpt":{"rendered":"<p>En una era donde la creatividad se erige como la materia prima esencial, contrarrestando antiguos paradigmas de gesti\u00f3n y extracci\u00f3n de recursos,\u00a0la\u00a0econom\u00eda creativa se posiciona como el catalizador del progreso global.\u00a0 En este escenario, la humanidad se encuentra inmersa en un ritmo acelerado que demanda revertir los pasivos generados, especialmente el impacto clim\u00e1tico y la &hellip; <a href=\"https:\/\/unifranz.edu.bo\/pt\/blog\/economia-creativa-acelera-el-progreso-global-y-regional\/\">Continued<\/a><\/p>","protected":false},"author":45,"featured_media":155480,"comment_status":"open","ping_status":"open","sticky":false,"template":"","format":"standard","meta":{"_acf_changed":false,"footnotes":""},"categories":[60,5100,4450,280,2726,2566,6597,2756,2130,1782],"tags":[37,4512,1058,1926,7027,242],"class_list":["post-155479","post","type-post","status-publish","format-standard","has-post-thumbnail","hentry","category-blog","category-bolivia","category-campana","category-cochabamba","category-creatividad","category-docente","category-economia-creativa","category-economia-naranja","category-ipee-es","category-unifranz","tag-cochabamba","tag-economia-creativa","tag-economia-naranja","tag-ipee","tag-progreso-global","tag-unifranz"],"acf":[],"_links":{"self":[{"href":"https:\/\/unifranz.edu.bo\/pt\/wp-json\/wp\/v2\/posts\/155479","targetHints":{"allow":["GET"]}}],"collection":[{"href":"https:\/\/unifranz.edu.bo\/pt\/wp-json\/wp\/v2\/posts"}],"about":[{"href":"https:\/\/unifranz.edu.bo\/pt\/wp-json\/wp\/v2\/types\/post"}],"author":[{"embeddable":true,"href":"https:\/\/unifranz.edu.bo\/pt\/wp-json\/wp\/v2\/users\/45"}],"replies":[{"embeddable":true,"href":"https:\/\/unifranz.edu.bo\/pt\/wp-json\/wp\/v2\/comments?post=155479"}],"version-history":[{"count":1,"href":"https:\/\/unifranz.edu.bo\/pt\/wp-json\/wp\/v2\/posts\/155479\/revisions"}],"predecessor-version":[{"id":155481,"href":"https:\/\/unifranz.edu.bo\/pt\/wp-json\/wp\/v2\/posts\/155479\/revisions\/155481"}],"wp:featuredmedia":[{"embeddable":true,"href":"https:\/\/unifranz.edu.bo\/pt\/wp-json\/wp\/v2\/media\/155480"}],"wp:attachment":[{"href":"https:\/\/unifranz.edu.bo\/pt\/wp-json\/wp\/v2\/media?parent=155479"}],"wp:term":[{"taxonomy":"category","embeddable":true,"href":"https:\/\/unifranz.edu.bo\/pt\/wp-json\/wp\/v2\/categories?post=155479"},{"taxonomy":"post_tag","embeddable":true,"href":"https:\/\/unifranz.edu.bo\/pt\/wp-json\/wp\/v2\/tags?post=155479"}],"curies":[{"name":"wp","href":"https:\/\/api.w.org\/{rel}","templated":true}]}}