{"id":154583,"date":"2023-12-29T11:16:20","date_gmt":"2023-12-29T15:16:20","guid":{"rendered":"https:\/\/unifranz.edu.bo\/?p=154583"},"modified":"2023-12-29T11:16:20","modified_gmt":"2023-12-29T15:16:20","slug":"psicologia-de-unifranz-marca-huella-en-la-salud-mental-de-el-alto","status":"publish","type":"post","link":"https:\/\/unifranz.edu.bo\/pt\/blog\/psicologia-de-unifranz-marca-huella-en-la-salud-mental-de-el-alto\/","title":{"rendered":"Psicolog\u00eda de Unifranz marca huella en la salud mental de El Alto"},"content":{"rendered":"<p><span style=\"color: #000000;\">El programa \u00abAmar es Educar\u00bb de la carrera de Psicolog\u00eda de la Universidad Franz Tamayo, Unifranz, contin\u00faa dejando huella en la ciudad, impactando positivamente en la salud mental de la comunidad de El Alto. Durante esta gesti\u00f3n, aproximadamente 2.000 personas, entre j\u00f3venes de 15 unidades educativas, padres de familia y la comunidad en general de la urbe se beneficiaron con m\u00faltiples actividades, todas relacionadas con la salud mental y la intervenci\u00f3n biopsicosocial.<\/span><\/p>\n<p><span style=\"color: #000000;\">\u00abLos talleres y capacitaciones proporcionan a la poblaci\u00f3n de El Alto las herramientas necesarias para cuidar su salud mental, lo que impacta en c\u00f3mo pensamos, sentimos y actuamos en nuestras vidas diarias\u00bb, afirm\u00f3 la directora de la carrera, Eliana Exalto.<\/span><\/p>\n<p><span style=\"color: #000000;\">950 j\u00f3venes y 891 padres de familia participaron de charlas, talleres, conversatorios, ferias y otro tipo de intervenciones realizadas por estudiantes y docentes de la carrera de Psicolog\u00eda que conforman la brigada.<\/span><\/p>\n<p><span style=\"color: #000000;\">A lo largo de la gesti\u00f3n, 15 unidades educativas de la ciudad de El Alto se beneficiaron con diversas actividades, donde se abordaron tem\u00e1ticas como: adaptabilidad, responsabilidad y comunicaci\u00f3n, prevenci\u00f3n en violencia, enamoramiento, noviazgo, psicolog\u00eda del amor, sexualidad, violencia en el hogar, orientaci\u00f3n sexual, ansiedad, p\u00e1nico esc\u00e9nico, bullying entre otros.<\/span><\/p>\n<p><span style=\"color: #000000;\">Adem\u00e1s, la Brigada acudi\u00f3 a diversas actividades institucionales como en la Festi feria de\u00a0<\/span><span style=\"color: #000000;\">Sexualidad organizada por el Gobierno Municipal de El Alto, la Feria Multidisciplinaria de Proyectos Sociocomunitarios Productivos a nivel Distrito Educativo Achocalla, la Feria de Prevenci\u00f3n de Consumo de Alcohol y Violencia, la campa\u00f1a Operaci\u00f3n Sonrisa, entre otras.<\/span><\/p>\n<p><iframe loading=\"lazy\" style=\"border: none; overflow: hidden;\" src=\"https:\/\/www.facebook.com\/plugins\/video.php?href=https%3A%2F%2Fwww.facebook.com%2FUnifranzElAltoOficial%2Fvideos%2F1497162517744895%2F%3Fref%3Dembed_video&amp;show_text=0&amp;width=560\" width=\"560\" height=\"315\" frameborder=\"0\" scrolling=\"no\" allowfullscreen=\"allowfullscreen\"><\/iframe><\/p>\n<p><span style=\"color: #000000;\">\u201cAmar es Educar\u201d es una iniciativa de la carrera de Psicolog\u00eda de Unifranz El Alto, orientada a generar espacios de reflexi\u00f3n, colaboraci\u00f3n y responsabilidad social desde un enfoque biopsicosocial con diferentes sectores de la sociedad y en trabajo colaborativo con diversas instituciones de la sociedad tanto p\u00fablicas como privadas, Polic\u00eda Nacional, Fuerzas Armadas, Defensor\u00eda del Pueblo, Redes de Lucha contra la Violencia, Universidad Policial, Asociaci\u00f3n de Gobiernos Municipales de La Paz (Agamdepaz), Gobierno Aut\u00f3nomo Municipal de El Alto, entre otras.<\/span><\/p>\n<p><span style=\"color: #000000;\">Los temas que se abordan est\u00e1n relacionados con la salud mental desde la intervenci\u00f3n biopsicosocial, para que el ser humano, desde la ni\u00f1ez hasta la adultez, tenga un impacto en la forma en que piensa, siente y act\u00faa frente a la vida, dice Exalto. \u201cCon los talleres y capacitaciones que brindamos, la poblaci\u00f3n de El Alto tiene las herramientas necesarias para cuidar su salud mental\u00bb.\u00a0<\/span><\/p>\n<p><span style=\"color: #000000;\">La intervenci\u00f3n psicosocial es una disciplina encuadrada dentro de la psicolog\u00eda social, que tiene como objetivo central incrementar el bienestar individual y colectivo, a trav\u00e9s del desarrollo psicol\u00f3gico de las personas y de sus vinculaciones con el entorno social.<\/span><\/p>\n<figure id=\"attachment_154588\" aria-describedby=\"caption-attachment-154588\" style=\"width: 545px\" class=\"wp-caption aligncenter\"><img loading=\"lazy\" decoding=\"async\" class=\"wp-image-154588\" src=\"https:\/\/unifranz.edu.bo\/wp-content\/uploads\/2023\/12\/feriapsicocontraviolencia-2-1024x683.jpg\" alt=\"\" width=\"545\" height=\"363\" srcset=\"https:\/\/unifranz.edu.bo\/wp-content\/uploads\/2023\/12\/feriapsicocontraviolencia-2-1024x683.jpg 1024w, https:\/\/unifranz.edu.bo\/wp-content\/uploads\/2023\/12\/feriapsicocontraviolencia-2-300x200.jpg 300w, https:\/\/unifranz.edu.bo\/wp-content\/uploads\/2023\/12\/feriapsicocontraviolencia-2-768x512.jpg 768w, https:\/\/unifranz.edu.bo\/wp-content\/uploads\/2023\/12\/feriapsicocontraviolencia-2-1536x1024.jpg 1536w, https:\/\/unifranz.edu.bo\/wp-content\/uploads\/2023\/12\/feriapsicocontraviolencia-2-2048x1365.jpg 2048w, https:\/\/unifranz.edu.bo\/wp-content\/uploads\/2023\/12\/feriapsicocontraviolencia-2-18x12.jpg 18w\" sizes=\"auto, (max-width: 545px) 100vw, 545px\" \/><figcaption id=\"caption-attachment-154588\" class=\"wp-caption-text\">Programa \u00abAmar Es Educar\u00bb &#8211; Feria contra la violencia<\/figcaption><\/figure>\n<p><span style=\"color: #000000;\">El aporte del Programa \u201ces directo ya que los padres y generaciones actuales tendr\u00e1n las habilidades y capacidades para trabajar con la personalidad de sus ni\u00f1os saber c\u00f3mo interactuar con ellos de igual forma, ya que las relaciones entre los miembros determinan valores, afectos, actitudes y modos de ser que se van asimilando desde el nacimiento. Es importante mencionar que estos temas influyen en la conducta y que muchas veces se transmiten de una generaci\u00f3n a otra\u201d, a\u00f1ade Exalto.<\/span><\/p>\n<p><span style=\"color: #000000;\">La brigada, conformada por estudiantes y docentes de la carrera de Psicolog\u00eda, realiza diversos talleres mensuales, a requerimiento de organizaciones y unidades educativas, de acuerdo a las necesidades que sus autoridades observan en el contexto de sus estudiantes y sus familias. Asimismo, organiza y participa en m\u00faltiples ferias enfocadas en salud mental, organizadas por diversas instituciones p\u00fablicas y privadas.<\/span><\/p>\n<p><span style=\"color: #000000;\">Estos esfuerzos han sido reconocidos por instituciones relevantes como el GAMEA: Unidad de la Juventud y la Red de Prevenci\u00f3n de Violencia Distrito 1 en El Alto, evidenciando as\u00ed el impacto positivo del programa en la sociedad. La importancia de estas actividades radica en mitigar enfermedades mentales que generan malestar y sufrimiento, adem\u00e1s de afectar el funcionamiento y la vida de las personas, sus relaciones familiares y laborales.<\/span><\/p>\n<figure id=\"attachment_154587\" aria-describedby=\"caption-attachment-154587\" style=\"width: 545px\" class=\"wp-caption aligncenter\"><img loading=\"lazy\" decoding=\"async\" class=\"wp-image-154587\" src=\"https:\/\/unifranz.edu.bo\/wp-content\/uploads\/2023\/12\/IMG_9833-1024x683.jpg\" alt=\"\" width=\"545\" height=\"364\" srcset=\"https:\/\/unifranz.edu.bo\/wp-content\/uploads\/2023\/12\/IMG_9833-1024x683.jpg 1024w, https:\/\/unifranz.edu.bo\/wp-content\/uploads\/2023\/12\/IMG_9833-300x200.jpg 300w, https:\/\/unifranz.edu.bo\/wp-content\/uploads\/2023\/12\/IMG_9833-768x512.jpg 768w, https:\/\/unifranz.edu.bo\/wp-content\/uploads\/2023\/12\/IMG_9833-1536x1024.jpg 1536w, https:\/\/unifranz.edu.bo\/wp-content\/uploads\/2023\/12\/IMG_9833-2048x1365.jpg 2048w, https:\/\/unifranz.edu.bo\/wp-content\/uploads\/2023\/12\/IMG_9833-18x12.jpg 18w\" sizes=\"auto, (max-width: 545px) 100vw, 545px\" \/><figcaption id=\"caption-attachment-154587\" class=\"wp-caption-text\">\u00abAmar Es Educar\u00bb &#8211; Psicolog\u00eda Unifranz El Alto<\/figcaption><\/figure>\n<p>&nbsp;<\/p>\n<p><span style=\"color: #000000;\"><strong>Aprender haciendo<\/strong><\/span><\/p>\n<p><span style=\"color: #000000;\">El programa no solo ha impactado directamente en la sociedad, sino que resalta el enfoque \u00abaprender haciendo\u00bb aplicado por Unifranz. Este es un pilar fundamental en la formaci\u00f3n de los futuros psic\u00f3logos porque, a partir de la experiencia pr\u00e1ctica directa con la sociedad, \u00a0enriquecen su preparaci\u00f3n y adquieren un alto nivel de competitividad en al complejo mercado laboral.<\/span><\/p>\n<p><span style=\"color: #000000;\">Mirando hacia el futuro, \u00abAmar es Educar\u00bb se propone seguir trabajando en pro de la salud mental en la gesti\u00f3n 2024, estableciendo nuevas redes con instituciones que tengan objetivos alineados con el programa. Este compromiso refleja la continuidad de un esfuerzo colectivo para mejorar la salud mental y el bienestar de la comunidad de El Alto.<\/span><\/p>","protected":false},"excerpt":{"rendered":"<p>El programa \u00abAmar es Educar\u00bb de la carrera de Psicolog\u00eda de la Universidad Franz Tamayo, Unifranz, contin\u00faa dejando huella en la ciudad, impactando positivamente en la salud mental de la comunidad de El Alto. Durante esta gesti\u00f3n, aproximadamente 2.000 personas, entre j\u00f3venes de 15 unidades educativas, padres de familia y la comunidad en general de &hellip; <a href=\"https:\/\/unifranz.edu.bo\/pt\/blog\/psicologia-de-unifranz-marca-huella-en-la-salud-mental-de-el-alto\/\">Continued<\/a><\/p>","protected":false},"author":25,"featured_media":154585,"comment_status":"open","ping_status":"open","sticky":false,"template":"","format":"standard","meta":{"_acf_changed":false,"footnotes":""},"categories":[60,2186,1862,1004,3142,2858,2388,2194,1782],"tags":[],"class_list":["post-154583","post","type-post","status-publish","format-standard","has-post-thumbnail","hentry","category-blog","category-carreras-es","category-educacion","category-estudiantes","category-informacion-es","category-innovacion-en-educacion","category-jovenes","category-psicologia","category-unifranz"],"acf":[],"_links":{"self":[{"href":"https:\/\/unifranz.edu.bo\/pt\/wp-json\/wp\/v2\/posts\/154583","targetHints":{"allow":["GET"]}}],"collection":[{"href":"https:\/\/unifranz.edu.bo\/pt\/wp-json\/wp\/v2\/posts"}],"about":[{"href":"https:\/\/unifranz.edu.bo\/pt\/wp-json\/wp\/v2\/types\/post"}],"author":[{"embeddable":true,"href":"https:\/\/unifranz.edu.bo\/pt\/wp-json\/wp\/v2\/users\/25"}],"replies":[{"embeddable":true,"href":"https:\/\/unifranz.edu.bo\/pt\/wp-json\/wp\/v2\/comments?post=154583"}],"version-history":[{"count":1,"href":"https:\/\/unifranz.edu.bo\/pt\/wp-json\/wp\/v2\/posts\/154583\/revisions"}],"predecessor-version":[{"id":154592,"href":"https:\/\/unifranz.edu.bo\/pt\/wp-json\/wp\/v2\/posts\/154583\/revisions\/154592"}],"wp:featuredmedia":[{"embeddable":true,"href":"https:\/\/unifranz.edu.bo\/pt\/wp-json\/wp\/v2\/media\/154585"}],"wp:attachment":[{"href":"https:\/\/unifranz.edu.bo\/pt\/wp-json\/wp\/v2\/media?parent=154583"}],"wp:term":[{"taxonomy":"category","embeddable":true,"href":"https:\/\/unifranz.edu.bo\/pt\/wp-json\/wp\/v2\/categories?post=154583"},{"taxonomy":"post_tag","embeddable":true,"href":"https:\/\/unifranz.edu.bo\/pt\/wp-json\/wp\/v2\/tags?post=154583"}],"curies":[{"name":"wp","href":"https:\/\/api.w.org\/{rel}","templated":true}]}}